{"id":92086,"date":"2019-09-06T19:40:58","date_gmt":"2019-09-06T17:40:58","guid":{"rendered":"http:\/\/www.tucomarca.com\/wordpress\/segunda\/?p=92086"},"modified":"2019-09-06T19:40:58","modified_gmt":"2019-09-06T17:40:58","slug":"egevasa-informa-de-talls-daigua-en-algunes-pedanies-de-requena-per-tasques-de-manteniment","status":"publish","type":"post","link":"https:\/\/tucomarca.whitekongsoftware.com\/ca\/egevasa-informa-de-talls-daigua-en-algunes-pedanies-de-requena-per-tasques-de-manteniment\/","title":{"rendered":"EGEVASA informa de talls d&#8217;aigua en algunes pedanies de Requena per tasques de manteniment"},"content":{"rendered":"<p>Segons ha comunicat l&#8217;Empresa General Valenciana de l&#8217;Aigua SA, EGEVASA, responsable de la gesti\u00f3 del Servei d&#8217;Aigua Potable i Clavegueram del municipi de Requena, d&#8217;acord amb el RD 140\/2003, de 7 de febrer, pel qual s&#8217;estableixen els criteris sanitaris de la qualitat d&#8217;aig\u00fces de consum hum\u00e0, es va a procedir a la neteja i desinfecci\u00f3 dels dip\u00f2sits:<\/p>\n<ul>\n<li>Dia 10 de Setembre de 2019, dip\u00f2sit de &#8220;Sant Josep 2&#8221; des del qual es proveeix a la urbanitzaci\u00f3 de Sant Josep ia la pedania del Rebollar. Es comunica que el servei d&#8217;abastament d&#8217;aigua potable quedar\u00e0 interromput des de la matinada del 9 al 10 de setembre i ser\u00e0 restablert a la major brevetat possible despr\u00e9s de la finalitzaci\u00f3 dels treballs.<\/li>\n<li>Dia 11 de Setembre de 2019, dip\u00f2sit de &#8220;Cases del Riu 1&#8221;, aquest dip\u00f2sit rep les aig\u00fces procedents del riu Cabriel per ser filtrades pel que aquesta intervenci\u00f3 no afectar\u00e0 al servei de la pedania de Cases del Riu.<\/li>\n<li>Dia 17 de setembre de 2019, dip\u00f2sit de &#8220;Els Pedrones&#8221;, des del qual es realitza el prove\u00efment a les pedn\u00edas de Los Pedrones i Fuen Vich. Es comunica que el servei d&#8217;abastament d&#8217;aigua potable quedar\u00e0 interromput des de la matinada del 16 al 17 de setembre i ser\u00e0 restablert a la major brevetat possible despr\u00e9s de la finalitzaci\u00f3 dels treballs.<\/li>\n<\/ul>\n","protected":false},"excerpt":{"rendered":"<div class=\"mh-excerpt\">Segons ha comunicat l&#8217;Empresa General Valenciana de l&#8217;Aigua SA, EGEVASA, responsable de la gesti\u00f3 del Servei d&#8217;Aigua Potable i Clavegueram del municipi de Requena, d&#8217;acord amb el RD 140\/2003, de 7 de febrer, pel qual <a class=\"mh-excerpt-more\" href=\"https:\/\/tucomarca.whitekongsoftware.com\/ca\/egevasa-informa-de-talls-daigua-en-algunes-pedanies-de-requena-per-tasques-de-manteniment\/\" title=\"EGEVASA informa de talls d&#8217;aigua en algunes pedanies de Requena per tasques de manteniment\">[+] <\/a><\/div>\n","protected":false},"author":1,"featured_media":71783,"comment_status":"open","ping_status":"open","sticky":false,"template":"","format":"standard","meta":{"footnotes":""},"categories":[10894,10904,10908,10909,10896],"tags":[11099,10910],"class_list":["post-92086","post","type-post","status-publish","format-standard","has-post-thumbnail","category-la-comarca-ca","category-sin-categorizar-ca","category-requena-ca","category-requena-utiel-ca","category-seccion-ca","tag-requena-ca","tag-requena-utiel-ca"],"_links":{"self":[{"href":"https:\/\/tucomarca.whitekongsoftware.com\/ca\/wp-json\/wp\/v2\/posts\/92086","targetHints":{"allow":["GET"]}}],"collection":[{"href":"https:\/\/tucomarca.whitekongsoftware.com\/ca\/wp-json\/wp\/v2\/posts"}],"about":[{"href":"https:\/\/tucomarca.whitekongsoftware.com\/ca\/wp-json\/wp\/v2\/types\/post"}],"author":[{"embeddable":true,"href":"https:\/\/tucomarca.whitekongsoftware.com\/ca\/wp-json\/wp\/v2\/users\/1"}],"replies":[{"embeddable":true,"href":"https:\/\/tucomarca.whitekongsoftware.com\/ca\/wp-json\/wp\/v2\/comments?post=92086"}],"version-history":[{"count":0,"href":"https:\/\/tucomarca.whitekongsoftware.com\/ca\/wp-json\/wp\/v2\/posts\/92086\/revisions"}],"wp:featuredmedia":[{"embeddable":true,"href":"https:\/\/tucomarca.whitekongsoftware.com\/ca\/wp-json\/wp\/v2\/media\/71783"}],"wp:attachment":[{"href":"https:\/\/tucomarca.whitekongsoftware.com\/ca\/wp-json\/wp\/v2\/media?parent=92086"}],"wp:term":[{"taxonomy":"category","embeddable":true,"href":"https:\/\/tucomarca.whitekongsoftware.com\/ca\/wp-json\/wp\/v2\/categories?post=92086"},{"taxonomy":"post_tag","embeddable":true,"href":"https:\/\/tucomarca.whitekongsoftware.com\/ca\/wp-json\/wp\/v2\/tags?post=92086"}],"curies":[{"name":"wp","href":"https:\/\/api.w.org\/{rel}","templated":true}]}}