{"id":92076,"date":"2019-09-06T19:45:48","date_gmt":"2019-09-06T17:45:48","guid":{"rendered":"http:\/\/www.tucomarca.com\/wordpress\/segunda\/?p=92076"},"modified":"2019-09-06T19:45:48","modified_gmt":"2019-09-06T17:45:48","slug":"la-responsable-de-larea-de-benestar-social-i-qualitat-democratica-de-la-diputacio-pilar-sarrion-visita-les-instal%c2%b7lacions-de-lhospital-psiquiatric-de-betera-i-lhospital-general","status":"publish","type":"post","link":"https:\/\/tucomarca.whitekongsoftware.com\/ca\/la-responsable-de-larea-de-benestar-social-i-qualitat-democratica-de-la-diputacio-pilar-sarrion-visita-les-instal%c2%b7lacions-de-lhospital-psiquiatric-de-betera-i-lhospital-general\/","title":{"rendered":"La responsable de l&#8217;\u00e0rea de Benestar Social i Qualitat Democr\u00e0tica de la Diputaci\u00f3, Pilar Sarri\u00f3n, visita les instal\u00b7lacions de l&#8217;Hospital Psiqui\u00e0tric de B\u00e9tera i l&#8217;Hospital General"},"content":{"rendered":"<figure id=\"attachment_92065\" aria-describedby=\"caption-attachment-92065\" style=\"width: 489px\" class=\"wp-caption alignleft\"><img loading=\"lazy\" decoding=\"async\" class=\" wp-image-92065\" src=\"http:\/\/www.tucomarca.com\/wordpress\/segunda\/wp-content\/uploads\/2019\/09\/Diputada_eq_direcHGUV.jpg\" alt=\"La diputada Pilar Sarri\u00f3n con el equipo directivo HGUV.\" width=\"489\" height=\"326\" srcset=\"https:\/\/tucomarca.whitekongsoftware.com\/wp-content\/uploads\/2019\/09\/Diputada_eq_direcHGUV.jpg 1728w, https:\/\/tucomarca.whitekongsoftware.com\/wp-content\/uploads\/2019\/09\/Diputada_eq_direcHGUV-300x200.jpg 300w, https:\/\/tucomarca.whitekongsoftware.com\/wp-content\/uploads\/2019\/09\/Diputada_eq_direcHGUV-768x512.jpg 768w, https:\/\/tucomarca.whitekongsoftware.com\/wp-content\/uploads\/2019\/09\/Diputada_eq_direcHGUV-1024x683.jpg 1024w\" sizes=\"auto, (max-width: 489px) 100vw, 489px\" \/><figcaption id=\"caption-attachment-92065\" class=\"wp-caption-text\">La diputada Pilar Sarri\u00f3n amb\u00a0el equip directiu HGUV.<\/figcaption><\/figure>\n<p>La coordinadora de l&#8217;\u00e0rea de Benestar Social i Qualitat Democr\u00e0tica de la Diputaci\u00f3 de Val\u00e8ncia i diputada de Benestar i Salut P\u00fablica, Pilar Sarri\u00f3n, s&#8217;ha reunit aquest dijous amb els responsables de l&#8217;Hospital Psiqui\u00e0tric de B\u00e9tera i l&#8217;Hospital General, en sengles sessions de treball en les quals ha pogut con\u00e9ixer la situaci\u00f3 actual d&#8217;aquests centres dependents de la corporaci\u00f3 provincial.<\/p>\n<p>Sarri\u00f3n ha visitat en primer lloc l&#8217;Hospital Psiqui\u00e0tric de B\u00e9tera i ha recorregut les seues depend\u00e8ncies al costat del gerent, Manel Tobed, i el director d&#8217;Infermeria, Toni Pla. A continuaci\u00f3, la diputada s&#8217;ha despla\u00e7at a l&#8217;Hospital General, on s&#8217;ha reunit amb el gerent del Consorci Hospital General Universitari de Val\u00e8ncia, Enrique Ortega, abans de con\u00e9ixer a l&#8217;equip directiu de l&#8217;hospital.<span class=\"Apple-converted-space\">\u00a0<\/span><\/p>\n","protected":false},"excerpt":{"rendered":"<div class=\"mh-excerpt\">La coordinadora de l&#8217;\u00e0rea de Benestar Social i Qualitat Democr\u00e0tica de la Diputaci\u00f3 de Val\u00e8ncia i diputada de Benestar i Salut P\u00fablica, Pilar Sarri\u00f3n, s&#8217;ha reunit aquest dijous amb els responsables de l&#8217;Hospital Psiqui\u00e0tric de <a class=\"mh-excerpt-more\" href=\"https:\/\/tucomarca.whitekongsoftware.com\/ca\/la-responsable-de-larea-de-benestar-social-i-qualitat-democratica-de-la-diputacio-pilar-sarrion-visita-les-instal%c2%b7lacions-de-lhospital-psiquiatric-de-betera-i-lhospital-general\/\" title=\"La responsable de l&#8217;\u00e0rea de Benestar Social i Qualitat Democr\u00e0tica de la Diputaci\u00f3, Pilar Sarri\u00f3n, visita les instal\u00b7lacions de l&#8217;Hospital Psiqui\u00e0tric de B\u00e9tera i l&#8217;Hospital General\">[+] <\/a><\/div>\n","protected":false},"author":2,"featured_media":92066,"comment_status":"open","ping_status":"open","sticky":false,"template":"","format":"standard","meta":{"footnotes":""},"categories":[10937,10892,11010,10898,10894,10896],"tags":[11246],"class_list":["post-92076","post","type-post","status-publish","format-standard","has-post-thumbnail","category-betera-ca","category-camp-de-turia-ca","category-canal-salud","category-ventana-ca","category-la-comarca-ca","category-seccion-ca","tag-diputacio-de-valencia-ca"],"_links":{"self":[{"href":"https:\/\/tucomarca.whitekongsoftware.com\/ca\/wp-json\/wp\/v2\/posts\/92076","targetHints":{"allow":["GET"]}}],"collection":[{"href":"https:\/\/tucomarca.whitekongsoftware.com\/ca\/wp-json\/wp\/v2\/posts"}],"about":[{"href":"https:\/\/tucomarca.whitekongsoftware.com\/ca\/wp-json\/wp\/v2\/types\/post"}],"author":[{"embeddable":true,"href":"https:\/\/tucomarca.whitekongsoftware.com\/ca\/wp-json\/wp\/v2\/users\/2"}],"replies":[{"embeddable":true,"href":"https:\/\/tucomarca.whitekongsoftware.com\/ca\/wp-json\/wp\/v2\/comments?post=92076"}],"version-history":[{"count":0,"href":"https:\/\/tucomarca.whitekongsoftware.com\/ca\/wp-json\/wp\/v2\/posts\/92076\/revisions"}],"wp:featuredmedia":[{"embeddable":true,"href":"https:\/\/tucomarca.whitekongsoftware.com\/ca\/wp-json\/wp\/v2\/media\/92066"}],"wp:attachment":[{"href":"https:\/\/tucomarca.whitekongsoftware.com\/ca\/wp-json\/wp\/v2\/media?parent=92076"}],"wp:term":[{"taxonomy":"category","embeddable":true,"href":"https:\/\/tucomarca.whitekongsoftware.com\/ca\/wp-json\/wp\/v2\/categories?post=92076"},{"taxonomy":"post_tag","embeddable":true,"href":"https:\/\/tucomarca.whitekongsoftware.com\/ca\/wp-json\/wp\/v2\/tags?post=92076"}],"curies":[{"name":"wp","href":"https:\/\/api.w.org\/{rel}","templated":true}]}}