{"id":91912,"date":"2019-09-04T18:00:15","date_gmt":"2019-09-04T16:00:15","guid":{"rendered":"http:\/\/www.tucomarca.com\/wordpress\/segunda\/?p=91912"},"modified":"2019-09-04T18:00:15","modified_gmt":"2019-09-04T16:00:15","slug":"el-prya-se-suma-a-la-manifestacio-pels-baixos-preus-del-raim-per-a-vi-i-cava","status":"publish","type":"post","link":"https:\/\/tucomarca.whitekongsoftware.com\/ca\/el-prya-se-suma-a-la-manifestacio-pels-baixos-preus-del-raim-per-a-vi-i-cava\/","title":{"rendered":"El PRyA se suma a la manifestaci\u00f3 pels baixos preus del ra\u00efm per a vi i cava"},"content":{"rendered":"<p>Des del Partit de Requena i Llogarets ens sumem a la manifestaci\u00f3 del dia 5 de setembre pels baixos preus del ra\u00efm per a vi i cava convocada pels sindicats agraris.<\/p>\n<p>Des de la nostra posici\u00f3 com a partit pol\u00edtic d&#8217;\u00e0mbit local i exclusiu de Requena, volem aportar el nostre esfor\u00e7 a aquestes reivindicacions dels agricultors com no podia ser d&#8217;una altra manera.<\/p>\n<p>L&#8217;amena\u00e7a d&#8217;una gran baixada dels preus del ra\u00efm per a cava i la constant crisi del sector vitivin\u00edcola en el seu conjunt, amb uns preus que no arriben als costos de producci\u00f3, fan que la situaci\u00f3 econ\u00f2mica dels agricultors pugui ser en breu insostenible i , per extensi\u00f3, la del conjunt de l&#8217;economia de la nostra zona.<\/p>\n<p>De tots \u00e9s sabut que les caracter\u00edstiques del municipi de Requena com el m\u00e9s extens de la Comunitat Valenciana, amb els 814&#8217;21 km. quadrats fan que el nostre motor econ\u00f2mic sigui l&#8217;agricultura i \u00e9s per aix\u00f2 que tota l&#8217;economia local gira entorn de la mateixa, \u00e9s a dir, si l&#8217;agricultor perd perdem tots, \u00e9s per aix\u00f2 que des del PRyA animem a tota la societat requenense a sumar-se a aquesta manifestaci\u00f3 pel b\u00e9 de tota la nostra comarca.<\/p>\n<p>Des del Partit de Requena i Llogarets tamb\u00e9 fem una crida a la resta de formacions pol\u00edtiques de la comarca perqu\u00e8 estiguin presents el proper dia 5 al costat dels agricultors, sense lemes i sense banderes, ja que l&#8217;objectiu de tots els assistents a la mateixa ha de ser el dels agricultors i amb l&#8217;\u00fanic prop\u00f2sit de sumar esfor\u00e7os per aconseguir els objectius de la manifestaci\u00f3.<\/p>\n<p>El nostre desig \u00e9s que el proper dia 5 de setembre a Requena sigui un \u00e8xit total, pel que animem, un cop m\u00e9s, a tota la societat requenense a sumar-se a la manifestaci\u00f3.<\/p>\n","protected":false},"excerpt":{"rendered":"<div class=\"mh-excerpt\">Des del Partit de Requena i Llogarets ens sumem a la manifestaci\u00f3 del dia 5 de setembre pels baixos preus del ra\u00efm per a vi i cava convocada pels sindicats agraris. Des de la nostra <a class=\"mh-excerpt-more\" href=\"https:\/\/tucomarca.whitekongsoftware.com\/ca\/el-prya-se-suma-a-la-manifestacio-pels-baixos-preus-del-raim-per-a-vi-i-cava\/\" title=\"El PRyA se suma a la manifestaci\u00f3 pels baixos preus del ra\u00efm per a vi i cava\">[+] <\/a><\/div>\n","protected":false},"author":1,"featured_media":91910,"comment_status":"open","ping_status":"open","sticky":false,"template":"","format":"standard","meta":{"footnotes":""},"categories":[11006,10894,10908,10909,10896],"tags":[11099,10910],"class_list":["post-91912","post","type-post","status-publish","format-standard","has-post-thumbnail","category-canal-vinos","category-la-comarca-ca","category-requena-ca","category-requena-utiel-ca","category-seccion-ca","tag-requena-ca","tag-requena-utiel-ca"],"_links":{"self":[{"href":"https:\/\/tucomarca.whitekongsoftware.com\/ca\/wp-json\/wp\/v2\/posts\/91912","targetHints":{"allow":["GET"]}}],"collection":[{"href":"https:\/\/tucomarca.whitekongsoftware.com\/ca\/wp-json\/wp\/v2\/posts"}],"about":[{"href":"https:\/\/tucomarca.whitekongsoftware.com\/ca\/wp-json\/wp\/v2\/types\/post"}],"author":[{"embeddable":true,"href":"https:\/\/tucomarca.whitekongsoftware.com\/ca\/wp-json\/wp\/v2\/users\/1"}],"replies":[{"embeddable":true,"href":"https:\/\/tucomarca.whitekongsoftware.com\/ca\/wp-json\/wp\/v2\/comments?post=91912"}],"version-history":[{"count":0,"href":"https:\/\/tucomarca.whitekongsoftware.com\/ca\/wp-json\/wp\/v2\/posts\/91912\/revisions"}],"wp:featuredmedia":[{"embeddable":true,"href":"https:\/\/tucomarca.whitekongsoftware.com\/ca\/wp-json\/wp\/v2\/media\/91910"}],"wp:attachment":[{"href":"https:\/\/tucomarca.whitekongsoftware.com\/ca\/wp-json\/wp\/v2\/media?parent=91912"}],"wp:term":[{"taxonomy":"category","embeddable":true,"href":"https:\/\/tucomarca.whitekongsoftware.com\/ca\/wp-json\/wp\/v2\/categories?post=91912"},{"taxonomy":"post_tag","embeddable":true,"href":"https:\/\/tucomarca.whitekongsoftware.com\/ca\/wp-json\/wp\/v2\/tags?post=91912"}],"curies":[{"name":"wp","href":"https:\/\/api.w.org\/{rel}","templated":true}]}}