{"id":91242,"date":"2019-08-24T19:31:45","date_gmt":"2019-08-24T17:31:45","guid":{"rendered":"http:\/\/www.tucomarca.com\/wordpress\/segunda\/?p=91242"},"modified":"2019-08-24T19:31:45","modified_gmt":"2019-08-24T17:31:45","slug":"recicla-bombetes-i-guanya-regals-durant-leixida-de-la-volta-a-leliana","status":"publish","type":"post","link":"https:\/\/tucomarca.whitekongsoftware.com\/ca\/recicla-bombetes-i-guanya-regals-durant-leixida-de-la-volta-a-leliana\/","title":{"rendered":"Recicla bombetes i guanya regals durant l&#8217;eixida de La Volta a l&#8217;Eliana"},"content":{"rendered":"<p>El proper dimecres 28 d&#8217;agost, l&#8217;Eliana ser\u00e0 seu de l&#8217;eixida de la 5a etapa de La Volta Ciclista a Espanya 2019. A partir de les 10.30 hores, el municipi s&#8217;impregnar\u00e0 d&#8217;oci, m\u00fasica, instal\u00b7lacions i diferents activitats que ompliran de vida els carrers.<\/p>\n<p>Per aquest motiu, l&#8217;associaci\u00f3 Ambilamp montar\u00e0 un estand per a la conscienciaci\u00f3 sobre el reciclatge de bombetes de 10.45 a 12.50 hores en l&#8217;Avinguda de les Corts Valencianes. Aquesta entitat, que porta essent patrocinadora de La Volta des de 2010, \u00e9s una associaci\u00f3 sense \u00e0nim de lucre dedicada al reciclatge de llums i llumin\u00e0ries que ha portat a reciclar m\u00e9s de 200 milions a Espanya des de 2005.<\/p>\n<p>Tots els ciutadans i ciutadanes que porten a l&#8217;estand d\u2019Ambilamp bombetes o fluorescents fosos rebran un regal segur i l&#8217;oportunitat de participar en el sorteig d&#8217;un rellotge AppleWatch. Una de les condicions per a participar en el sorteig del rellotge ser\u00e0 enviar una fotografia del participant reciclant una bombeta en el contenidor d\u2019Ambilamp.<\/p>\n<p>Aquesta associaci\u00f3 reuneix les principals empreses d&#8217;il\u00b7luminaci\u00f3 amb l&#8217;objectiu de desenvolupar un sistema de recollida i tractament de residus de llums i llumin\u00e0ries. \u00c9s una iniciativa important i necess\u00e0ria per a conscienciar a les persones sobre la import\u00e0ncia del reciclatge.<\/p>\n","protected":false},"excerpt":{"rendered":"<div class=\"mh-excerpt\">El proper dimecres 28 d&#8217;agost, l&#8217;Eliana ser\u00e0 seu de l&#8217;eixida de la 5a etapa de La Volta Ciclista a Espanya 2019. A partir de les 10.30 hores, el municipi s&#8217;impregnar\u00e0 d&#8217;oci, m\u00fasica, instal\u00b7lacions i diferents <a class=\"mh-excerpt-more\" href=\"https:\/\/tucomarca.whitekongsoftware.com\/ca\/recicla-bombetes-i-guanya-regals-durant-leixida-de-la-volta-a-leliana\/\" title=\"Recicla bombetes i guanya regals durant l&#8217;eixida de La Volta a l&#8217;Eliana\">[+] <\/a><\/div>\n","protected":false},"author":1,"featured_media":91240,"comment_status":"open","ping_status":"open","sticky":false,"template":"","format":"standard","meta":{"footnotes":""},"categories":[10892,10894,10893,10896],"tags":[10899,11172],"class_list":["post-91242","post","type-post","status-publish","format-standard","has-post-thumbnail","category-camp-de-turia-ca","category-la-comarca-ca","category-leliana-ca","category-seccion-ca","tag-camp-de-turia-ca","tag-leliana-ca-2"],"_links":{"self":[{"href":"https:\/\/tucomarca.whitekongsoftware.com\/ca\/wp-json\/wp\/v2\/posts\/91242","targetHints":{"allow":["GET"]}}],"collection":[{"href":"https:\/\/tucomarca.whitekongsoftware.com\/ca\/wp-json\/wp\/v2\/posts"}],"about":[{"href":"https:\/\/tucomarca.whitekongsoftware.com\/ca\/wp-json\/wp\/v2\/types\/post"}],"author":[{"embeddable":true,"href":"https:\/\/tucomarca.whitekongsoftware.com\/ca\/wp-json\/wp\/v2\/users\/1"}],"replies":[{"embeddable":true,"href":"https:\/\/tucomarca.whitekongsoftware.com\/ca\/wp-json\/wp\/v2\/comments?post=91242"}],"version-history":[{"count":0,"href":"https:\/\/tucomarca.whitekongsoftware.com\/ca\/wp-json\/wp\/v2\/posts\/91242\/revisions"}],"wp:featuredmedia":[{"embeddable":true,"href":"https:\/\/tucomarca.whitekongsoftware.com\/ca\/wp-json\/wp\/v2\/media\/91240"}],"wp:attachment":[{"href":"https:\/\/tucomarca.whitekongsoftware.com\/ca\/wp-json\/wp\/v2\/media?parent=91242"}],"wp:term":[{"taxonomy":"category","embeddable":true,"href":"https:\/\/tucomarca.whitekongsoftware.com\/ca\/wp-json\/wp\/v2\/categories?post=91242"},{"taxonomy":"post_tag","embeddable":true,"href":"https:\/\/tucomarca.whitekongsoftware.com\/ca\/wp-json\/wp\/v2\/tags?post=91242"}],"curies":[{"name":"wp","href":"https:\/\/api.w.org\/{rel}","templated":true}]}}