{"id":91235,"date":"2019-08-24T19:37:12","date_gmt":"2019-08-24T17:37:12","guid":{"rendered":"http:\/\/www.tucomarca.com\/wordpress\/segunda\/?p=91235"},"modified":"2019-08-24T19:37:12","modified_gmt":"2019-08-24T17:37:12","slug":"el-prego-anunciador-i-lencesa-del-portic-de-llums-fan-oficial-el-comencament-de-la-fira-2019","status":"publish","type":"post","link":"https:\/\/tucomarca.whitekongsoftware.com\/ca\/el-prego-anunciador-i-lencesa-del-portic-de-llums-fan-oficial-el-comencament-de-la-fira-2019\/","title":{"rendered":"El preg\u00f3 anunciador i l&#8217;encesa del p\u00f2rtic de llums fan oficial el comen\u00e7ament de la Fira 2019"},"content":{"rendered":"<figure id=\"attachment_91232\" aria-describedby=\"caption-attachment-91232\" style=\"width: 421px\" class=\"wp-caption alignleft\"><img loading=\"lazy\" decoding=\"async\" class=\" wp-image-91232\" src=\"http:\/\/www.tucomarca.com\/wordpress\/segunda\/wp-content\/uploads\/2019\/08\/FiestasRequena.jpg\" alt=\"La Feria 2019 se prolongar\u00e1 hasta el pr\u00f3ximo lunes 26 de agosto, momento en el que la LXXII edici\u00f3n de la Fiesta de la Vendimia tomar\u00e1 el relevo.\" width=\"421\" height=\"281\" srcset=\"https:\/\/tucomarca.whitekongsoftware.com\/wp-content\/uploads\/2019\/08\/FiestasRequena.jpg 5184w, https:\/\/tucomarca.whitekongsoftware.com\/wp-content\/uploads\/2019\/08\/FiestasRequena-300x200.jpg 300w, https:\/\/tucomarca.whitekongsoftware.com\/wp-content\/uploads\/2019\/08\/FiestasRequena-768x512.jpg 768w, https:\/\/tucomarca.whitekongsoftware.com\/wp-content\/uploads\/2019\/08\/FiestasRequena-1024x683.jpg 1024w\" sizes=\"auto, (max-width: 421px) 100vw, 421px\" \/><figcaption id=\"caption-attachment-91232\" class=\"wp-caption-text\">La Fira 2019 es prolongar\u00e0 fins al pr\u00f2xim dilluns 26 d&#8217;agost, moment en el qual la LXXII edici\u00f3 de la Festa de la Verema prendr\u00e0 el relleu.<\/figcaption><\/figure>\n<p>L&#8217;ajudant de direcci\u00f3 Juli\u00e1n N\u00fa\u00f1ez S\u00e1nchez ha donat aquesta tarda lectura del preg\u00f3 anunciador de la Fira de Requena, fent oficial l&#8217;inici d&#8217;aquesta, que es prolongar\u00e0 fins al pr\u00f2xim dilluns 26 d&#8217;agost.<\/p>\n<p>El pregoner d&#8217;enguany ha estat acompanyat a l&#8217;escenari del Teatre Principal de Requena per la regidora de Fira i Festes, Maria Jos\u00e9 Arroyo i l&#8217;alcalde de Requena, Mario S\u00e1nchez. L&#8217;acte, que s&#8217;ha celebrat a les 20 hores a Teatre Principal causa de les inclem\u00e8ncies meteorol\u00f2giques, ha congregat a un gran nombre de persones que s&#8217;han acostat fins a aquest emblem\u00e0tic lloc, per presenciar l&#8217;inici de la seva esperada fira.<\/p>\n<p>Mar\u00eda Jos\u00e9 Arroyo en el seu discurs ha agra\u00eft el treball de totes les associacions que, amb la seva tasca desinteressada, tiren endavant aquests dies de festes, i ha convidat a tot el p\u00fablic a participar i gaudir el m\u00e0xim d&#8217;aquesta Fira i Festes, ja que es fan perseguint aquest fi.<\/p>\n<p>Posteriorment, s&#8217;ha celebrat una desfilada per l&#8217;Avinguda Raval, que ha concl\u00f2s en el Reial de la Fira, on s&#8217;ha procedit a la inauguraci\u00f3 oficial de la Fira 2019 i l&#8217;encesa de l&#8217;escut de Requena.<\/p>\n<p>L&#8217;encesa del p\u00f2rtic situat al final de l&#8217;Avinguda de Raval, que d\u00f3na acc\u00e9s al Recinte Firal, ha reunit autoritats, representants de la LXXII Festa de la Verema, membres d&#8217;associacions i entitats requenenses ia un gran p\u00fablic format per ve\u00efns i ve\u00efnes de Requena. En acabar l&#8217;acte, s&#8217;han disparat traques i trons aeris.<\/p>\n<p>La Fira 2019 es prolongar\u00e0 fins al pr\u00f2xim dilluns 26 d&#8217;agost, moment en el qual la LXXII edici\u00f3 de la Festa de la Verema prendr\u00e0 el relleu.<\/p>\n","protected":false},"excerpt":{"rendered":"<div class=\"mh-excerpt\">L&#8217;ajudant de direcci\u00f3 Juli\u00e1n N\u00fa\u00f1ez S\u00e1nchez ha donat aquesta tarda lectura del preg\u00f3 anunciador de la Fira de Requena, fent oficial l&#8217;inici d&#8217;aquesta, que es prolongar\u00e0 fins al pr\u00f2xim dilluns 26 d&#8217;agost. El pregoner d&#8217;enguany <a class=\"mh-excerpt-more\" href=\"https:\/\/tucomarca.whitekongsoftware.com\/ca\/el-prego-anunciador-i-lencesa-del-portic-de-llums-fan-oficial-el-comencament-de-la-fira-2019\/\" title=\"El preg\u00f3 anunciador i l&#8217;encesa del p\u00f2rtic de llums fan oficial el comen\u00e7ament de la Fira 2019\">[+] <\/a><\/div>\n","protected":false},"author":1,"featured_media":91233,"comment_status":"open","ping_status":"open","sticky":false,"template":"","format":"standard","meta":{"footnotes":""},"categories":[10898,11004,11008,10908,10909,10896],"tags":[11099,10910],"class_list":["post-91235","post","type-post","status-publish","format-standard","has-post-thumbnail","category-ventana-ca","category-la-semana-en-imagenes-ca","category-pueblos-en-fiestas-ca","category-requena-ca","category-requena-utiel-ca","category-seccion-ca","tag-requena-ca","tag-requena-utiel-ca"],"_links":{"self":[{"href":"https:\/\/tucomarca.whitekongsoftware.com\/ca\/wp-json\/wp\/v2\/posts\/91235","targetHints":{"allow":["GET"]}}],"collection":[{"href":"https:\/\/tucomarca.whitekongsoftware.com\/ca\/wp-json\/wp\/v2\/posts"}],"about":[{"href":"https:\/\/tucomarca.whitekongsoftware.com\/ca\/wp-json\/wp\/v2\/types\/post"}],"author":[{"embeddable":true,"href":"https:\/\/tucomarca.whitekongsoftware.com\/ca\/wp-json\/wp\/v2\/users\/1"}],"replies":[{"embeddable":true,"href":"https:\/\/tucomarca.whitekongsoftware.com\/ca\/wp-json\/wp\/v2\/comments?post=91235"}],"version-history":[{"count":0,"href":"https:\/\/tucomarca.whitekongsoftware.com\/ca\/wp-json\/wp\/v2\/posts\/91235\/revisions"}],"wp:featuredmedia":[{"embeddable":true,"href":"https:\/\/tucomarca.whitekongsoftware.com\/ca\/wp-json\/wp\/v2\/media\/91233"}],"wp:attachment":[{"href":"https:\/\/tucomarca.whitekongsoftware.com\/ca\/wp-json\/wp\/v2\/media?parent=91235"}],"wp:term":[{"taxonomy":"category","embeddable":true,"href":"https:\/\/tucomarca.whitekongsoftware.com\/ca\/wp-json\/wp\/v2\/categories?post=91235"},{"taxonomy":"post_tag","embeddable":true,"href":"https:\/\/tucomarca.whitekongsoftware.com\/ca\/wp-json\/wp\/v2\/tags?post=91235"}],"curies":[{"name":"wp","href":"https:\/\/api.w.org\/{rel}","templated":true}]}}