{"id":91048,"date":"2019-08-22T23:09:43","date_gmt":"2019-08-22T21:09:43","guid":{"rendered":"http:\/\/www.tucomarca.com\/wordpress\/segunda\/?p=91048"},"modified":"2019-08-22T23:09:43","modified_gmt":"2019-08-22T21:09:43","slug":"vilamarxant-crea-un-punt-violeta-durant-les-festes-per-a-lluitar-contra-la-violencia-de-genere","status":"publish","type":"post","link":"https:\/\/tucomarca.whitekongsoftware.com\/ca\/vilamarxant-crea-un-punt-violeta-durant-les-festes-per-a-lluitar-contra-la-violencia-de-genere\/","title":{"rendered":"Vilamarxant crea un Punt Violeta durant les festes per a lluitar contra la viol\u00e8ncia de g\u00e8nere"},"content":{"rendered":"<figure id=\"attachment_91045\" aria-describedby=\"caption-attachment-91045\" style=\"width: 372px\" class=\"wp-caption alignleft\"><img loading=\"lazy\" decoding=\"async\" class=\" wp-image-91045\" src=\"http:\/\/www.tucomarca.com\/wordpress\/segunda\/wp-content\/uploads\/2019\/08\/CARTELL_PUNT_VIOLETA_VILAMARXANT.png\" alt=\"La Concejal\u00eda de Igualdad del Ayuntamiento de Vilamarxant ha creado un Punto Violeta durante las fiestas patronales para luchar contra la violencia de g\u00e9nero en la localidad del Camp de T\u00faria.\" width=\"372\" height=\"526\" srcset=\"https:\/\/tucomarca.whitekongsoftware.com\/wp-content\/uploads\/2019\/08\/CARTELL_PUNT_VIOLETA_VILAMARXANT.png 1587w, https:\/\/tucomarca.whitekongsoftware.com\/wp-content\/uploads\/2019\/08\/CARTELL_PUNT_VIOLETA_VILAMARXANT-212x300.png 212w, https:\/\/tucomarca.whitekongsoftware.com\/wp-content\/uploads\/2019\/08\/CARTELL_PUNT_VIOLETA_VILAMARXANT-768x1086.png 768w, https:\/\/tucomarca.whitekongsoftware.com\/wp-content\/uploads\/2019\/08\/CARTELL_PUNT_VIOLETA_VILAMARXANT-724x1024.png 724w, https:\/\/tucomarca.whitekongsoftware.com\/wp-content\/uploads\/2019\/08\/CARTELL_PUNT_VIOLETA_VILAMARXANT-1024x1449.png 1024w\" sizes=\"auto, (max-width: 372px) 100vw, 372px\" \/><figcaption id=\"caption-attachment-91045\" class=\"wp-caption-text\">La Regidoria d&#8217;Igualtat de l&#8217;Ajuntament de Vilamarxant ha creat un Punt Violeta durant les festes patronals per a lluitar contra la viol\u00e8ncia de g\u00e8nere en la localitat del Camp de T\u00faria.<\/figcaption><\/figure>\n<p>La Regidoria d&#8217;Igualtat de l&#8217;Ajuntament de Vilamarxant ha creat un Punt Violeta durant les festes patronals per a lluitar contra la viol\u00e8ncia de g\u00e8nere en la localitat del Camp de T\u00faria.<\/p>\n<p>El Punt Violeta s&#8217;instal\u00b7lar\u00e0 el pr\u00f2xim 24 d&#8217;agost a l&#8217;esplanada de l&#8217;Institut<\/p>\n<p>en el marc de les festes de Vilamarxant durant l&#8217;actuaci\u00f3 de l&#8217;orquestra La Fiesta.<\/p>\n<p>Els punts violeta s\u00f3n els espais en els quals es pot atendre, informar i ajudar qualsevol v\u00edctima d&#8217;un episodi d&#8217;esta \u00edndole. S\u00f3n llocs p\u00fablics de sensibilitzaci\u00f3 i prevenci\u00f3 ciutadana.<\/p>\n<p>El Consistori de Vilamarxant pret\u00e9n, d&#8217;esta forma, incrementar la seguretat per al p\u00fablic assistent i conscienciar tant als ve\u00efns com als visitants perqu\u00e8 disfruten les festes amb seguretat, respecte i harmonia.<\/p>\n<p>Mar\u00eda Elena Cortell, regidora de l&#8217;\u00c0rea d&#8217;Educaci\u00f3, Benestar Social, Pol\u00edtiques d\u2019Igualtat i Sanitat, va explicar el comprom\u00eds de Vilamarxant en la lluita contra la viol\u00e8ncia sexista.<\/p>\n<p>\u201cHem de fomentar i conscienciar a la societat perqu\u00e8 la igualtat de g\u00e8nere siga una realitat en tots els \u00e0mbits. I la instal\u00b7laci\u00f3 d&#8217;un punt violeta en les festes \u00e9s una eina m\u00e9s per a aconseguir-ho\u201d, va indicar la regidora.<\/p>\n<p>\u201cEl punt violeta ens permetr\u00e0 tindre unes festes m\u00e9s segures i respectuoses amb tots\u201d, va concloure Elena Cortell.<\/p>\n<p>Esta iniciativa forma part de les accions que est\u00e0 desenvolupant la Regidoria d&#8217;Igualtat de Vilamarxant en el marc del Pacte d&#8217;Estat contra la Viol\u00e8ncia de G\u00e8nere, en el qual es concentren un gran nombre d&#8217;institucions, organitzacions i persones expertes en la formulaci\u00f3 de mesures per a l&#8217;erradicaci\u00f3 de la viol\u00e8ncia contra les dones.<\/p>\n","protected":false},"excerpt":{"rendered":"<div class=\"mh-excerpt\">La Regidoria d&#8217;Igualtat de l&#8217;Ajuntament de Vilamarxant ha creat un Punt Violeta durant les festes patronals per a lluitar contra la viol\u00e8ncia de g\u00e8nere en la localitat del Camp de T\u00faria. El Punt Violeta s&#8217;instal\u00b7lar\u00e0 <a class=\"mh-excerpt-more\" href=\"https:\/\/tucomarca.whitekongsoftware.com\/ca\/vilamarxant-crea-un-punt-violeta-durant-les-festes-per-a-lluitar-contra-la-violencia-de-genere\/\" title=\"Vilamarxant crea un Punt Violeta durant les festes per a lluitar contra la viol\u00e8ncia de g\u00e8nere\">[+] <\/a><\/div>\n","protected":false},"author":1,"featured_media":91046,"comment_status":"open","ping_status":"open","sticky":false,"template":"","format":"standard","meta":{"footnotes":""},"categories":[10892,10894,10896,10927],"tags":[10899,11090],"class_list":["post-91048","post","type-post","status-publish","format-standard","has-post-thumbnail","category-camp-de-turia-ca","category-la-comarca-ca","category-seccion-ca","category-vilamarxant-ca","tag-camp-de-turia-ca","tag-vilamarxant-ca"],"_links":{"self":[{"href":"https:\/\/tucomarca.whitekongsoftware.com\/ca\/wp-json\/wp\/v2\/posts\/91048","targetHints":{"allow":["GET"]}}],"collection":[{"href":"https:\/\/tucomarca.whitekongsoftware.com\/ca\/wp-json\/wp\/v2\/posts"}],"about":[{"href":"https:\/\/tucomarca.whitekongsoftware.com\/ca\/wp-json\/wp\/v2\/types\/post"}],"author":[{"embeddable":true,"href":"https:\/\/tucomarca.whitekongsoftware.com\/ca\/wp-json\/wp\/v2\/users\/1"}],"replies":[{"embeddable":true,"href":"https:\/\/tucomarca.whitekongsoftware.com\/ca\/wp-json\/wp\/v2\/comments?post=91048"}],"version-history":[{"count":0,"href":"https:\/\/tucomarca.whitekongsoftware.com\/ca\/wp-json\/wp\/v2\/posts\/91048\/revisions"}],"wp:featuredmedia":[{"embeddable":true,"href":"https:\/\/tucomarca.whitekongsoftware.com\/ca\/wp-json\/wp\/v2\/media\/91046"}],"wp:attachment":[{"href":"https:\/\/tucomarca.whitekongsoftware.com\/ca\/wp-json\/wp\/v2\/media?parent=91048"}],"wp:term":[{"taxonomy":"category","embeddable":true,"href":"https:\/\/tucomarca.whitekongsoftware.com\/ca\/wp-json\/wp\/v2\/categories?post=91048"},{"taxonomy":"post_tag","embeddable":true,"href":"https:\/\/tucomarca.whitekongsoftware.com\/ca\/wp-json\/wp\/v2\/tags?post=91048"}],"curies":[{"name":"wp","href":"https:\/\/api.w.org\/{rel}","templated":true}]}}