{"id":90980,"date":"2019-08-20T19:41:11","date_gmt":"2019-08-20T17:41:11","guid":{"rendered":"http:\/\/www.tucomarca.com\/wordpress\/segunda\/?p=90980"},"modified":"2019-08-20T19:41:11","modified_gmt":"2019-08-20T17:41:11","slug":"el-mentalista-toni-pons-actua-aquesta-nit-al-palacio-de-la-musica-dins-de-la-fira-i-festes-de-bunyol","status":"publish","type":"post","link":"https:\/\/tucomarca.whitekongsoftware.com\/ca\/el-mentalista-toni-pons-actua-aquesta-nit-al-palacio-de-la-musica-dins-de-la-fira-i-festes-de-bunyol\/","title":{"rendered":"El mentalista Toni Pons actua aquesta nit al Palacio de la M\u00fasica dins de la Fira i Festes de Bunyol"},"content":{"rendered":"<figure id=\"attachment_90977\" aria-describedby=\"caption-attachment-90977\" style=\"width: 379px\" class=\"wp-caption alignleft\"><img loading=\"lazy\" decoding=\"async\" class=\" wp-image-90977\" src=\"http:\/\/www.tucomarca.com\/wordpress\/segunda\/wp-content\/uploads\/2019\/08\/TONIPONS.jpg\" alt=\"Palacio de la M\u00fasica, hoy a las 22,00 h.\" width=\"379\" height=\"364\" \/><figcaption id=\"caption-attachment-90977\" class=\"wp-caption-text\">Palacio de la M\u00fasica, hoy a las 22,00 h.<\/figcaption><\/figure>\n<p>L&#8217;actuaci\u00f3 prevista per a aquesta nit De dimarts, 20 d&#8217;agost, a Bu\u00f1ol a les 22,30 hores del Mentalista, Toni Pons, a l&#8217;Auditori Municipal, amb el seu espectacle d&#8217;hipnosi, m\u00e0gia i mentalisme, es trasllada, per motiu de l&#8217;alta probabilitat de pluges, al Palau de la M\u00fasica. L&#8217;entrada \u00e9s gratu\u00efta.<\/p>\n","protected":false},"excerpt":{"rendered":"<div class=\"mh-excerpt\">L&#8217;actuaci\u00f3 prevista per a aquesta nit De dimarts, 20 d&#8217;agost, a Bu\u00f1ol a les 22,30 hores del Mentalista, Toni Pons, a l&#8217;Auditori Municipal, amb el seu espectacle d&#8217;hipnosi, m\u00e0gia i mentalisme, es trasllada, per motiu <a class=\"mh-excerpt-more\" href=\"https:\/\/tucomarca.whitekongsoftware.com\/ca\/el-mentalista-toni-pons-actua-aquesta-nit-al-palacio-de-la-musica-dins-de-la-fira-i-festes-de-bunyol\/\" title=\"El mentalista Toni Pons actua aquesta nit al Palacio de la M\u00fasica dins de la Fira i Festes de Bunyol\">[+] <\/a><\/div>\n","protected":false},"author":2,"featured_media":90978,"comment_status":"open","ping_status":"open","sticky":false,"template":"","format":"standard","meta":{"footnotes":""},"categories":[11019,10911,10912,11008,10896],"tags":[11314],"class_list":["post-90980","post","type-post","status-publish","format-standard","has-post-thumbnail","category-agenda-ca","category-bunol-ca","category-la-hoya-ca","category-pueblos-en-fiestas-ca","category-seccion-ca","tag-bunyol-ca"],"_links":{"self":[{"href":"https:\/\/tucomarca.whitekongsoftware.com\/ca\/wp-json\/wp\/v2\/posts\/90980","targetHints":{"allow":["GET"]}}],"collection":[{"href":"https:\/\/tucomarca.whitekongsoftware.com\/ca\/wp-json\/wp\/v2\/posts"}],"about":[{"href":"https:\/\/tucomarca.whitekongsoftware.com\/ca\/wp-json\/wp\/v2\/types\/post"}],"author":[{"embeddable":true,"href":"https:\/\/tucomarca.whitekongsoftware.com\/ca\/wp-json\/wp\/v2\/users\/2"}],"replies":[{"embeddable":true,"href":"https:\/\/tucomarca.whitekongsoftware.com\/ca\/wp-json\/wp\/v2\/comments?post=90980"}],"version-history":[{"count":0,"href":"https:\/\/tucomarca.whitekongsoftware.com\/ca\/wp-json\/wp\/v2\/posts\/90980\/revisions"}],"wp:featuredmedia":[{"embeddable":true,"href":"https:\/\/tucomarca.whitekongsoftware.com\/ca\/wp-json\/wp\/v2\/media\/90978"}],"wp:attachment":[{"href":"https:\/\/tucomarca.whitekongsoftware.com\/ca\/wp-json\/wp\/v2\/media?parent=90980"}],"wp:term":[{"taxonomy":"category","embeddable":true,"href":"https:\/\/tucomarca.whitekongsoftware.com\/ca\/wp-json\/wp\/v2\/categories?post=90980"},{"taxonomy":"post_tag","embeddable":true,"href":"https:\/\/tucomarca.whitekongsoftware.com\/ca\/wp-json\/wp\/v2\/tags?post=90980"}],"curies":[{"name":"wp","href":"https:\/\/api.w.org\/{rel}","templated":true}]}}