{"id":90891,"date":"2019-08-17T17:40:17","date_gmt":"2019-08-17T15:40:17","guid":{"rendered":"http:\/\/www.tucomarca.com\/wordpress\/segunda\/?p=90891"},"modified":"2019-08-17T17:40:17","modified_gmt":"2019-08-17T15:40:17","slug":"la-policia-de-riba-roja-acompanyara-a-casa-a-les-dones-que-se-sentin-amenacades-o-tinguen-por-de-patir-agressions-sexuals-durant-les-festes-dels-fadrins","status":"publish","type":"post","link":"https:\/\/tucomarca.whitekongsoftware.com\/ca\/la-policia-de-riba-roja-acompanyara-a-casa-a-les-dones-que-se-sentin-amenacades-o-tinguen-por-de-patir-agressions-sexuals-durant-les-festes-dels-fadrins\/","title":{"rendered":"La policia de Riba-roja acompanyar\u00e0 a casa a les dones que se sentin amena\u00e7ades o tinguen por de patir agressions sexuals durant les festes dels Fadrins"},"content":{"rendered":"<figure id=\"attachment_90888\" aria-describedby=\"caption-attachment-90888\" style=\"width: 408px\" class=\"wp-caption alignnone\"><img loading=\"lazy\" decoding=\"async\" class=\" wp-image-90888\" src=\"http:\/\/www.tucomarca.com\/wordpress\/segunda\/wp-content\/uploads\/2019\/08\/fiestaRiba.jpg\" alt=\"El ayuntamiento habilita el \u201cAutob\u00fas Jove Segur\u201d para los j\u00f3venes\" width=\"408\" height=\"272\" srcset=\"https:\/\/tucomarca.whitekongsoftware.com\/wp-content\/uploads\/2019\/08\/fiestaRiba.jpg 2048w, https:\/\/tucomarca.whitekongsoftware.com\/wp-content\/uploads\/2019\/08\/fiestaRiba-300x200.jpg 300w, https:\/\/tucomarca.whitekongsoftware.com\/wp-content\/uploads\/2019\/08\/fiestaRiba-768x512.jpg 768w, https:\/\/tucomarca.whitekongsoftware.com\/wp-content\/uploads\/2019\/08\/fiestaRiba-1024x683.jpg 1024w\" sizes=\"auto, (max-width: 408px) 100vw, 408px\" \/><figcaption id=\"caption-attachment-90888\" class=\"wp-caption-text\">L&#8217;ajuntament habilita el &#8220;Autob\u00fas Jove Segur&#8221; per als joves<\/figcaption><\/figure>\n<p>L&#8217;Ajuntament de Riba-roja de T\u00faria ha refor\u00e7at enguany les iniciatives i protocols per evitar els possibles casos d&#8217;assetjament o agressions sexuals durant les festes dels Fadrins que tenen lloc des d&#8217;avui dia i fins el 24 d&#8217;agost -dedicades especialment als joves del municipi a partir dels 16 anys d&#8217;edat- amb l&#8217;objectiu d&#8217;eradicar qualsevol tipus de conducta an\u00f2mala al llarg d&#8217;aquests dies.<\/p>\n<p>Les novetats d&#8217;aquest any consisteixen en posar en marxa el denominat &#8220;Autob\u00fas Jove Segur&#8221; que traslladar\u00e0 als joves des de les diverses urbanitzacions existents a Riba-roja fins al nucli urb\u00e0 on tenen lloc les diferents actuacions i esdeveniments relacionats amb les festes. A m\u00e9s, aquest autob\u00fas realitzar\u00e0 diverses parades en el mateix casc urb\u00e0 en les que recollir\u00e0 els joves que hi viuen.<\/p>\n<p>L&#8217;horari d&#8217;aquest autob\u00fas comen\u00e7ar\u00e0 a les 21 hores amb la recollida des de les urbanitzacions que tenen parada habilitada com Els Pous, Llobatera, Val\u00e8ncia la Vella, Masia de Traver, El Clot de Navarrete, Entrenaranjos, Montealcedo, El Molinet i la Reva, a m\u00e9s de les parades al nucli urb\u00e0 fins al final del trajecte a la Cebera o en el conegut Centre d&#8217;Informaci\u00f3 Juvenil (CIJ), on tenen lloc les actuacions.<\/p>\n<p>Per augmentar la seguretat dels joves que van a les festes dels Fadrins de Riba-roja de T\u00faria s&#8217;ha incrementat el servei d&#8217;aquest autob\u00fas amb un trajecte que tindr\u00e0 lloc a les 5 de la matinada, amb l&#8217;objectiu principal d&#8217;evitar despla\u00e7aments en cotxe i, per tant, que no es produeixi cap tipus d&#8217;accident de tr\u00e0nsit per la possible ingesta de begudes alcoh\u00f2liques.<\/p>\n<p>Una altra de les novetats que l&#8217;Ajuntament de Riba-roja de T\u00faria ha introdu\u00eft en l&#8217;edici\u00f3 d&#8217;aquest any s&#8217;ha centrat en refor\u00e7ar els efectius de la policia local, amb una major pres\u00e8ncia d&#8217;agents en els recintes on tenen lloc els esdeveniments, aix\u00ed com en els voltants dels mateixos. Amb aix\u00f2 es pret\u00e9n evitar qualsevol tipus d&#8217;incident o problemes en el desenvolupament de les actuacions.<\/p>\n<p>El protocol d&#8217;aquest any a Riba-roja de T\u00faria s&#8217;ampliar\u00e0 amb el servei d&#8217;acompanyament als seus domicilis que prestaran els agents a totes aquelles dones que se sentin intimidades, assetjades o tinguin por de patir possibles agressions sexuals, sempre que aquests casos no suposin algun dels sup\u00f2sits tipificats com a delicte en el codi penal. En aquests casos d&#8217;il\u00b7l\u00edcits penals, els agents actuaran immediatament amb l&#8217;aplicaci\u00f3 del protocol establert.<\/p>\n<p>La regidoria de la Dona de Riba-roja tamb\u00e9 ha ampliat la instal\u00b7laci\u00f3 dels anomenats Punts Violeta -mitjan\u00e7ant la contractaci\u00f3 p\u00fablica d&#8217;una associaci\u00f3 especialitzada en aquest \u00e0mbit- de tres a sis nits respecte de l&#8217;any passat per intensificar les campanyes d&#8217;informaci\u00f3 i suport a les dones que participaran en aquestes festes. En aquesta ocasi\u00f3, aquest punt estar\u00e0 format per dos t\u00e8cnics que romandran a la caseta habilitada i altres dos amb car\u00e0cter itinerant a tot l&#8217;espai.<\/p>\n<p>L&#8217;alcalde de Riba-roja, Robert Raga, ha qualificat de &#8220;molt important&#8221; l&#8217;increment d&#8217;agents i la pres\u00e8ncia policial durant les festes dels Fadrins de ete any &#8220;emblem\u00e0tiques en la nostra localitat i que congrega a centenars de joves en els seus gaireb\u00e9 dues setmanes de durada i per aix\u00f2 volem que es desenvolupin amb absoluta normalitat per part de tots; l&#8217;ajuntament ha redoblat la seguretat m\u00e9s si \u00e9s possible respecte d&#8217;altres edicions &#8220;.<\/p>\n","protected":false},"excerpt":{"rendered":"<div class=\"mh-excerpt\">L&#8217;Ajuntament de Riba-roja de T\u00faria ha refor\u00e7at enguany les iniciatives i protocols per evitar els possibles casos d&#8217;assetjament o agressions sexuals durant les festes dels Fadrins que tenen lloc des d&#8217;avui dia i fins el <a class=\"mh-excerpt-more\" href=\"https:\/\/tucomarca.whitekongsoftware.com\/ca\/la-policia-de-riba-roja-acompanyara-a-casa-a-les-dones-que-se-sentin-amenacades-o-tinguen-por-de-patir-agressions-sexuals-durant-les-festes-dels-fadrins\/\" title=\"La policia de Riba-roja acompanyar\u00e0 a casa a les dones que se sentin amena\u00e7ades o tinguen por de patir agressions sexuals durant les festes dels Fadrins\">[+] <\/a><\/div>\n","protected":false},"author":1,"featured_media":90889,"comment_status":"open","ping_status":"open","sticky":false,"template":"","format":"standard","meta":{"footnotes":""},"categories":[10892,10898,10894,11008,10906,10897],"tags":[10899,11102],"class_list":["post-90891","post","type-post","status-publish","format-standard","has-post-thumbnail","category-camp-de-turia-ca","category-ventana-ca","category-la-comarca-ca","category-pueblos-en-fiestas-ca","category-riba-roja-ca","category-sucesos-la-comarca-ca","tag-camp-de-turia-ca","tag-riba-roja-2-ca"],"_links":{"self":[{"href":"https:\/\/tucomarca.whitekongsoftware.com\/ca\/wp-json\/wp\/v2\/posts\/90891","targetHints":{"allow":["GET"]}}],"collection":[{"href":"https:\/\/tucomarca.whitekongsoftware.com\/ca\/wp-json\/wp\/v2\/posts"}],"about":[{"href":"https:\/\/tucomarca.whitekongsoftware.com\/ca\/wp-json\/wp\/v2\/types\/post"}],"author":[{"embeddable":true,"href":"https:\/\/tucomarca.whitekongsoftware.com\/ca\/wp-json\/wp\/v2\/users\/1"}],"replies":[{"embeddable":true,"href":"https:\/\/tucomarca.whitekongsoftware.com\/ca\/wp-json\/wp\/v2\/comments?post=90891"}],"version-history":[{"count":0,"href":"https:\/\/tucomarca.whitekongsoftware.com\/ca\/wp-json\/wp\/v2\/posts\/90891\/revisions"}],"wp:featuredmedia":[{"embeddable":true,"href":"https:\/\/tucomarca.whitekongsoftware.com\/ca\/wp-json\/wp\/v2\/media\/90889"}],"wp:attachment":[{"href":"https:\/\/tucomarca.whitekongsoftware.com\/ca\/wp-json\/wp\/v2\/media?parent=90891"}],"wp:term":[{"taxonomy":"category","embeddable":true,"href":"https:\/\/tucomarca.whitekongsoftware.com\/ca\/wp-json\/wp\/v2\/categories?post=90891"},{"taxonomy":"post_tag","embeddable":true,"href":"https:\/\/tucomarca.whitekongsoftware.com\/ca\/wp-json\/wp\/v2\/tags?post=90891"}],"curies":[{"name":"wp","href":"https:\/\/api.w.org\/{rel}","templated":true}]}}