{"id":90855,"date":"2019-08-16T07:46:11","date_gmt":"2019-08-16T05:46:11","guid":{"rendered":"http:\/\/www.tucomarca.com\/wordpress\/segunda\/?p=90855"},"modified":"2019-08-16T07:46:11","modified_gmt":"2019-08-16T05:46:11","slug":"iatova-acull-una-nova-edicio-del-seu-festival-de-bandes-de-musica-aquest-divendres","status":"publish","type":"post","link":"https:\/\/tucomarca.whitekongsoftware.com\/ca\/iatova-acull-una-nova-edicio-del-seu-festival-de-bandes-de-musica-aquest-divendres\/","title":{"rendered":"I\u00e0tova acull una nova edici\u00f3 del seu Festival de Bandes de M\u00fasica aquest divendres"},"content":{"rendered":"<figure id=\"attachment_90864\" aria-describedby=\"caption-attachment-90864\" style=\"width: 564px\" class=\"wp-caption alignnone\"><img loading=\"lazy\" decoding=\"async\" class=\" wp-image-90864\" src=\"http:\/\/www.tucomarca.com\/wordpress\/segunda\/wp-content\/uploads\/2019\/08\/FestivalYatova.jpg\" alt=\"Al acto asistieron los representantes y directores de La Uni\u00f3n Musical y el CIM \u00abSanta Cecilia\u00bb, as\u00ed como sus respectivas musas, \u00c1ngela Herrero y Clara Burriel, adem\u00e1s de los representantes del gobierno local.\" width=\"564\" height=\"268\" srcset=\"https:\/\/tucomarca.whitekongsoftware.com\/wp-content\/uploads\/2019\/08\/FestivalYatova.jpg 1410w, https:\/\/tucomarca.whitekongsoftware.com\/wp-content\/uploads\/2019\/08\/FestivalYatova-300x143.jpg 300w, https:\/\/tucomarca.whitekongsoftware.com\/wp-content\/uploads\/2019\/08\/FestivalYatova-768x365.jpg 768w, https:\/\/tucomarca.whitekongsoftware.com\/wp-content\/uploads\/2019\/08\/FestivalYatova-1024x487.jpg 1024w\" sizes=\"auto, (max-width: 564px) 100vw, 564px\" \/><figcaption id=\"caption-attachment-90864\" class=\"wp-caption-text\">Al acto asistieron los representantes y directores de La Uni\u00f3n Musical y el CIM \u00abSanta Cecilia\u00bb, as\u00ed como sus respectivas musas, \u00c1ngela Herrero y Clara Burriel, adem\u00e1s de los representantes del gobierno local.<\/figcaption><\/figure>\n<p>A la tarda de divendres es va realitzar la presentaci\u00f3 del Festival de Bandes de Y\u00e1tova 2019 a la sala de plens municipal. Un acte d&#8217;agermanament organitzat per la regidoria de Cultura al qual van assistir els representants i directors de La Uni\u00f3 Musical de Y\u00e1tova i el CIM \u00abSanta Cec\u00edlia\u00bb de Y\u00e1tova, les dues societats musicals que participaran a la trobada; aix\u00ed com la Musa de la M\u00fasica d&#8217;enguany, \u00c1ngela Herrero Vicente, i Clara Burriel Blanco, Musa de la \u00abSanta Cec\u00edlia\u00bb de Y\u00e1tova, com no podia ser d&#8217;una altra manera. En aquesta edici\u00f3 les dues bandes delectaran el p\u00fablic assistent amb un atractiu repertori. A m\u00e9s, La Uni\u00f3 comptar\u00e0 amb la col\u00b7laboraci\u00f3 de les cantants Astrid Crone i Claire Adams a l&#8217;hora d&#8217;interpretar algunes m\u00edtiques bandes sonores del cinema com West Side Story o Mamma mia. El concert se celebrar\u00e0 aquest divendres, 16 d&#8217;agost, a les 23,30 hores a la Pla\u00e7a de la Constituci\u00f3. Les bandes de la localitat porten anys recollint importants premis en cert\u00e0mens i s&#8217;han convertit en un veritable estendard per Y\u00e1tova. El XII Festival de bandes est\u00e0 organitzat aquest any per La Uni\u00f3 Musical.<\/p>\n","protected":false},"excerpt":{"rendered":"<div class=\"mh-excerpt\">A la tarda de divendres es va realitzar la presentaci\u00f3 del Festival de Bandes de Y\u00e1tova 2019 a la sala de plens municipal. Un acte d&#8217;agermanament organitzat per la regidoria de Cultura al qual van <a class=\"mh-excerpt-more\" href=\"https:\/\/tucomarca.whitekongsoftware.com\/ca\/iatova-acull-una-nova-edicio-del-seu-festival-de-bandes-de-musica-aquest-divendres\/\" title=\"I\u00e0tova acull una nova edici\u00f3 del seu Festival de Bandes de M\u00fasica aquest divendres\">[+] <\/a><\/div>\n","protected":false},"author":1,"featured_media":90864,"comment_status":"open","ping_status":"open","sticky":false,"template":"","format":"standard","meta":{"footnotes":""},"categories":[11019,11005,10980,10912,11007,10896],"tags":[11142],"class_list":["post-90855","post","type-post","status-publish","format-standard","has-post-thumbnail","category-agenda-ca","category-canal-musica","category-yatova-ca","category-la-hoya-ca","category-ocio-y-cultura-ca","category-seccion-ca","tag-iatova"],"_links":{"self":[{"href":"https:\/\/tucomarca.whitekongsoftware.com\/ca\/wp-json\/wp\/v2\/posts\/90855","targetHints":{"allow":["GET"]}}],"collection":[{"href":"https:\/\/tucomarca.whitekongsoftware.com\/ca\/wp-json\/wp\/v2\/posts"}],"about":[{"href":"https:\/\/tucomarca.whitekongsoftware.com\/ca\/wp-json\/wp\/v2\/types\/post"}],"author":[{"embeddable":true,"href":"https:\/\/tucomarca.whitekongsoftware.com\/ca\/wp-json\/wp\/v2\/users\/1"}],"replies":[{"embeddable":true,"href":"https:\/\/tucomarca.whitekongsoftware.com\/ca\/wp-json\/wp\/v2\/comments?post=90855"}],"version-history":[{"count":0,"href":"https:\/\/tucomarca.whitekongsoftware.com\/ca\/wp-json\/wp\/v2\/posts\/90855\/revisions"}],"wp:featuredmedia":[{"embeddable":true,"href":"https:\/\/tucomarca.whitekongsoftware.com\/ca\/wp-json\/wp\/v2\/media\/90864"}],"wp:attachment":[{"href":"https:\/\/tucomarca.whitekongsoftware.com\/ca\/wp-json\/wp\/v2\/media?parent=90855"}],"wp:term":[{"taxonomy":"category","embeddable":true,"href":"https:\/\/tucomarca.whitekongsoftware.com\/ca\/wp-json\/wp\/v2\/categories?post=90855"},{"taxonomy":"post_tag","embeddable":true,"href":"https:\/\/tucomarca.whitekongsoftware.com\/ca\/wp-json\/wp\/v2\/tags?post=90855"}],"curies":[{"name":"wp","href":"https:\/\/api.w.org\/{rel}","templated":true}]}}