{"id":90550,"date":"2019-08-11T23:16:22","date_gmt":"2019-08-11T21:16:22","guid":{"rendered":"http:\/\/www.tucomarca.com\/wordpress\/segunda\/?p=90550"},"modified":"2019-08-11T23:25:06","modified_gmt":"2019-08-11T21:25:06","slug":"fologaleria-latleta-magribi-hassane-ahouchar-venc-en-la-10k-xxiv-cursa-tomatina-de-bunyol","status":"publish","type":"post","link":"https:\/\/tucomarca.whitekongsoftware.com\/ca\/fologaleria-latleta-magribi-hassane-ahouchar-venc-en-la-10k-xxiv-cursa-tomatina-de-bunyol\/","title":{"rendered":"Fotogaler\u00eda: L&#8217;atleta magrib\u00ed Hassane Ahouchar ven\u00e7 en la 10k XXIV Cursa Tomatina de Bunyol"},"content":{"rendered":"<p><strong>Aquest dissabte i amb unes alt\u00edssimes temperatures va tenir lloc a Bu\u00f1ol a Bu\u00f1ol la XXIV Cursa Tomatina de Bunyol, emmarcada dins el 22 Circuit de Carreres Populars de la Diputaci\u00f3 de Val\u00e8ncia.<\/strong><\/p>\n<p>M\u00e9s de 300 corredors es van donar cita a les vuit del vespre a l&#8217;Avinguda Rafael Ridaura de Bunyol per prendre la sortida d&#8217;aquesta cursa que tot i disc\u00f3rrer per circuit urb\u00e0 compta amb 230 metre de desnivell, el que fa aquesta prova especialment dura i m\u00e9s tenint en compte els m\u00e9s de 30 graus de temperatura units a la humitat que s&#8217;han donat aquesta vesprada.<\/p>\n<p>Els organitzadors de la prova, el Club d&#8217;Atletisme Correores de Bunyol, van estar pendents en tot moment dels i les participants, tant en les zones d&#8217;avituallament com en l&#8217;arribada on se&#8217;ls oferien begudes i fruites fresques.<\/p>\n<p>En l&#8217;esportiu, la resist\u00e8ncia i velocitat de Hassane Ahouchar li va fer vencedor absolut de la prova amb un temps de 0:32:24, seguit per Octavio Sanchis 0:33:19 i Oumellal Jaouad 0:33:24, que van ocupar el podi mascul\u00ed. En el femen\u00ed la vencedora absoluta de la prova ha estat Maria Jos\u00e9 Cano 0:40:29, seguida de Yoana Garc\u00eda 0:40:44 i en tercera posici\u00f3 l&#8217;atleta local Elena Cambres amb 0:41:36.<\/p>\n<p>Al podi local mascul\u00ed s&#8217;ha situat els corredors Carlos Garc\u00eda amb un temps de 0:35:58, Toni Sanz 0:38:43 i Marcos Garc\u00eda 0:40:42; i al local femen\u00ed Elena Cambres amb 0:41:36, Gema Cambres 0:45:53 i Paula Del Valle 0:57:56.<\/p>\n<p>El regidor d&#8217;Esports de l&#8217;Ajuntament de Bunyol, Manuel Serra, ha declarat que sent \u00abmolta satisfacci\u00f3 perqu\u00e8 tot ha transcorregut amb normalitat. Ten\u00edem cert temor per les altes temperatures que potser van fer que algun dels inscrits no acudissin a la carrera, per\u00f2 finalment va fer una tarda agradable i es va evidenciar que el retard d&#8217;una hora de la cursa, va ser un encert per evitar ensurts a causa de les altes temperatures. Felicitar a tots els que han estat responsables que tot transcorregu\u00e9s amb normalitat, especialment a la Policia Local, Protecci\u00f3 Civil, treballadors de l&#8217;Ajuntament i al Club d&#8217;Atletisme Correores \u00bb.<\/p>\n<p>Manuel Serra tamb\u00e9 ha volgut \u00abdestacar la feina de l&#8217;anterior regidora d&#8217;Esports, Marta P\u00e9rez, perqu\u00e8 la 10K Tomatina torn\u00e9s al circuit de la Diputaci\u00f3 de Val\u00e8ncia, com aix\u00ed ha estat en aquesta edici\u00f3, despr\u00e9s d&#8217;un any d&#8217;abs\u00e8ncia del mateix\u00bb .<\/p>\n<p>Per la seua banda, el president del Club d&#8217;Atletisme Correores de Bunyol, Laguna Mart\u00ednez, en declaracions a <strong>tucomarca.com<\/strong> ha volgut \u00abdonar les gr\u00e0cies a tots els participants, a l&#8217;C.A. Correores, que s&#8217;han deixat la pell en l&#8217;organitzaci\u00f3 d&#8217;aquesta cursa, als voluntaris, autoritats i cossos de Policia i Protecci\u00f3 Civil i de la Diputaci\u00f3 de Val\u00e8ncia per incloure aquesta 10k en el seu calendari. Sobretot al nostre Speaker Tony Gil i a dj Furri que han estat amenitzant aquesta prova, que encara dura ha tingut un magn\u00edfic final i els participants han gaudit molt \u00bb.<\/p>\n<p>M\u00e9s informaci\u00f3 i imatges, en l&#8217;edici\u00f3 escrita d&#8217;<strong>tucomarca.com<\/strong> de dijous, 15 d&#8217;agost.<\/p>\n<p><em>Fotos: tucomarca.com<\/em><\/p>\n<p><em>Fotos de la sortida: Pere Maga\u00f1a<\/em><\/p>\n<p>&nbsp;<\/p>\n<div id='gallery-1' class='gallery galleryid-90550 gallery-columns-3 gallery-size-full'><figure class='gallery-item'>\n\t\t\t<div class='gallery-icon landscape'>\n\t\t\t\t<a href='https:\/\/tucomarca.whitekongsoftware.com\/ca\/fologaleria-latleta-magribi-hassane-ahouchar-venc-en-la-10k-xxiv-cursa-tomatina-de-bunyol\/carrera30-2\/'><img loading=\"lazy\" decoding=\"async\" width=\"787\" height=\"524\" src=\"https:\/\/tucomarca.whitekongsoftware.com\/wp-content\/uploads\/2019\/08\/carrera30.jpg\" class=\"attachment-full size-full\" alt=\"\" srcset=\"https:\/\/tucomarca.whitekongsoftware.com\/wp-content\/uploads\/2019\/08\/carrera30.jpg 787w, https:\/\/tucomarca.whitekongsoftware.com\/wp-content\/uploads\/2019\/08\/carrera30-300x200.jpg 300w, https:\/\/tucomarca.whitekongsoftware.com\/wp-content\/uploads\/2019\/08\/carrera30-768x511.jpg 768w\" sizes=\"auto, (max-width: 787px) 100vw, 787px\" \/><\/a>\n\t\t\t<\/div><\/figure><figure class='gallery-item'>\n\t\t\t<div class='gallery-icon landscape'>\n\t\t\t\t<a href='https:\/\/tucomarca.whitekongsoftware.com\/ca\/fologaleria-latleta-magribi-hassane-ahouchar-venc-en-la-10k-xxiv-cursa-tomatina-de-bunyol\/carrera31-2\/'><img loading=\"lazy\" decoding=\"async\" width=\"787\" height=\"524\" src=\"https:\/\/tucomarca.whitekongsoftware.com\/wp-content\/uploads\/2019\/08\/carrera31.jpg\" class=\"attachment-full size-full\" alt=\"\" srcset=\"https:\/\/tucomarca.whitekongsoftware.com\/wp-content\/uploads\/2019\/08\/carrera31.jpg 787w, https:\/\/tucomarca.whitekongsoftware.com\/wp-content\/uploads\/2019\/08\/carrera31-300x200.jpg 300w, https:\/\/tucomarca.whitekongsoftware.com\/wp-content\/uploads\/2019\/08\/carrera31-768x511.jpg 768w\" sizes=\"auto, (max-width: 787px) 100vw, 787px\" \/><\/a>\n\t\t\t<\/div><\/figure><figure class='gallery-item'>\n\t\t\t<div class='gallery-icon landscape'>\n\t\t\t\t<a href='https:\/\/tucomarca.whitekongsoftware.com\/ca\/fologaleria-latleta-magribi-hassane-ahouchar-venc-en-la-10k-xxiv-cursa-tomatina-de-bunyol\/carrera32-2\/'><img loading=\"lazy\" decoding=\"async\" width=\"787\" height=\"524\" src=\"https:\/\/tucomarca.whitekongsoftware.com\/wp-content\/uploads\/2019\/08\/carrera32.jpg\" class=\"attachment-full size-full\" alt=\"\" srcset=\"https:\/\/tucomarca.whitekongsoftware.com\/wp-content\/uploads\/2019\/08\/carrera32.jpg 787w, https:\/\/tucomarca.whitekongsoftware.com\/wp-content\/uploads\/2019\/08\/carrera32-300x200.jpg 300w, https:\/\/tucomarca.whitekongsoftware.com\/wp-content\/uploads\/2019\/08\/carrera32-768x511.jpg 768w\" sizes=\"auto, (max-width: 787px) 100vw, 787px\" \/><\/a>\n\t\t\t<\/div><\/figure><figure class='gallery-item'>\n\t\t\t<div class='gallery-icon landscape'>\n\t\t\t\t<a href='https:\/\/tucomarca.whitekongsoftware.com\/ca\/fologaleria-latleta-magribi-hassane-ahouchar-venc-en-la-10k-xxiv-cursa-tomatina-de-bunyol\/carrera02-2-2\/'><img loading=\"lazy\" decoding=\"async\" width=\"787\" height=\"525\" src=\"https:\/\/tucomarca.whitekongsoftware.com\/wp-content\/uploads\/2019\/08\/carrera02-1.jpg\" class=\"attachment-full size-full\" alt=\"\" srcset=\"https:\/\/tucomarca.whitekongsoftware.com\/wp-content\/uploads\/2019\/08\/carrera02-1.jpg 787w, https:\/\/tucomarca.whitekongsoftware.com\/wp-content\/uploads\/2019\/08\/carrera02-1-300x200.jpg 300w, https:\/\/tucomarca.whitekongsoftware.com\/wp-content\/uploads\/2019\/08\/carrera02-1-768x512.jpg 768w\" sizes=\"auto, (max-width: 787px) 100vw, 787px\" \/><\/a>\n\t\t\t<\/div><\/figure><figure class='gallery-item'>\n\t\t\t<div class='gallery-icon landscape'>\n\t\t\t\t<a href='https:\/\/tucomarca.whitekongsoftware.com\/ca\/fologaleria-latleta-magribi-hassane-ahouchar-venc-en-la-10k-xxiv-cursa-tomatina-de-bunyol\/carrera01-2\/'><img loading=\"lazy\" decoding=\"async\" width=\"787\" height=\"525\" src=\"https:\/\/tucomarca.whitekongsoftware.com\/wp-content\/uploads\/2019\/08\/carrera01.jpg\" class=\"attachment-full size-full\" alt=\"\" srcset=\"https:\/\/tucomarca.whitekongsoftware.com\/wp-content\/uploads\/2019\/08\/carrera01.jpg 787w, https:\/\/tucomarca.whitekongsoftware.com\/wp-content\/uploads\/2019\/08\/carrera01-300x200.jpg 300w, https:\/\/tucomarca.whitekongsoftware.com\/wp-content\/uploads\/2019\/08\/carrera01-768x512.jpg 768w\" sizes=\"auto, (max-width: 787px) 100vw, 787px\" \/><\/a>\n\t\t\t<\/div><\/figure><figure class='gallery-item'>\n\t\t\t<div class='gallery-icon landscape'>\n\t\t\t\t<a href='https:\/\/tucomarca.whitekongsoftware.com\/ca\/fologaleria-latleta-magribi-hassane-ahouchar-venc-en-la-10k-xxiv-cursa-tomatina-de-bunyol\/carrera03-2\/'><img loading=\"lazy\" decoding=\"async\" width=\"787\" height=\"525\" src=\"https:\/\/tucomarca.whitekongsoftware.com\/wp-content\/uploads\/2019\/08\/carrera03.jpg\" class=\"attachment-full size-full\" alt=\"\" srcset=\"https:\/\/tucomarca.whitekongsoftware.com\/wp-content\/uploads\/2019\/08\/carrera03.jpg 787w, https:\/\/tucomarca.whitekongsoftware.com\/wp-content\/uploads\/2019\/08\/carrera03-300x200.jpg 300w, https:\/\/tucomarca.whitekongsoftware.com\/wp-content\/uploads\/2019\/08\/carrera03-768x512.jpg 768w\" sizes=\"auto, (max-width: 787px) 100vw, 787px\" \/><\/a>\n\t\t\t<\/div><\/figure><figure class='gallery-item'>\n\t\t\t<div class='gallery-icon landscape'>\n\t\t\t\t<a href='https:\/\/tucomarca.whitekongsoftware.com\/ca\/fologaleria-latleta-magribi-hassane-ahouchar-venc-en-la-10k-xxiv-cursa-tomatina-de-bunyol\/carrera29-2\/'><img loading=\"lazy\" decoding=\"async\" width=\"787\" height=\"590\" src=\"https:\/\/tucomarca.whitekongsoftware.com\/wp-content\/uploads\/2019\/08\/carrera29.jpg\" class=\"attachment-full size-full\" alt=\"\" srcset=\"https:\/\/tucomarca.whitekongsoftware.com\/wp-content\/uploads\/2019\/08\/carrera29.jpg 787w, https:\/\/tucomarca.whitekongsoftware.com\/wp-content\/uploads\/2019\/08\/carrera29-300x225.jpg 300w, https:\/\/tucomarca.whitekongsoftware.com\/wp-content\/uploads\/2019\/08\/carrera29-768x576.jpg 768w\" sizes=\"auto, (max-width: 787px) 100vw, 787px\" \/><\/a>\n\t\t\t<\/div><\/figure><figure class='gallery-item'>\n\t\t\t<div class='gallery-icon landscape'>\n\t\t\t\t<a href='https:\/\/tucomarca.whitekongsoftware.com\/ca\/fologaleria-latleta-magribi-hassane-ahouchar-venc-en-la-10k-xxiv-cursa-tomatina-de-bunyol\/carrera04-2\/'><img loading=\"lazy\" decoding=\"async\" width=\"787\" height=\"525\" src=\"https:\/\/tucomarca.whitekongsoftware.com\/wp-content\/uploads\/2019\/08\/carrera04.jpg\" class=\"attachment-full size-full\" alt=\"\" srcset=\"https:\/\/tucomarca.whitekongsoftware.com\/wp-content\/uploads\/2019\/08\/carrera04.jpg 787w, https:\/\/tucomarca.whitekongsoftware.com\/wp-content\/uploads\/2019\/08\/carrera04-300x200.jpg 300w, https:\/\/tucomarca.whitekongsoftware.com\/wp-content\/uploads\/2019\/08\/carrera04-768x512.jpg 768w\" sizes=\"auto, (max-width: 787px) 100vw, 787px\" \/><\/a>\n\t\t\t<\/div><\/figure><figure class='gallery-item'>\n\t\t\t<div class='gallery-icon landscape'>\n\t\t\t\t<a href='https:\/\/tucomarca.whitekongsoftware.com\/ca\/fologaleria-latleta-magribi-hassane-ahouchar-venc-en-la-10k-xxiv-cursa-tomatina-de-bunyol\/carrera00-2\/'><img loading=\"lazy\" decoding=\"async\" width=\"787\" height=\"525\" src=\"https:\/\/tucomarca.whitekongsoftware.com\/wp-content\/uploads\/2019\/08\/carrera00.jpg\" class=\"attachment-full size-full\" alt=\"\" srcset=\"https:\/\/tucomarca.whitekongsoftware.com\/wp-content\/uploads\/2019\/08\/carrera00.jpg 787w, https:\/\/tucomarca.whitekongsoftware.com\/wp-content\/uploads\/2019\/08\/carrera00-300x200.jpg 300w, https:\/\/tucomarca.whitekongsoftware.com\/wp-content\/uploads\/2019\/08\/carrera00-768x512.jpg 768w\" sizes=\"auto, (max-width: 787px) 100vw, 787px\" \/><\/a>\n\t\t\t<\/div><\/figure><figure class='gallery-item'>\n\t\t\t<div class='gallery-icon landscape'>\n\t\t\t\t<a href='https:\/\/tucomarca.whitekongsoftware.com\/ca\/fologaleria-latleta-magribi-hassane-ahouchar-venc-en-la-10k-xxiv-cursa-tomatina-de-bunyol\/carrera41-2\/'><img loading=\"lazy\" decoding=\"async\" width=\"787\" height=\"525\" src=\"https:\/\/tucomarca.whitekongsoftware.com\/wp-content\/uploads\/2019\/08\/carrera41.jpg\" class=\"attachment-full size-full\" alt=\"\" srcset=\"https:\/\/tucomarca.whitekongsoftware.com\/wp-content\/uploads\/2019\/08\/carrera41.jpg 787w, https:\/\/tucomarca.whitekongsoftware.com\/wp-content\/uploads\/2019\/08\/carrera41-300x200.jpg 300w, https:\/\/tucomarca.whitekongsoftware.com\/wp-content\/uploads\/2019\/08\/carrera41-768x512.jpg 768w\" sizes=\"auto, (max-width: 787px) 100vw, 787px\" \/><\/a>\n\t\t\t<\/div><\/figure><figure class='gallery-item'>\n\t\t\t<div class='gallery-icon landscape'>\n\t\t\t\t<a href='https:\/\/tucomarca.whitekongsoftware.com\/ca\/fologaleria-latleta-magribi-hassane-ahouchar-venc-en-la-10k-xxiv-cursa-tomatina-de-bunyol\/carrera33-2\/'><img loading=\"lazy\" decoding=\"async\" width=\"787\" height=\"525\" src=\"https:\/\/tucomarca.whitekongsoftware.com\/wp-content\/uploads\/2019\/08\/carrera33.jpg\" class=\"attachment-full size-full\" alt=\"\" srcset=\"https:\/\/tucomarca.whitekongsoftware.com\/wp-content\/uploads\/2019\/08\/carrera33.jpg 787w, https:\/\/tucomarca.whitekongsoftware.com\/wp-content\/uploads\/2019\/08\/carrera33-300x200.jpg 300w, https:\/\/tucomarca.whitekongsoftware.com\/wp-content\/uploads\/2019\/08\/carrera33-768x512.jpg 768w\" sizes=\"auto, (max-width: 787px) 100vw, 787px\" \/><\/a>\n\t\t\t<\/div><\/figure><figure class='gallery-item'>\n\t\t\t<div class='gallery-icon landscape'>\n\t\t\t\t<a href='https:\/\/tucomarca.whitekongsoftware.com\/ca\/fologaleria-latleta-magribi-hassane-ahouchar-venc-en-la-10k-xxiv-cursa-tomatina-de-bunyol\/carrera34-2\/'><img loading=\"lazy\" decoding=\"async\" width=\"787\" height=\"525\" src=\"https:\/\/tucomarca.whitekongsoftware.com\/wp-content\/uploads\/2019\/08\/carrera34.jpg\" class=\"attachment-full size-full\" alt=\"\" srcset=\"https:\/\/tucomarca.whitekongsoftware.com\/wp-content\/uploads\/2019\/08\/carrera34.jpg 787w, https:\/\/tucomarca.whitekongsoftware.com\/wp-content\/uploads\/2019\/08\/carrera34-300x200.jpg 300w, https:\/\/tucomarca.whitekongsoftware.com\/wp-content\/uploads\/2019\/08\/carrera34-768x512.jpg 768w\" sizes=\"auto, (max-width: 787px) 100vw, 787px\" \/><\/a>\n\t\t\t<\/div><\/figure><figure class='gallery-item'>\n\t\t\t<div class='gallery-icon landscape'>\n\t\t\t\t<a href='https:\/\/tucomarca.whitekongsoftware.com\/ca\/fologaleria-latleta-magribi-hassane-ahouchar-venc-en-la-10k-xxiv-cursa-tomatina-de-bunyol\/carrera35-2\/'><img loading=\"lazy\" decoding=\"async\" width=\"787\" height=\"525\" src=\"https:\/\/tucomarca.whitekongsoftware.com\/wp-content\/uploads\/2019\/08\/carrera35.jpg\" class=\"attachment-full size-full\" alt=\"\" srcset=\"https:\/\/tucomarca.whitekongsoftware.com\/wp-content\/uploads\/2019\/08\/carrera35.jpg 787w, https:\/\/tucomarca.whitekongsoftware.com\/wp-content\/uploads\/2019\/08\/carrera35-300x200.jpg 300w, https:\/\/tucomarca.whitekongsoftware.com\/wp-content\/uploads\/2019\/08\/carrera35-768x512.jpg 768w\" sizes=\"auto, (max-width: 787px) 100vw, 787px\" \/><\/a>\n\t\t\t<\/div><\/figure><figure class='gallery-item'>\n\t\t\t<div class='gallery-icon landscape'>\n\t\t\t\t<a href='https:\/\/tucomarca.whitekongsoftware.com\/ca\/fologaleria-latleta-magribi-hassane-ahouchar-venc-en-la-10k-xxiv-cursa-tomatina-de-bunyol\/carrera05-2\/'><img loading=\"lazy\" decoding=\"async\" width=\"787\" height=\"525\" src=\"https:\/\/tucomarca.whitekongsoftware.com\/wp-content\/uploads\/2019\/08\/carrera05.jpg\" class=\"attachment-full size-full\" alt=\"\" srcset=\"https:\/\/tucomarca.whitekongsoftware.com\/wp-content\/uploads\/2019\/08\/carrera05.jpg 787w, https:\/\/tucomarca.whitekongsoftware.com\/wp-content\/uploads\/2019\/08\/carrera05-300x200.jpg 300w, https:\/\/tucomarca.whitekongsoftware.com\/wp-content\/uploads\/2019\/08\/carrera05-768x512.jpg 768w\" sizes=\"auto, (max-width: 787px) 100vw, 787px\" \/><\/a>\n\t\t\t<\/div><\/figure><figure class='gallery-item'>\n\t\t\t<div class='gallery-icon landscape'>\n\t\t\t\t<a href='https:\/\/tucomarca.whitekongsoftware.com\/ca\/fologaleria-latleta-magribi-hassane-ahouchar-venc-en-la-10k-xxiv-cursa-tomatina-de-bunyol\/carrera38-2\/'><img loading=\"lazy\" decoding=\"async\" width=\"787\" height=\"525\" src=\"https:\/\/tucomarca.whitekongsoftware.com\/wp-content\/uploads\/2019\/08\/carrera38.jpg\" class=\"attachment-full size-full\" alt=\"\" srcset=\"https:\/\/tucomarca.whitekongsoftware.com\/wp-content\/uploads\/2019\/08\/carrera38.jpg 787w, https:\/\/tucomarca.whitekongsoftware.com\/wp-content\/uploads\/2019\/08\/carrera38-300x200.jpg 300w, https:\/\/tucomarca.whitekongsoftware.com\/wp-content\/uploads\/2019\/08\/carrera38-768x512.jpg 768w\" sizes=\"auto, (max-width: 787px) 100vw, 787px\" \/><\/a>\n\t\t\t<\/div><\/figure><figure class='gallery-item'>\n\t\t\t<div class='gallery-icon landscape'>\n\t\t\t\t<a href='https:\/\/tucomarca.whitekongsoftware.com\/ca\/fologaleria-latleta-magribi-hassane-ahouchar-venc-en-la-10k-xxiv-cursa-tomatina-de-bunyol\/carrera39-2\/'><img loading=\"lazy\" decoding=\"async\" width=\"787\" height=\"525\" src=\"https:\/\/tucomarca.whitekongsoftware.com\/wp-content\/uploads\/2019\/08\/carrera39.jpg\" class=\"attachment-full size-full\" alt=\"\" srcset=\"https:\/\/tucomarca.whitekongsoftware.com\/wp-content\/uploads\/2019\/08\/carrera39.jpg 787w, https:\/\/tucomarca.whitekongsoftware.com\/wp-content\/uploads\/2019\/08\/carrera39-300x200.jpg 300w, https:\/\/tucomarca.whitekongsoftware.com\/wp-content\/uploads\/2019\/08\/carrera39-768x512.jpg 768w\" sizes=\"auto, (max-width: 787px) 100vw, 787px\" \/><\/a>\n\t\t\t<\/div><\/figure><figure class='gallery-item'>\n\t\t\t<div class='gallery-icon landscape'>\n\t\t\t\t<a href='https:\/\/tucomarca.whitekongsoftware.com\/ca\/fologaleria-latleta-magribi-hassane-ahouchar-venc-en-la-10k-xxiv-cursa-tomatina-de-bunyol\/carrera36-2\/'><img loading=\"lazy\" decoding=\"async\" width=\"787\" height=\"525\" src=\"https:\/\/tucomarca.whitekongsoftware.com\/wp-content\/uploads\/2019\/08\/carrera36.jpg\" class=\"attachment-full size-full\" alt=\"\" srcset=\"https:\/\/tucomarca.whitekongsoftware.com\/wp-content\/uploads\/2019\/08\/carrera36.jpg 787w, https:\/\/tucomarca.whitekongsoftware.com\/wp-content\/uploads\/2019\/08\/carrera36-300x200.jpg 300w, https:\/\/tucomarca.whitekongsoftware.com\/wp-content\/uploads\/2019\/08\/carrera36-768x512.jpg 768w\" sizes=\"auto, (max-width: 787px) 100vw, 787px\" \/><\/a>\n\t\t\t<\/div><\/figure><figure class='gallery-item'>\n\t\t\t<div class='gallery-icon landscape'>\n\t\t\t\t<a href='https:\/\/tucomarca.whitekongsoftware.com\/ca\/fologaleria-latleta-magribi-hassane-ahouchar-venc-en-la-10k-xxiv-cursa-tomatina-de-bunyol\/carrera06-2\/'><img loading=\"lazy\" decoding=\"async\" width=\"787\" height=\"525\" src=\"https:\/\/tucomarca.whitekongsoftware.com\/wp-content\/uploads\/2019\/08\/carrera06.jpg\" class=\"attachment-full size-full\" alt=\"\" srcset=\"https:\/\/tucomarca.whitekongsoftware.com\/wp-content\/uploads\/2019\/08\/carrera06.jpg 787w, https:\/\/tucomarca.whitekongsoftware.com\/wp-content\/uploads\/2019\/08\/carrera06-300x200.jpg 300w, https:\/\/tucomarca.whitekongsoftware.com\/wp-content\/uploads\/2019\/08\/carrera06-768x512.jpg 768w\" sizes=\"auto, (max-width: 787px) 100vw, 787px\" \/><\/a>\n\t\t\t<\/div><\/figure><figure class='gallery-item'>\n\t\t\t<div class='gallery-icon landscape'>\n\t\t\t\t<a href='https:\/\/tucomarca.whitekongsoftware.com\/ca\/fologaleria-latleta-magribi-hassane-ahouchar-venc-en-la-10k-xxiv-cursa-tomatina-de-bunyol\/carrera07-2\/'><img loading=\"lazy\" decoding=\"async\" width=\"787\" height=\"525\" src=\"https:\/\/tucomarca.whitekongsoftware.com\/wp-content\/uploads\/2019\/08\/carrera07.jpg\" class=\"attachment-full size-full\" alt=\"\" srcset=\"https:\/\/tucomarca.whitekongsoftware.com\/wp-content\/uploads\/2019\/08\/carrera07.jpg 787w, https:\/\/tucomarca.whitekongsoftware.com\/wp-content\/uploads\/2019\/08\/carrera07-300x200.jpg 300w, https:\/\/tucomarca.whitekongsoftware.com\/wp-content\/uploads\/2019\/08\/carrera07-768x512.jpg 768w\" sizes=\"auto, (max-width: 787px) 100vw, 787px\" \/><\/a>\n\t\t\t<\/div><\/figure><figure class='gallery-item'>\n\t\t\t<div class='gallery-icon landscape'>\n\t\t\t\t<a href='https:\/\/tucomarca.whitekongsoftware.com\/ca\/fologaleria-latleta-magribi-hassane-ahouchar-venc-en-la-10k-xxiv-cursa-tomatina-de-bunyol\/carrera08-2\/'><img loading=\"lazy\" decoding=\"async\" width=\"787\" height=\"498\" src=\"https:\/\/tucomarca.whitekongsoftware.com\/wp-content\/uploads\/2019\/08\/carrera08.jpg\" class=\"attachment-full size-full\" alt=\"\" srcset=\"https:\/\/tucomarca.whitekongsoftware.com\/wp-content\/uploads\/2019\/08\/carrera08.jpg 787w, https:\/\/tucomarca.whitekongsoftware.com\/wp-content\/uploads\/2019\/08\/carrera08-300x190.jpg 300w, https:\/\/tucomarca.whitekongsoftware.com\/wp-content\/uploads\/2019\/08\/carrera08-768x486.jpg 768w\" sizes=\"auto, (max-width: 787px) 100vw, 787px\" \/><\/a>\n\t\t\t<\/div><\/figure><figure class='gallery-item'>\n\t\t\t<div class='gallery-icon landscape'>\n\t\t\t\t<a href='https:\/\/tucomarca.whitekongsoftware.com\/ca\/fologaleria-latleta-magribi-hassane-ahouchar-venc-en-la-10k-xxiv-cursa-tomatina-de-bunyol\/carrera40-2\/'><img loading=\"lazy\" decoding=\"async\" width=\"787\" height=\"525\" src=\"https:\/\/tucomarca.whitekongsoftware.com\/wp-content\/uploads\/2019\/08\/carrera40.jpg\" class=\"attachment-full size-full\" alt=\"\" srcset=\"https:\/\/tucomarca.whitekongsoftware.com\/wp-content\/uploads\/2019\/08\/carrera40.jpg 787w, https:\/\/tucomarca.whitekongsoftware.com\/wp-content\/uploads\/2019\/08\/carrera40-300x200.jpg 300w, https:\/\/tucomarca.whitekongsoftware.com\/wp-content\/uploads\/2019\/08\/carrera40-768x512.jpg 768w\" sizes=\"auto, (max-width: 787px) 100vw, 787px\" \/><\/a>\n\t\t\t<\/div><\/figure><figure class='gallery-item'>\n\t\t\t<div class='gallery-icon landscape'>\n\t\t\t\t<a href='https:\/\/tucomarca.whitekongsoftware.com\/ca\/fologaleria-latleta-magribi-hassane-ahouchar-venc-en-la-10k-xxiv-cursa-tomatina-de-bunyol\/carrera09-2-2\/'><img loading=\"lazy\" decoding=\"async\" width=\"787\" height=\"525\" src=\"https:\/\/tucomarca.whitekongsoftware.com\/wp-content\/uploads\/2019\/08\/carrera09-1.jpg\" class=\"attachment-full size-full\" alt=\"\" srcset=\"https:\/\/tucomarca.whitekongsoftware.com\/wp-content\/uploads\/2019\/08\/carrera09-1.jpg 787w, https:\/\/tucomarca.whitekongsoftware.com\/wp-content\/uploads\/2019\/08\/carrera09-1-300x200.jpg 300w, https:\/\/tucomarca.whitekongsoftware.com\/wp-content\/uploads\/2019\/08\/carrera09-1-768x512.jpg 768w\" sizes=\"auto, (max-width: 787px) 100vw, 787px\" \/><\/a>\n\t\t\t<\/div><\/figure><figure class='gallery-item'>\n\t\t\t<div class='gallery-icon landscape'>\n\t\t\t\t<a href='https:\/\/tucomarca.whitekongsoftware.com\/ca\/fologaleria-latleta-magribi-hassane-ahouchar-venc-en-la-10k-xxiv-cursa-tomatina-de-bunyol\/carrera10-2\/'><img loading=\"lazy\" decoding=\"async\" width=\"787\" height=\"525\" src=\"https:\/\/tucomarca.whitekongsoftware.com\/wp-content\/uploads\/2019\/08\/carrera10.jpg\" class=\"attachment-full size-full\" alt=\"\" srcset=\"https:\/\/tucomarca.whitekongsoftware.com\/wp-content\/uploads\/2019\/08\/carrera10.jpg 787w, https:\/\/tucomarca.whitekongsoftware.com\/wp-content\/uploads\/2019\/08\/carrera10-300x200.jpg 300w, https:\/\/tucomarca.whitekongsoftware.com\/wp-content\/uploads\/2019\/08\/carrera10-768x512.jpg 768w\" sizes=\"auto, (max-width: 787px) 100vw, 787px\" \/><\/a>\n\t\t\t<\/div><\/figure><figure class='gallery-item'>\n\t\t\t<div class='gallery-icon landscape'>\n\t\t\t\t<a href='https:\/\/tucomarca.whitekongsoftware.com\/ca\/fologaleria-latleta-magribi-hassane-ahouchar-venc-en-la-10k-xxiv-cursa-tomatina-de-bunyol\/carrera11-2\/'><img loading=\"lazy\" decoding=\"async\" width=\"787\" height=\"525\" src=\"https:\/\/tucomarca.whitekongsoftware.com\/wp-content\/uploads\/2019\/08\/carrera11.jpg\" class=\"attachment-full size-full\" alt=\"\" srcset=\"https:\/\/tucomarca.whitekongsoftware.com\/wp-content\/uploads\/2019\/08\/carrera11.jpg 787w, https:\/\/tucomarca.whitekongsoftware.com\/wp-content\/uploads\/2019\/08\/carrera11-300x200.jpg 300w, https:\/\/tucomarca.whitekongsoftware.com\/wp-content\/uploads\/2019\/08\/carrera11-768x512.jpg 768w\" sizes=\"auto, (max-width: 787px) 100vw, 787px\" \/><\/a>\n\t\t\t<\/div><\/figure><figure class='gallery-item'>\n\t\t\t<div class='gallery-icon landscape'>\n\t\t\t\t<a href='https:\/\/tucomarca.whitekongsoftware.com\/ca\/fologaleria-latleta-magribi-hassane-ahouchar-venc-en-la-10k-xxiv-cursa-tomatina-de-bunyol\/carrera12-2\/'><img loading=\"lazy\" decoding=\"async\" width=\"787\" height=\"525\" src=\"https:\/\/tucomarca.whitekongsoftware.com\/wp-content\/uploads\/2019\/08\/carrera12.jpg\" class=\"attachment-full size-full\" alt=\"\" srcset=\"https:\/\/tucomarca.whitekongsoftware.com\/wp-content\/uploads\/2019\/08\/carrera12.jpg 787w, https:\/\/tucomarca.whitekongsoftware.com\/wp-content\/uploads\/2019\/08\/carrera12-300x200.jpg 300w, https:\/\/tucomarca.whitekongsoftware.com\/wp-content\/uploads\/2019\/08\/carrera12-768x512.jpg 768w\" sizes=\"auto, (max-width: 787px) 100vw, 787px\" \/><\/a>\n\t\t\t<\/div><\/figure><figure class='gallery-item'>\n\t\t\t<div class='gallery-icon landscape'>\n\t\t\t\t<a href='https:\/\/tucomarca.whitekongsoftware.com\/ca\/fologaleria-latleta-magribi-hassane-ahouchar-venc-en-la-10k-xxiv-cursa-tomatina-de-bunyol\/carrera13-2\/'><img loading=\"lazy\" decoding=\"async\" width=\"787\" height=\"525\" src=\"https:\/\/tucomarca.whitekongsoftware.com\/wp-content\/uploads\/2019\/08\/carrera13.jpg\" class=\"attachment-full size-full\" alt=\"\" srcset=\"https:\/\/tucomarca.whitekongsoftware.com\/wp-content\/uploads\/2019\/08\/carrera13.jpg 787w, https:\/\/tucomarca.whitekongsoftware.com\/wp-content\/uploads\/2019\/08\/carrera13-300x200.jpg 300w, https:\/\/tucomarca.whitekongsoftware.com\/wp-content\/uploads\/2019\/08\/carrera13-768x512.jpg 768w\" sizes=\"auto, (max-width: 787px) 100vw, 787px\" \/><\/a>\n\t\t\t<\/div><\/figure><figure class='gallery-item'>\n\t\t\t<div class='gallery-icon landscape'>\n\t\t\t\t<a href='https:\/\/tucomarca.whitekongsoftware.com\/ca\/fologaleria-latleta-magribi-hassane-ahouchar-venc-en-la-10k-xxiv-cursa-tomatina-de-bunyol\/carrera14-2\/'><img loading=\"lazy\" decoding=\"async\" width=\"787\" height=\"525\" src=\"https:\/\/tucomarca.whitekongsoftware.com\/wp-content\/uploads\/2019\/08\/carrera14.jpg\" class=\"attachment-full size-full\" alt=\"\" srcset=\"https:\/\/tucomarca.whitekongsoftware.com\/wp-content\/uploads\/2019\/08\/carrera14.jpg 787w, https:\/\/tucomarca.whitekongsoftware.com\/wp-content\/uploads\/2019\/08\/carrera14-300x200.jpg 300w, https:\/\/tucomarca.whitekongsoftware.com\/wp-content\/uploads\/2019\/08\/carrera14-768x512.jpg 768w\" sizes=\"auto, (max-width: 787px) 100vw, 787px\" \/><\/a>\n\t\t\t<\/div><\/figure><figure class='gallery-item'>\n\t\t\t<div class='gallery-icon landscape'>\n\t\t\t\t<a href='https:\/\/tucomarca.whitekongsoftware.com\/ca\/fologaleria-latleta-magribi-hassane-ahouchar-venc-en-la-10k-xxiv-cursa-tomatina-de-bunyol\/carrera37-2\/'><img loading=\"lazy\" decoding=\"async\" width=\"787\" height=\"525\" src=\"https:\/\/tucomarca.whitekongsoftware.com\/wp-content\/uploads\/2019\/08\/carrera37.jpg\" class=\"attachment-full size-full\" alt=\"\" srcset=\"https:\/\/tucomarca.whitekongsoftware.com\/wp-content\/uploads\/2019\/08\/carrera37.jpg 787w, https:\/\/tucomarca.whitekongsoftware.com\/wp-content\/uploads\/2019\/08\/carrera37-300x200.jpg 300w, https:\/\/tucomarca.whitekongsoftware.com\/wp-content\/uploads\/2019\/08\/carrera37-768x512.jpg 768w\" sizes=\"auto, (max-width: 787px) 100vw, 787px\" \/><\/a>\n\t\t\t<\/div><\/figure><figure class='gallery-item'>\n\t\t\t<div class='gallery-icon landscape'>\n\t\t\t\t<a href='https:\/\/tucomarca.whitekongsoftware.com\/ca\/fologaleria-latleta-magribi-hassane-ahouchar-venc-en-la-10k-xxiv-cursa-tomatina-de-bunyol\/carrera15-2\/'><img loading=\"lazy\" decoding=\"async\" width=\"787\" height=\"525\" src=\"https:\/\/tucomarca.whitekongsoftware.com\/wp-content\/uploads\/2019\/08\/carrera15.jpg\" class=\"attachment-full size-full\" alt=\"\" srcset=\"https:\/\/tucomarca.whitekongsoftware.com\/wp-content\/uploads\/2019\/08\/carrera15.jpg 787w, https:\/\/tucomarca.whitekongsoftware.com\/wp-content\/uploads\/2019\/08\/carrera15-300x200.jpg 300w, https:\/\/tucomarca.whitekongsoftware.com\/wp-content\/uploads\/2019\/08\/carrera15-768x512.jpg 768w\" sizes=\"auto, (max-width: 787px) 100vw, 787px\" \/><\/a>\n\t\t\t<\/div><\/figure><figure class='gallery-item'>\n\t\t\t<div class='gallery-icon landscape'>\n\t\t\t\t<a href='https:\/\/tucomarca.whitekongsoftware.com\/ca\/fologaleria-latleta-magribi-hassane-ahouchar-venc-en-la-10k-xxiv-cursa-tomatina-de-bunyol\/carrera16-2\/'><img loading=\"lazy\" decoding=\"async\" width=\"787\" height=\"525\" src=\"https:\/\/tucomarca.whitekongsoftware.com\/wp-content\/uploads\/2019\/08\/carrera16.jpg\" class=\"attachment-full size-full\" alt=\"\" srcset=\"https:\/\/tucomarca.whitekongsoftware.com\/wp-content\/uploads\/2019\/08\/carrera16.jpg 787w, https:\/\/tucomarca.whitekongsoftware.com\/wp-content\/uploads\/2019\/08\/carrera16-300x200.jpg 300w, https:\/\/tucomarca.whitekongsoftware.com\/wp-content\/uploads\/2019\/08\/carrera16-768x512.jpg 768w\" sizes=\"auto, (max-width: 787px) 100vw, 787px\" \/><\/a>\n\t\t\t<\/div><\/figure><figure class='gallery-item'>\n\t\t\t<div class='gallery-icon landscape'>\n\t\t\t\t<a href='https:\/\/tucomarca.whitekongsoftware.com\/ca\/fologaleria-latleta-magribi-hassane-ahouchar-venc-en-la-10k-xxiv-cursa-tomatina-de-bunyol\/carrera17-2\/'><img loading=\"lazy\" decoding=\"async\" width=\"787\" height=\"525\" src=\"https:\/\/tucomarca.whitekongsoftware.com\/wp-content\/uploads\/2019\/08\/carrera17.jpg\" class=\"attachment-full size-full\" alt=\"\" srcset=\"https:\/\/tucomarca.whitekongsoftware.com\/wp-content\/uploads\/2019\/08\/carrera17.jpg 787w, https:\/\/tucomarca.whitekongsoftware.com\/wp-content\/uploads\/2019\/08\/carrera17-300x200.jpg 300w, https:\/\/tucomarca.whitekongsoftware.com\/wp-content\/uploads\/2019\/08\/carrera17-768x512.jpg 768w\" sizes=\"auto, (max-width: 787px) 100vw, 787px\" \/><\/a>\n\t\t\t<\/div><\/figure><figure class='gallery-item'>\n\t\t\t<div class='gallery-icon landscape'>\n\t\t\t\t<a href='https:\/\/tucomarca.whitekongsoftware.com\/ca\/fologaleria-latleta-magribi-hassane-ahouchar-venc-en-la-10k-xxiv-cursa-tomatina-de-bunyol\/carrera18-2\/'><img loading=\"lazy\" decoding=\"async\" width=\"787\" height=\"525\" src=\"https:\/\/tucomarca.whitekongsoftware.com\/wp-content\/uploads\/2019\/08\/carrera18.jpg\" class=\"attachment-full size-full\" alt=\"\" srcset=\"https:\/\/tucomarca.whitekongsoftware.com\/wp-content\/uploads\/2019\/08\/carrera18.jpg 787w, https:\/\/tucomarca.whitekongsoftware.com\/wp-content\/uploads\/2019\/08\/carrera18-300x200.jpg 300w, https:\/\/tucomarca.whitekongsoftware.com\/wp-content\/uploads\/2019\/08\/carrera18-768x512.jpg 768w\" sizes=\"auto, (max-width: 787px) 100vw, 787px\" \/><\/a>\n\t\t\t<\/div><\/figure><figure class='gallery-item'>\n\t\t\t<div class='gallery-icon landscape'>\n\t\t\t\t<a href='https:\/\/tucomarca.whitekongsoftware.com\/ca\/fologaleria-latleta-magribi-hassane-ahouchar-venc-en-la-10k-xxiv-cursa-tomatina-de-bunyol\/carrera20-2\/'><img loading=\"lazy\" decoding=\"async\" width=\"787\" height=\"525\" src=\"https:\/\/tucomarca.whitekongsoftware.com\/wp-content\/uploads\/2019\/08\/carrera20.jpg\" class=\"attachment-full size-full\" alt=\"\" srcset=\"https:\/\/tucomarca.whitekongsoftware.com\/wp-content\/uploads\/2019\/08\/carrera20.jpg 787w, https:\/\/tucomarca.whitekongsoftware.com\/wp-content\/uploads\/2019\/08\/carrera20-300x200.jpg 300w, https:\/\/tucomarca.whitekongsoftware.com\/wp-content\/uploads\/2019\/08\/carrera20-768x512.jpg 768w\" sizes=\"auto, (max-width: 787px) 100vw, 787px\" \/><\/a>\n\t\t\t<\/div><\/figure><figure class='gallery-item'>\n\t\t\t<div class='gallery-icon landscape'>\n\t\t\t\t<a href='https:\/\/tucomarca.whitekongsoftware.com\/ca\/fologaleria-latleta-magribi-hassane-ahouchar-venc-en-la-10k-xxiv-cursa-tomatina-de-bunyol\/carrera21-2\/'><img loading=\"lazy\" decoding=\"async\" width=\"787\" height=\"525\" src=\"https:\/\/tucomarca.whitekongsoftware.com\/wp-content\/uploads\/2019\/08\/carrera21.jpg\" class=\"attachment-full size-full\" alt=\"\" srcset=\"https:\/\/tucomarca.whitekongsoftware.com\/wp-content\/uploads\/2019\/08\/carrera21.jpg 787w, https:\/\/tucomarca.whitekongsoftware.com\/wp-content\/uploads\/2019\/08\/carrera21-300x200.jpg 300w, https:\/\/tucomarca.whitekongsoftware.com\/wp-content\/uploads\/2019\/08\/carrera21-768x512.jpg 768w\" sizes=\"auto, (max-width: 787px) 100vw, 787px\" \/><\/a>\n\t\t\t<\/div><\/figure><figure class='gallery-item'>\n\t\t\t<div class='gallery-icon landscape'>\n\t\t\t\t<a href='https:\/\/tucomarca.whitekongsoftware.com\/ca\/fologaleria-latleta-magribi-hassane-ahouchar-venc-en-la-10k-xxiv-cursa-tomatina-de-bunyol\/carrera19-2\/'><img loading=\"lazy\" decoding=\"async\" width=\"787\" height=\"525\" src=\"https:\/\/tucomarca.whitekongsoftware.com\/wp-content\/uploads\/2019\/08\/carrera19.jpg\" class=\"attachment-full size-full\" alt=\"\" srcset=\"https:\/\/tucomarca.whitekongsoftware.com\/wp-content\/uploads\/2019\/08\/carrera19.jpg 787w, https:\/\/tucomarca.whitekongsoftware.com\/wp-content\/uploads\/2019\/08\/carrera19-300x200.jpg 300w, https:\/\/tucomarca.whitekongsoftware.com\/wp-content\/uploads\/2019\/08\/carrera19-768x512.jpg 768w\" sizes=\"auto, (max-width: 787px) 100vw, 787px\" \/><\/a>\n\t\t\t<\/div><\/figure><figure class='gallery-item'>\n\t\t\t<div class='gallery-icon landscape'>\n\t\t\t\t<a href='https:\/\/tucomarca.whitekongsoftware.com\/ca\/fologaleria-latleta-magribi-hassane-ahouchar-venc-en-la-10k-xxiv-cursa-tomatina-de-bunyol\/carrera22-2\/'><img loading=\"lazy\" decoding=\"async\" width=\"787\" height=\"525\" src=\"https:\/\/tucomarca.whitekongsoftware.com\/wp-content\/uploads\/2019\/08\/carrera22.jpg\" class=\"attachment-full size-full\" alt=\"\" srcset=\"https:\/\/tucomarca.whitekongsoftware.com\/wp-content\/uploads\/2019\/08\/carrera22.jpg 787w, https:\/\/tucomarca.whitekongsoftware.com\/wp-content\/uploads\/2019\/08\/carrera22-300x200.jpg 300w, https:\/\/tucomarca.whitekongsoftware.com\/wp-content\/uploads\/2019\/08\/carrera22-768x512.jpg 768w\" sizes=\"auto, (max-width: 787px) 100vw, 787px\" \/><\/a>\n\t\t\t<\/div><\/figure><figure class='gallery-item'>\n\t\t\t<div class='gallery-icon landscape'>\n\t\t\t\t<a href='https:\/\/tucomarca.whitekongsoftware.com\/ca\/fologaleria-latleta-magribi-hassane-ahouchar-venc-en-la-10k-xxiv-cursa-tomatina-de-bunyol\/carrera23-2\/'><img loading=\"lazy\" decoding=\"async\" width=\"787\" height=\"525\" src=\"https:\/\/tucomarca.whitekongsoftware.com\/wp-content\/uploads\/2019\/08\/carrera23.jpg\" class=\"attachment-full size-full\" alt=\"\" srcset=\"https:\/\/tucomarca.whitekongsoftware.com\/wp-content\/uploads\/2019\/08\/carrera23.jpg 787w, https:\/\/tucomarca.whitekongsoftware.com\/wp-content\/uploads\/2019\/08\/carrera23-300x200.jpg 300w, https:\/\/tucomarca.whitekongsoftware.com\/wp-content\/uploads\/2019\/08\/carrera23-768x512.jpg 768w\" sizes=\"auto, (max-width: 787px) 100vw, 787px\" \/><\/a>\n\t\t\t<\/div><\/figure><figure class='gallery-item'>\n\t\t\t<div class='gallery-icon landscape'>\n\t\t\t\t<a href='https:\/\/tucomarca.whitekongsoftware.com\/ca\/fologaleria-latleta-magribi-hassane-ahouchar-venc-en-la-10k-xxiv-cursa-tomatina-de-bunyol\/carrera24-2\/'><img loading=\"lazy\" decoding=\"async\" width=\"787\" height=\"525\" src=\"https:\/\/tucomarca.whitekongsoftware.com\/wp-content\/uploads\/2019\/08\/carrera24.jpg\" class=\"attachment-full size-full\" alt=\"\" srcset=\"https:\/\/tucomarca.whitekongsoftware.com\/wp-content\/uploads\/2019\/08\/carrera24.jpg 787w, https:\/\/tucomarca.whitekongsoftware.com\/wp-content\/uploads\/2019\/08\/carrera24-300x200.jpg 300w, https:\/\/tucomarca.whitekongsoftware.com\/wp-content\/uploads\/2019\/08\/carrera24-768x512.jpg 768w\" sizes=\"auto, (max-width: 787px) 100vw, 787px\" \/><\/a>\n\t\t\t<\/div><\/figure><figure class='gallery-item'>\n\t\t\t<div class='gallery-icon landscape'>\n\t\t\t\t<a href='https:\/\/tucomarca.whitekongsoftware.com\/ca\/fologaleria-latleta-magribi-hassane-ahouchar-venc-en-la-10k-xxiv-cursa-tomatina-de-bunyol\/carrera25-2\/'><img loading=\"lazy\" decoding=\"async\" width=\"787\" height=\"525\" src=\"https:\/\/tucomarca.whitekongsoftware.com\/wp-content\/uploads\/2019\/08\/carrera25.jpg\" class=\"attachment-full size-full\" alt=\"\" srcset=\"https:\/\/tucomarca.whitekongsoftware.com\/wp-content\/uploads\/2019\/08\/carrera25.jpg 787w, https:\/\/tucomarca.whitekongsoftware.com\/wp-content\/uploads\/2019\/08\/carrera25-300x200.jpg 300w, https:\/\/tucomarca.whitekongsoftware.com\/wp-content\/uploads\/2019\/08\/carrera25-768x512.jpg 768w\" sizes=\"auto, (max-width: 787px) 100vw, 787px\" \/><\/a>\n\t\t\t<\/div><\/figure><figure class='gallery-item'>\n\t\t\t<div class='gallery-icon landscape'>\n\t\t\t\t<a href='https:\/\/tucomarca.whitekongsoftware.com\/ca\/fologaleria-latleta-magribi-hassane-ahouchar-venc-en-la-10k-xxiv-cursa-tomatina-de-bunyol\/carrera26-2\/'><img loading=\"lazy\" decoding=\"async\" width=\"787\" height=\"525\" src=\"https:\/\/tucomarca.whitekongsoftware.com\/wp-content\/uploads\/2019\/08\/carrera26.jpg\" class=\"attachment-full size-full\" alt=\"\" srcset=\"https:\/\/tucomarca.whitekongsoftware.com\/wp-content\/uploads\/2019\/08\/carrera26.jpg 787w, https:\/\/tucomarca.whitekongsoftware.com\/wp-content\/uploads\/2019\/08\/carrera26-300x200.jpg 300w, https:\/\/tucomarca.whitekongsoftware.com\/wp-content\/uploads\/2019\/08\/carrera26-768x512.jpg 768w\" sizes=\"auto, (max-width: 787px) 100vw, 787px\" \/><\/a>\n\t\t\t<\/div><\/figure><figure class='gallery-item'>\n\t\t\t<div class='gallery-icon landscape'>\n\t\t\t\t<a href='https:\/\/tucomarca.whitekongsoftware.com\/ca\/fologaleria-latleta-magribi-hassane-ahouchar-venc-en-la-10k-xxiv-cursa-tomatina-de-bunyol\/carrera27-2\/'><img loading=\"lazy\" decoding=\"async\" width=\"787\" height=\"525\" src=\"https:\/\/tucomarca.whitekongsoftware.com\/wp-content\/uploads\/2019\/08\/carrera27.jpg\" class=\"attachment-full size-full\" alt=\"\" srcset=\"https:\/\/tucomarca.whitekongsoftware.com\/wp-content\/uploads\/2019\/08\/carrera27.jpg 787w, https:\/\/tucomarca.whitekongsoftware.com\/wp-content\/uploads\/2019\/08\/carrera27-300x200.jpg 300w, https:\/\/tucomarca.whitekongsoftware.com\/wp-content\/uploads\/2019\/08\/carrera27-768x512.jpg 768w\" sizes=\"auto, (max-width: 787px) 100vw, 787px\" \/><\/a>\n\t\t\t<\/div><\/figure><figure class='gallery-item'>\n\t\t\t<div class='gallery-icon landscape'>\n\t\t\t\t<a href='https:\/\/tucomarca.whitekongsoftware.com\/ca\/fologaleria-latleta-magribi-hassane-ahouchar-venc-en-la-10k-xxiv-cursa-tomatina-de-bunyol\/carrera28-2\/'><img loading=\"lazy\" decoding=\"async\" width=\"787\" height=\"525\" src=\"https:\/\/tucomarca.whitekongsoftware.com\/wp-content\/uploads\/2019\/08\/carrera28.jpg\" class=\"attachment-full size-full\" alt=\"\" srcset=\"https:\/\/tucomarca.whitekongsoftware.com\/wp-content\/uploads\/2019\/08\/carrera28.jpg 787w, https:\/\/tucomarca.whitekongsoftware.com\/wp-content\/uploads\/2019\/08\/carrera28-300x200.jpg 300w, https:\/\/tucomarca.whitekongsoftware.com\/wp-content\/uploads\/2019\/08\/carrera28-768x512.jpg 768w\" sizes=\"auto, (max-width: 787px) 100vw, 787px\" \/><\/a>\n\t\t\t<\/div><\/figure>\n\t\t<\/div>\n\n","protected":false},"excerpt":{"rendered":"<div class=\"mh-excerpt\">Aquest dissabte i amb unes alt\u00edssimes temperatures va tenir lloc a Bu\u00f1ol a Bu\u00f1ol la XXIV Cursa Tomatina de Bunyol, emmarcada dins el 22 Circuit de Carreres Populars de la Diputaci\u00f3 de Val\u00e8ncia. M\u00e9s de <a class=\"mh-excerpt-more\" href=\"https:\/\/tucomarca.whitekongsoftware.com\/ca\/fologaleria-latleta-magribi-hassane-ahouchar-venc-en-la-10k-xxiv-cursa-tomatina-de-bunyol\/\" title=\"Fotogaler\u00eda: L&#8217;atleta magrib\u00ed Hassane Ahouchar ven\u00e7 en la 10k XXIV Cursa Tomatina de Bunyol\">[+] <\/a><\/div>\n","protected":false},"author":2,"featured_media":90457,"comment_status":"open","ping_status":"open","sticky":false,"template":"","format":"standard","meta":{"footnotes":""},"categories":[11018,10911,11003,10898,10912,11008,10896],"tags":[11761,10913,11314,11762],"class_list":["post-90550","post","type-post","status-publish","format-standard","has-post-thumbnail","category-atletisme","category-bunol-ca","category-sports","category-ventana-ca","category-la-hoya-ca","category-pueblos-en-fiestas-ca","category-seccion-ca","tag-10k-ca","tag-bunol-ca","tag-bunyol-ca","tag-xxiv-carrera-tomatina-de-bunol-ca"],"_links":{"self":[{"href":"https:\/\/tucomarca.whitekongsoftware.com\/ca\/wp-json\/wp\/v2\/posts\/90550","targetHints":{"allow":["GET"]}}],"collection":[{"href":"https:\/\/tucomarca.whitekongsoftware.com\/ca\/wp-json\/wp\/v2\/posts"}],"about":[{"href":"https:\/\/tucomarca.whitekongsoftware.com\/ca\/wp-json\/wp\/v2\/types\/post"}],"author":[{"embeddable":true,"href":"https:\/\/tucomarca.whitekongsoftware.com\/ca\/wp-json\/wp\/v2\/users\/2"}],"replies":[{"embeddable":true,"href":"https:\/\/tucomarca.whitekongsoftware.com\/ca\/wp-json\/wp\/v2\/comments?post=90550"}],"version-history":[{"count":0,"href":"https:\/\/tucomarca.whitekongsoftware.com\/ca\/wp-json\/wp\/v2\/posts\/90550\/revisions"}],"wp:featuredmedia":[{"embeddable":true,"href":"https:\/\/tucomarca.whitekongsoftware.com\/ca\/wp-json\/wp\/v2\/media\/90457"}],"wp:attachment":[{"href":"https:\/\/tucomarca.whitekongsoftware.com\/ca\/wp-json\/wp\/v2\/media?parent=90550"}],"wp:term":[{"taxonomy":"category","embeddable":true,"href":"https:\/\/tucomarca.whitekongsoftware.com\/ca\/wp-json\/wp\/v2\/categories?post=90550"},{"taxonomy":"post_tag","embeddable":true,"href":"https:\/\/tucomarca.whitekongsoftware.com\/ca\/wp-json\/wp\/v2\/tags?post=90550"}],"curies":[{"name":"wp","href":"https:\/\/api.w.org\/{rel}","templated":true}]}}