{"id":90443,"date":"2019-08-10T10:58:13","date_gmt":"2019-08-10T08:58:13","guid":{"rendered":"http:\/\/www.tucomarca.com\/wordpress\/segunda\/?p=90443"},"modified":"2019-08-10T10:58:13","modified_gmt":"2019-08-10T08:58:13","slug":"bunyol-celebra-la-junta-de-seguretat-de-la-tomatina-2019-amb-lobjectiu-de-continuar-sent-la-festa-multitudinaria-mes-segura","status":"publish","type":"post","link":"https:\/\/tucomarca.whitekongsoftware.com\/ca\/bunyol-celebra-la-junta-de-seguretat-de-la-tomatina-2019-amb-lobjectiu-de-continuar-sent-la-festa-multitudinaria-mes-segura\/","title":{"rendered":"Bunyol celebra la Junta de Seguretat de la Tomatina 2019 amb l&#8217;objectiu de &#8220;continuar sent la festa multitudin\u00e0ria m\u00e9s segura&#8221;"},"content":{"rendered":"<figure id=\"attachment_90437\" aria-describedby=\"caption-attachment-90437\" style=\"width: 920px\" class=\"wp-caption alignnone\"><img loading=\"lazy\" decoding=\"async\" class=\" wp-image-90437\" src=\"http:\/\/www.tucomarca.com\/wordpress\/segunda\/wp-content\/uploads\/2019\/08\/Junta_Seguridad.jpg\" alt=\"Bu\u00f1ol celebra la Junta de Seguridad de cara a La Tomatina 2019\" width=\"920\" height=\"380\" srcset=\"https:\/\/tucomarca.whitekongsoftware.com\/wp-content\/uploads\/2019\/08\/Junta_Seguridad.jpg 1600w, https:\/\/tucomarca.whitekongsoftware.com\/wp-content\/uploads\/2019\/08\/Junta_Seguridad-300x124.jpg 300w, https:\/\/tucomarca.whitekongsoftware.com\/wp-content\/uploads\/2019\/08\/Junta_Seguridad-768x317.jpg 768w, https:\/\/tucomarca.whitekongsoftware.com\/wp-content\/uploads\/2019\/08\/Junta_Seguridad-1024x423.jpg 1024w\" sizes=\"auto, (max-width: 920px) 100vw, 920px\" \/><figcaption id=\"caption-attachment-90437\" class=\"wp-caption-text\">Bunyol ha celebrat la Junta de Seguretat de cara a La Tomatina 2019.<\/figcaption><\/figure>\n<p><strong>L&#8217;Ajuntament de Bunyol ha celebrat aquest divendres la seva Junta de Seguretat de cara a la Tomatina 2019 que tindr\u00e0 lloc el proper dia 28 d&#8217;agost.<\/strong><\/p>\n<p>La sala Raga del Mol\u00ed Gal\u00e1n de Bunyol ha acollit l&#8217;\u00faltima Junta de Seguretat per ultimar el dispositiu d&#8217;organitzaci\u00f3 d&#8217;aquesta edici\u00f3 i posar en com\u00fa tots els cossos de seguretat i sanitaris per protegir i salvaguardar a tots els visitants a la festa m\u00e9s internacional de Bunyol . En aquesta junta &#8220;van estar presents el subdelegat del Govern, Jos\u00e9 Roberto Gonz\u00e1lez, la secret\u00e0ria en mat\u00e8ria d&#8217;Igualtat de Delegaci\u00f3 de Govern, aix\u00ed com el coronel de la Gu\u00e0rdia Civil, Amador Escalada&#8221;, com ha informat l&#8217;alcaldessa de Bunyol, Jonquera Carrascosa, que ha subratllat que seran &#8220;200 efectius dels que vetllaran per la seguretat a la Tomatina d&#8217;enguany&#8221;.<\/p>\n<p>Per la seva banda, Mar\u00eda Vall\u00e8s, la regidora responsable de la Tomatina i de Govern Interior ha posat \u00e8mfasi en la &#8220;aposta en contra de la viol\u00e8ncia de g\u00e8nere que el consistori realitza en aquest esdeveniment&#8221;.<\/p>\n<p>Maria Vall\u00e8s ha destacat tamb\u00e9 &#8220;el baix \u00edndex de delinq\u00fc\u00e8ncia que s&#8217;ha assolit en aquest gran esdeveniment, fent de la Tomatina la festa multitudin\u00e0ria m\u00e9s segura fins al moment. Aquest any es treballar\u00e0 per mantenir i millorar aquest nivell de seguretat, podent aix\u00ed tranquil\u00b7litzar tots els ciutadans. Aix\u00ed com la implicaci\u00f3 dels cossos de seguretat com en anys anteriors seguir\u00e0 sent enorme, explicant a m\u00e9s amb els nostres mitjans locals, pPolic\u00eda Local i Protecci\u00f3 Civil que sens dubte fan una feina incomiable &#8220;, ha finalitzat.<\/p>\n","protected":false},"excerpt":{"rendered":"<div class=\"mh-excerpt\">L&#8217;Ajuntament de Bunyol ha celebrat aquest divendres la seva Junta de Seguretat de cara a la Tomatina 2019 que tindr\u00e0 lloc el proper dia 28 d&#8217;agost. La sala Raga del Mol\u00ed Gal\u00e1n de Bunyol ha <a class=\"mh-excerpt-more\" href=\"https:\/\/tucomarca.whitekongsoftware.com\/ca\/bunyol-celebra-la-junta-de-seguretat-de-la-tomatina-2019-amb-lobjectiu-de-continuar-sent-la-festa-multitudinaria-mes-segura\/\" title=\"Bunyol celebra la Junta de Seguretat de la Tomatina 2019 amb l&#8217;objectiu de &#8220;continuar sent la festa multitudin\u00e0ria m\u00e9s segura&#8221;\">[+] <\/a><\/div>\n","protected":false},"author":2,"featured_media":90438,"comment_status":"open","ping_status":"open","sticky":false,"template":"","format":"standard","meta":{"footnotes":""},"categories":[10911,10898,10894,10912,11008,10896],"tags":[11314,11759],"class_list":["post-90443","post","type-post","status-publish","format-standard","has-post-thumbnail","category-bunol-ca","category-ventana-ca","category-la-comarca-ca","category-la-hoya-ca","category-pueblos-en-fiestas-ca","category-seccion-ca","tag-bunyol-ca","tag-la-tomatina-2019-ca"],"_links":{"self":[{"href":"https:\/\/tucomarca.whitekongsoftware.com\/ca\/wp-json\/wp\/v2\/posts\/90443","targetHints":{"allow":["GET"]}}],"collection":[{"href":"https:\/\/tucomarca.whitekongsoftware.com\/ca\/wp-json\/wp\/v2\/posts"}],"about":[{"href":"https:\/\/tucomarca.whitekongsoftware.com\/ca\/wp-json\/wp\/v2\/types\/post"}],"author":[{"embeddable":true,"href":"https:\/\/tucomarca.whitekongsoftware.com\/ca\/wp-json\/wp\/v2\/users\/2"}],"replies":[{"embeddable":true,"href":"https:\/\/tucomarca.whitekongsoftware.com\/ca\/wp-json\/wp\/v2\/comments?post=90443"}],"version-history":[{"count":0,"href":"https:\/\/tucomarca.whitekongsoftware.com\/ca\/wp-json\/wp\/v2\/posts\/90443\/revisions"}],"wp:featuredmedia":[{"embeddable":true,"href":"https:\/\/tucomarca.whitekongsoftware.com\/ca\/wp-json\/wp\/v2\/media\/90438"}],"wp:attachment":[{"href":"https:\/\/tucomarca.whitekongsoftware.com\/ca\/wp-json\/wp\/v2\/media?parent=90443"}],"wp:term":[{"taxonomy":"category","embeddable":true,"href":"https:\/\/tucomarca.whitekongsoftware.com\/ca\/wp-json\/wp\/v2\/categories?post=90443"},{"taxonomy":"post_tag","embeddable":true,"href":"https:\/\/tucomarca.whitekongsoftware.com\/ca\/wp-json\/wp\/v2\/tags?post=90443"}],"curies":[{"name":"wp","href":"https:\/\/api.w.org\/{rel}","templated":true}]}}