{"id":90338,"date":"2019-08-07T20:42:18","date_gmt":"2019-08-07T18:42:18","guid":{"rendered":"http:\/\/www.tucomarca.com\/wordpress\/segunda\/?p=90338"},"modified":"2019-08-07T20:42:18","modified_gmt":"2019-08-07T18:42:18","slug":"video-tot-preparat-per-a-la-10k-de-bunyol-daquest-dissabte-10-dagost","status":"publish","type":"post","link":"https:\/\/tucomarca.whitekongsoftware.com\/ca\/video-tot-preparat-per-a-la-10k-de-bunyol-daquest-dissabte-10-dagost\/","title":{"rendered":"V\u00eddeo: tot preparat per a la 10K de Bunyol d&#8217;aquest dissabte, 10 d&#8217;agost"},"content":{"rendered":"<p>El Club Correores de Bunyol i la regidoria d&#8217;Esports ultimen aquests dies els detalls per a la XXIV carrerera Tomatina 10K del municipi, que es celebrar aquest dissabte, 10 d&#8217;agost.<\/p>\n<p>En aquesta edici\u00f3 una de les novetats \u00e9s que torna al Circuit de Carreres Populars de la Diputaci\u00f3 i s&#8217;espera una participaci\u00f3 superior als 500 atletes populars.<\/p>\n<p>Els 10 quil\u00f2metres de la cursa bu\u00f1olense s\u00f3n uns dels m\u00e9s exigents del circuit provincial, ja que l&#8217;especial orografia del nucli urb\u00e0 del municipi fa que tingui un gran desnivell acumulat amb diverses costes de pendents pronunciades que marcaran la difer\u00e8ncia entre els participants.<\/p>\n<p>La sortida i la meta estar\u00e0 a l&#8217;Avinguda Rafael Ridaura, i aquest any els organitzadors han previst m\u00e9s punts d&#8217;avituallament l\u00edquid durant el recorregut, ja que en la data de celebraci\u00f3, el 10 d&#8217;agost, s&#8217;esperen altes temperatures.<\/p>\n<p>L&#8217;edil d&#8217;Esports de l&#8217;Ajuntament de Bunyol, Manuel Serra, ha assegurat que &#8220;\u00e9s una gran not\u00edcia tornar al Circuit de Carreres Populars de la Diputaci\u00f3 de Val\u00e8ncia, el que assegura una difusi\u00f3 i una participaci\u00f3 m\u00e9s alta per a un esdeveniment esportiu que va a ser l&#8217;avantsala de les festes i de les m\u00faltiples activitats d&#8217;agost a Bu\u00f1ol &#8220;.<\/p>\n<p>Les categories en qu\u00e8 es disputa la prova s\u00f3n j\u00fanior, promesa, s\u00e8nior, veterans A, B i C.<\/p>\n<p>Les inscripcions es poden realitzar al web www.toprun.es fins a la mitjanit del dimecres 7 d&#8217;agost.<\/p>\n","protected":false},"excerpt":{"rendered":"<div class=\"mh-excerpt\">El Club Correores de Bunyol i la regidoria d&#8217;Esports ultimen aquests dies els detalls per a la XXIV carrerera Tomatina 10K del municipi, que es celebrar aquest dissabte, 10 d&#8217;agost. En aquesta edici\u00f3 una de <a class=\"mh-excerpt-more\" href=\"https:\/\/tucomarca.whitekongsoftware.com\/ca\/video-tot-preparat-per-a-la-10k-de-bunyol-daquest-dissabte-10-dagost\/\" title=\"V\u00eddeo: tot preparat per a la 10K de Bunyol d&#8217;aquest dissabte, 10 d&#8217;agost\">[+] <\/a><\/div>\n","protected":false},"author":1,"featured_media":90337,"comment_status":"open","ping_status":"open","sticky":false,"template":"","format":"standard","meta":{"footnotes":""},"categories":[11019,11018,10911,11003,10898,10904,10912,10895,10896,11062],"tags":[11314],"class_list":["post-90338","post","type-post","status-publish","format-standard","has-post-thumbnail","category-agenda-ca","category-atletisme","category-bunol-ca","category-sports","category-ventana-ca","category-sin-categorizar-ca","category-la-hoya-ca","category-premsavalenciana-ca","category-seccion-ca","category-videos","tag-bunyol-ca"],"_links":{"self":[{"href":"https:\/\/tucomarca.whitekongsoftware.com\/ca\/wp-json\/wp\/v2\/posts\/90338","targetHints":{"allow":["GET"]}}],"collection":[{"href":"https:\/\/tucomarca.whitekongsoftware.com\/ca\/wp-json\/wp\/v2\/posts"}],"about":[{"href":"https:\/\/tucomarca.whitekongsoftware.com\/ca\/wp-json\/wp\/v2\/types\/post"}],"author":[{"embeddable":true,"href":"https:\/\/tucomarca.whitekongsoftware.com\/ca\/wp-json\/wp\/v2\/users\/1"}],"replies":[{"embeddable":true,"href":"https:\/\/tucomarca.whitekongsoftware.com\/ca\/wp-json\/wp\/v2\/comments?post=90338"}],"version-history":[{"count":0,"href":"https:\/\/tucomarca.whitekongsoftware.com\/ca\/wp-json\/wp\/v2\/posts\/90338\/revisions"}],"wp:featuredmedia":[{"embeddable":true,"href":"https:\/\/tucomarca.whitekongsoftware.com\/ca\/wp-json\/wp\/v2\/media\/90337"}],"wp:attachment":[{"href":"https:\/\/tucomarca.whitekongsoftware.com\/ca\/wp-json\/wp\/v2\/media?parent=90338"}],"wp:term":[{"taxonomy":"category","embeddable":true,"href":"https:\/\/tucomarca.whitekongsoftware.com\/ca\/wp-json\/wp\/v2\/categories?post=90338"},{"taxonomy":"post_tag","embeddable":true,"href":"https:\/\/tucomarca.whitekongsoftware.com\/ca\/wp-json\/wp\/v2\/tags?post=90338"}],"curies":[{"name":"wp","href":"https:\/\/api.w.org\/{rel}","templated":true}]}}