{"id":90329,"date":"2019-08-07T13:29:58","date_gmt":"2019-08-07T11:29:58","guid":{"rendered":"http:\/\/www.tucomarca.com\/wordpress\/segunda\/?p=90329"},"modified":"2019-08-07T13:29:58","modified_gmt":"2019-08-07T11:29:58","slug":"obert-el-termini-dinscripcio-a-la-11-edicio-del-programa-de-voluntariat-ambiental-a-prevencio-dincendis-forestals-a-requena-utiel","status":"publish","type":"post","link":"https:\/\/tucomarca.whitekongsoftware.com\/ca\/obert-el-termini-dinscripcio-a-la-11-edicio-del-programa-de-voluntariat-ambiental-a-prevencio-dincendis-forestals-a-requena-utiel\/","title":{"rendered":"Obert el termini d&#8217;inscripci\u00f3 a la 11 edici\u00f3 del Programa de voluntariat ambiental a prevenci\u00f3 d&#8217;incendis forestals a Requena-Utiel"},"content":{"rendered":"<figure id=\"attachment_90321\" aria-describedby=\"caption-attachment-90321\" style=\"width: 494px\" class=\"wp-caption alignnone\"><img loading=\"lazy\" decoding=\"async\" class=\" wp-image-90321\" src=\"http:\/\/www.tucomarca.com\/wordpress\/segunda\/wp-content\/uploads\/2019\/08\/xi_voluntariado_ambiental1.jpg\" alt=\"Hasta el 12 de agosto en la Mancomunidad del Interior Tierra del Vino.\" width=\"494\" height=\"312\" srcset=\"https:\/\/tucomarca.whitekongsoftware.com\/wp-content\/uploads\/2019\/08\/xi_voluntariado_ambiental1.jpg 950w, https:\/\/tucomarca.whitekongsoftware.com\/wp-content\/uploads\/2019\/08\/xi_voluntariado_ambiental1-300x189.jpg 300w, https:\/\/tucomarca.whitekongsoftware.com\/wp-content\/uploads\/2019\/08\/xi_voluntariado_ambiental1-768x485.jpg 768w\" sizes=\"auto, (max-width: 494px) 100vw, 494px\" \/><figcaption id=\"caption-attachment-90321\" class=\"wp-caption-text\">Fins al 12 d&#8217;agost a la Mancomunidad de l&#8217;Interior Terra del Vi.<\/figcaption><\/figure>\n<p>La Mancomunitat de l&#8217;Interior Terra del Vi, en col\u00b7laboraci\u00f3 amb els municipis de la comarca, ultima els preparatius per a comen\u00e7ar l&#8217;onzena edici\u00f3 del Programa de Voluntariat Ambiental en Prevenci\u00f3 d&#8217;Incendis Forestals, subvencionat novament per la Conselleria d&#8217;Agricultura, Medi Ambient, Canvi clim\u00e0tic i Desenvolupament Rural.<\/p>\n<p>El voluntariat es desenvolupar\u00e0 al llarg del mes d&#8217;agost i els seus participants tindran l&#8217;oportunitat de realitzar tasques de vigil\u00e0ncia i suport als agents forestals per a la prevenci\u00f3 d&#8217;incendis forestals en els termes d&#8217;Utiel, Sinarcas, Venta del Moro, Villargordo del Cabriel i Requena.<\/p>\n<p>L&#8217;activitat tamb\u00e9 servir\u00e0 per formar els voluntaris en temes com cartografia i orientaci\u00f3, flora i fauna, primers auxilis, educaci\u00f3 ambiental i conscienciaci\u00f3, incendis forestals i t\u00e8cniques de comunicaci\u00f3. Tot aix\u00f2 a trav\u00e9s de diversos tallers que tenen com a objectiu conscienciar la poblaci\u00f3 sobre la necessitat de conservar el medi ambient.<\/p>\n<p>El programa de voluntariat ambiental funciona com un servei d&#8217;obra social i d&#8217;integraci\u00f3, al mateix temps que es perfila com un mitj\u00e0 de difusi\u00f3 de bones pr\u00e0ctiques ambientals entre la ciutadania, amb campanyes de sensibilitzaci\u00f3 als usuaris que realitzen activitats en paratges naturals del terme supramunicipal de la Mancomunitat.<\/p>\n<p>Com a compensaci\u00f3 per les tasques de voluntariat, els participants seran gratificats durant la seva estada en el programa amb esmorzars i dinars gratu\u00efts, material de senderisme (cal\u00e7at, samarretes i gorres adequats per a les activitats a realitzar) i acc\u00e9s gratu\u00eft a les piscines municipals de la demarcaci\u00f3 . En acabar el programa, els voluntaris seran obsequiats amb un diploma acreditatiu que reconeixer\u00e0 la seva tan preuada tasca.<\/p>\n<p>Els interessats a formar part d&#8217;aquesta onzena edici\u00f3 del Programa de Voluntariat Ambiental en Prevenci\u00f3 d&#8217;Incendis Forestals podran realitzar les inscripcions a la seu de Mancomunidad de l&#8217;Interior (carrer Adarve 5 de Utiel) o mitjan\u00e7ant correu electr\u00f2nic (comunicacion@tierradelvino.es). El termini d&#8217;inscripcions conclour\u00e0 el proper dilluns 12 d&#8217;agost.<\/p>\n","protected":false},"excerpt":{"rendered":"<div class=\"mh-excerpt\">La Mancomunitat de l&#8217;Interior Terra del Vi, en col\u00b7laboraci\u00f3 amb els municipis de la comarca, ultima els preparatius per a comen\u00e7ar l&#8217;onzena edici\u00f3 del Programa de Voluntariat Ambiental en Prevenci\u00f3 d&#8217;Incendis Forestals, subvencionat novament per <a class=\"mh-excerpt-more\" href=\"https:\/\/tucomarca.whitekongsoftware.com\/ca\/obert-el-termini-dinscripcio-a-la-11-edicio-del-programa-de-voluntariat-ambiental-a-prevencio-dincendis-forestals-a-requena-utiel\/\" title=\"Obert el termini d&#8217;inscripci\u00f3 a la 11 edici\u00f3 del Programa de voluntariat ambiental a prevenci\u00f3 d&#8217;incendis forestals a Requena-Utiel\">[+] <\/a><\/div>\n","protected":false},"author":1,"featured_media":90322,"comment_status":"open","ping_status":"open","sticky":false,"template":"","format":"standard","meta":{"footnotes":""},"categories":[10894,10908,10909,10896,11058,11059,11060,11061],"tags":[11099,10910],"class_list":["post-90329","post","type-post","status-publish","format-standard","has-post-thumbnail","category-la-comarca-ca","category-requena-ca","category-requena-utiel-ca","category-seccion-ca","category-sinarcas-ca","category-utiel-ca","category-venta-del-moro-ca","category-villargordo-del-cabriel-ca","tag-requena-ca","tag-requena-utiel-ca"],"_links":{"self":[{"href":"https:\/\/tucomarca.whitekongsoftware.com\/ca\/wp-json\/wp\/v2\/posts\/90329","targetHints":{"allow":["GET"]}}],"collection":[{"href":"https:\/\/tucomarca.whitekongsoftware.com\/ca\/wp-json\/wp\/v2\/posts"}],"about":[{"href":"https:\/\/tucomarca.whitekongsoftware.com\/ca\/wp-json\/wp\/v2\/types\/post"}],"author":[{"embeddable":true,"href":"https:\/\/tucomarca.whitekongsoftware.com\/ca\/wp-json\/wp\/v2\/users\/1"}],"replies":[{"embeddable":true,"href":"https:\/\/tucomarca.whitekongsoftware.com\/ca\/wp-json\/wp\/v2\/comments?post=90329"}],"version-history":[{"count":0,"href":"https:\/\/tucomarca.whitekongsoftware.com\/ca\/wp-json\/wp\/v2\/posts\/90329\/revisions"}],"wp:featuredmedia":[{"embeddable":true,"href":"https:\/\/tucomarca.whitekongsoftware.com\/ca\/wp-json\/wp\/v2\/media\/90322"}],"wp:attachment":[{"href":"https:\/\/tucomarca.whitekongsoftware.com\/ca\/wp-json\/wp\/v2\/media?parent=90329"}],"wp:term":[{"taxonomy":"category","embeddable":true,"href":"https:\/\/tucomarca.whitekongsoftware.com\/ca\/wp-json\/wp\/v2\/categories?post=90329"},{"taxonomy":"post_tag","embeddable":true,"href":"https:\/\/tucomarca.whitekongsoftware.com\/ca\/wp-json\/wp\/v2\/tags?post=90329"}],"curies":[{"name":"wp","href":"https:\/\/api.w.org\/{rel}","templated":true}]}}