{"id":90224,"date":"2019-08-06T19:08:42","date_gmt":"2019-08-06T17:08:42","guid":{"rendered":"http:\/\/www.tucomarca.com\/wordpress\/segunda\/?p=90224"},"modified":"2019-08-06T19:08:42","modified_gmt":"2019-08-06T17:08:42","slug":"video-lauditori-municipal-de-leliana-es-troba-en-obres-per-millorar-la-seua-acustica","status":"publish","type":"post","link":"https:\/\/tucomarca.whitekongsoftware.com\/ca\/video-lauditori-municipal-de-leliana-es-troba-en-obres-per-millorar-la-seua-acustica\/","title":{"rendered":"V\u00eddeo: L&#8217;Auditori Municipal de l&#8217;Eliana es troba en obres per millorar la seua ac\u00fastica"},"content":{"rendered":"<p>El Centre Sociocultural, un edifici p\u00fablic de gran import\u00e0ncia que est\u00e0 format per l&#8217;auditori i per diversos espais culturals de trobada, est\u00e0 patint una millora de la seva Auditori Municipal des de mitjans del mes de juliol.<\/p>\n<p>L&#8217;actuaci\u00f3 consisteix en una reconstrucci\u00f3 de les llotges laterals per millorar l&#8217;ac\u00fastica de l&#8217;edifici. Anteriorment, les llotges tenien una manera que dificultava la propagaci\u00f3 del so, per aquest motiu, s&#8217;est\u00e0 fent una ampliaci\u00f3 estructural dels mateixos perqu\u00e8 siguin rectes.<\/p>\n<p>Es tracta d&#8217;una obra amb un pressupost de 30.000 euros i que est\u00e0 finan\u00e7ada \u00edntegrament per la IFS (pla d&#8217;Inversions Financerament Sostenibles) del 2018.<\/p>\n<p>Des dels \u00faltims anys, l&#8217;Ajuntament ha volgut fer \u00e8mfasi en la millora del Centre Sociocultural, ja que considerava que necessitava reformes per anar millorant. Per aquest motiu, en la part de dalt es van construir nous espais de gran inter\u00e8s per a la ciutadania com la sala de confer\u00e8ncies o la sala d&#8217;exposicions. A m\u00e9s, l&#8217;Auditori va tenir en el seu moment una millora de la il\u00b7luminaci\u00f3 aix\u00ed com del so.<\/p>\n<p>&#8220;Volem continuat millorant l&#8217;auditori i el centre sociocultural perqu\u00e8 \u00e9s un element fonamental per millorar el nostre poble i perqu\u00e8 la gent pugui gaudir de la cultura&#8221;, ha declarat l&#8217;alcalde Salva Torrent.<\/p>\n<p>\u00c9s una actuaci\u00f3 imprescindible per millorar la propagaci\u00f3 del so i per millorar la qualitat de vida dels ve\u00efns i ve\u00efnes del municipi. Es prev\u00e9 que estigui acabada a mitjans del mes de setembre.<\/p>\n","protected":false},"excerpt":{"rendered":"<div class=\"mh-excerpt\">El Centre Sociocultural, un edifici p\u00fablic de gran import\u00e0ncia que est\u00e0 format per l&#8217;auditori i per diversos espais culturals de trobada, est\u00e0 patint una millora de la seva Auditori Municipal des de mitjans del mes <a class=\"mh-excerpt-more\" href=\"https:\/\/tucomarca.whitekongsoftware.com\/ca\/video-lauditori-municipal-de-leliana-es-troba-en-obres-per-millorar-la-seua-acustica\/\" title=\"V\u00eddeo: L&#8217;Auditori Municipal de l&#8217;Eliana es troba en obres per millorar la seua ac\u00fastica\">[+] <\/a><\/div>\n","protected":false},"author":1,"featured_media":90246,"comment_status":"open","ping_status":"open","sticky":false,"template":"","format":"standard","meta":{"footnotes":""},"categories":[10892,11005,10898,10948,10894,10893,11007,10896,11062],"tags":[10899,11172],"class_list":["post-90224","post","type-post","status-publish","format-standard","has-post-thumbnail","category-camp-de-turia-ca","category-canal-musica","category-ventana-ca","category-infraestructuras-ca","category-la-comarca-ca","category-leliana-ca","category-ocio-y-cultura-ca","category-seccion-ca","category-videos","tag-camp-de-turia-ca","tag-leliana-ca-2"],"_links":{"self":[{"href":"https:\/\/tucomarca.whitekongsoftware.com\/ca\/wp-json\/wp\/v2\/posts\/90224","targetHints":{"allow":["GET"]}}],"collection":[{"href":"https:\/\/tucomarca.whitekongsoftware.com\/ca\/wp-json\/wp\/v2\/posts"}],"about":[{"href":"https:\/\/tucomarca.whitekongsoftware.com\/ca\/wp-json\/wp\/v2\/types\/post"}],"author":[{"embeddable":true,"href":"https:\/\/tucomarca.whitekongsoftware.com\/ca\/wp-json\/wp\/v2\/users\/1"}],"replies":[{"embeddable":true,"href":"https:\/\/tucomarca.whitekongsoftware.com\/ca\/wp-json\/wp\/v2\/comments?post=90224"}],"version-history":[{"count":0,"href":"https:\/\/tucomarca.whitekongsoftware.com\/ca\/wp-json\/wp\/v2\/posts\/90224\/revisions"}],"wp:featuredmedia":[{"embeddable":true,"href":"https:\/\/tucomarca.whitekongsoftware.com\/ca\/wp-json\/wp\/v2\/media\/90246"}],"wp:attachment":[{"href":"https:\/\/tucomarca.whitekongsoftware.com\/ca\/wp-json\/wp\/v2\/media?parent=90224"}],"wp:term":[{"taxonomy":"category","embeddable":true,"href":"https:\/\/tucomarca.whitekongsoftware.com\/ca\/wp-json\/wp\/v2\/categories?post=90224"},{"taxonomy":"post_tag","embeddable":true,"href":"https:\/\/tucomarca.whitekongsoftware.com\/ca\/wp-json\/wp\/v2\/tags?post=90224"}],"curies":[{"name":"wp","href":"https:\/\/api.w.org\/{rel}","templated":true}]}}