{"id":90202,"date":"2019-08-06T14:57:56","date_gmt":"2019-08-06T12:57:56","guid":{"rendered":"http:\/\/www.tucomarca.com\/wordpress\/segunda\/?p=90202"},"modified":"2019-08-06T14:57:56","modified_gmt":"2019-08-06T12:57:56","slug":"viii-vetllada-de-vi-i-versos-a-requena","status":"publish","type":"post","link":"https:\/\/tucomarca.whitekongsoftware.com\/ca\/viii-vetllada-de-vi-i-versos-a-requena\/","title":{"rendered":"VIII vetllada de Vi i Versos a Requena"},"content":{"rendered":"<figure id=\"attachment_90199\" aria-describedby=\"caption-attachment-90199\" style=\"width: 444px\" class=\"wp-caption alignleft\"><img loading=\"lazy\" decoding=\"async\" class=\" wp-image-90199\" src=\"http:\/\/www.tucomarca.com\/wordpress\/segunda\/wp-content\/uploads\/2019\/08\/CartelVeladavinoyversos2019.jpg\" alt=\"Este viernes 9 de agosto a las 8 de la tarde en el exterior del Templo de Santa Mar\u00eda\" width=\"444\" height=\"620\" srcset=\"https:\/\/tucomarca.whitekongsoftware.com\/wp-content\/uploads\/2019\/08\/CartelVeladavinoyversos2019.jpg 1264w, https:\/\/tucomarca.whitekongsoftware.com\/wp-content\/uploads\/2019\/08\/CartelVeladavinoyversos2019-215x300.jpg 215w, https:\/\/tucomarca.whitekongsoftware.com\/wp-content\/uploads\/2019\/08\/CartelVeladavinoyversos2019-768x1073.jpg 768w, https:\/\/tucomarca.whitekongsoftware.com\/wp-content\/uploads\/2019\/08\/CartelVeladavinoyversos2019-733x1024.jpg 733w, https:\/\/tucomarca.whitekongsoftware.com\/wp-content\/uploads\/2019\/08\/CartelVeladavinoyversos2019-1024x1431.jpg 1024w\" sizes=\"auto, (max-width: 444px) 100vw, 444px\" \/><figcaption id=\"caption-attachment-90199\" class=\"wp-caption-text\">Aquest divendres 9 d&#8217;agost a les 8 del vespre a l&#8217;exterior del Temple de Santa Maria<\/figcaption><\/figure>\n<p>Aquest divendres 9 d&#8217;agost a les 8 del vespre a l&#8217;exterior del Temple de Santa Maria tindr\u00e0 lloc la VIII Vetllada de Vi i Versos que coordina el poeta Juan Vicente Piqueras. Tornar\u00e0 a ser una trobada de poesia hispano-lusitana amb les poetesses portugueses Filipa Leal i Mafalda Veiga i, per part espanyola, Juan Carlos Mestre, David Llegeixo Garc\u00eda i Francisco Jos\u00e9 Cruz. Aquest esdeveniment est\u00e0 organitzat pel M.I. Ajuntament de Requena i la Ruta del Vi Utiel-Requena amb la col\u00b7laboraci\u00f3 de la Denominaci\u00f3 d&#8217;Origen Utiel-Requena.<\/p>\n<p>Breu curr\u00edculum dels poetes:<\/p>\n<p>Francisco Jos\u00e9 Cruz (Alcal\u00e1 del Riu, Sevilla, 1962) ha publicat els seg\u00fcents llibres de poemes: Prehist\u00f2ria dels \u00e0ngels (Premi Fang de Poesia, Sevilla, 1984), Sota el vetllar del temps (Sagunt, 1987), Maneres de viure ( I Premi Renaixement de Poesia, Sevilla, 1998; M\u00e8xic, 2004; Bogot\u00e0, 2006), A morir no s&#8217;apr\u00e8n (M\u00e0laga, 2003; Bogot\u00e0, 2006), Fins a l&#8217;\u00faltim os. Poemes reunits 1998-2007 (M\u00e8rida, Vene\u00e7uela, 2007), L&#8217;espant segur (Sevilla, 2010); Amb la mosca al nas (Bogot\u00e0, 2011) i Un vague calfred (Bogot\u00e0, 2015, Val\u00e8ncia, 2019). Va ser codirector de la revista de creaci\u00f3 Ritme de vent (1986-1989) i dirigeix \u200b\u200ba Carmona, des de la seva fundaci\u00f3 el 1990, la revista Palimpsest, especialment atenta a la poesia hispanoamericana. A m\u00e9s, \u00e9s autor de diverses compilacions i edicions, entre elles: Roberto Juarroz, Poesia Vertical. (Madrid, 1991), Jos\u00e9 Manuel Arango, Poesia completa (Sevilla, 2009), Poesia de la intemp\u00e8rie. Selecci\u00f3 de cobles flamenques (Carmona, 2010), Carlos Germ\u00e1n Belli Els poemes triats (Val\u00e8ncia, 2011), Pedro Lastra Al cap del dia 1958-2013 (Sevilla, 2013) i Humberto Ak&#8217;abal No permetin que l&#8217;ahir es vagi lluny ( Bogot\u00e0, 2019). El 2004, va crear el projecte Casa dels Poetes de Sevilla. Va ser assessor literari de la Biblioteca Sibil\u00b7la i actualment ho \u00e9s de la revista del mateix nom.<\/p>\n<p>David Llegeixo Garc\u00eda (M\u00e0laga, 1988) \u00e9s llicenciat en Filologia Hisp\u00e0nica. Als disset anys va obtenir el Premi Hiperi\u00f3n per Urbi et orbi (2006), convertint-se en el premiat m\u00e9s jove de la seva hist\u00f2ria. Aquest li va servir de pont per con\u00e8ixer a algunes de les grans personalitats del panorama literari espanyol. Aquest mateix any va guanyar tamb\u00e9 el Premi M\u00e0laga-Crea amb Escrit escrot va escrutar. Durant el curs 2007\/2008 va gaudir d&#8217;una beca a la Fundaci\u00f3 Antonio Gala de C\u00f2rdova. Membre del Consell de Redacci\u00f3 de la revista Robador d&#8217;Europa, ha publicat tamb\u00e9 poemes solts en mitjans digitals i revistes impreses, aix\u00ed com diverses antologies com La intel\u00b7lig\u00e8ncia i la destral (2010) de Luis Antonio de Villena o Tenien vint anys i estaven bojos ( 2011) de Lluna Miquel. Tamb\u00e9 \u00e9s autor de Digues-me qu\u00e8 (DVD, 2011; RIL Editors, 2018) i Nou mesos sense llenguatge (Ultramarinos, 2018). Actualment resideix a Barcelona, \u200b\u200bon estudia gui\u00f3 i realitzaci\u00f3 de cinema.<\/p>\n<p>Filipa Leal (Porto, 1979) \u00e9s poeta, periodista i guionista. Va estudiar Periodisme a la Universitat de Westminster i va concloure el Mestratge en Estudis Portuguesos i Brasilers a la Facultat de Lletres de la Universitat de Porto. El 2003 va publicar el seu primer llibre de ficci\u00f3, Lluna-polaroid, seguit de t\u00edtols com The Net City (ed. Deriva, publicat a Espanya per Sequitur), Ad\u00edlia Lopes Lopes (no edicions) o Come on Thursday (Ed. Assiris i Alvim) . A Col\u00f2mbia, l&#8217;editorial Tragaluz publicar la seva primera antologia de poemes, de la qual existeix una traducci\u00f3 a l&#8217;espanyol de Pere Rapoula i Jer\u00f3nimo Pizarro: En els dies tristos no es parla d&#8217;ocells. En 2014, va escriure amb la cineasta Patr\u00edcia Sequeira la pel\u00b7l\u00edcula Jogo de Dames: Premi Afrodita d&#8217;Or al Millor Gui\u00f3 al Festival de Cinema de Xipre (2016) i Premi al Millor Gui\u00f3 al Festival de Cinema Mensual de Copenhaguen (2017). Tamb\u00e9 ha estat autor i guionista de la s\u00e8rie de televisi\u00f3 Mulheres Assim (2016-2017). En l&#8217;actualitat col\u00b7labora amb el programa de televisi\u00f3 setmanal Literatura Aqui de RTP2 i el 2017 va obtenir el Premi SPA al Millor Programa d&#8217;Entreteniment. Recentment, ha publicat el seu des\u00e8 llibre: Matches and Metall on Imitation of Being Human (Ed ass\u00edrio &amp; Alvim, 2019).<\/p>\n<p>Mafalda Veiga (Lisboa, 1965) \u00e9s compositora i int\u00e8rpret molt afamada a Portugal. El seu pare li va regalar la seva primera viola a l&#8217;edat de set anys, i amb tan sols tretze escriure la seva primera can\u00e7\u00f3. Al novembre de 1987, es va publicar el seu primer disc Passaros Do Sul (Set Premis d&#8217;Or per la Revelaci\u00f3), quan la compositora encara estava cursant el seu segon any en Lleng\u00fces i Literatures Modernes, a la Facultat de Lletres de Lisboa. Durant els \u00faltims trenta anys, ha editat diversos discos que es van convertir en discos d&#8217;or, plata i plat\u00ed: Tatuagem (1999, les can\u00e7ons es van convertir en part de les bandes sonores de les telenovel\u00b7les brasileres Tv Globus), Ao Vivo (2000), 5 de Outubro No Coliseu de Lisboa (2004), Chao (Premi Zeca Afonso, 2009), Zoom (2011), Praia (2016, tant un disc com un quadern d&#8217;un autor). Tamb\u00e9 ha publicat els llibres Songbook (Quasi Editions, 2004) i The Sparrow-billed Woodpecker (Quasi Editions, 2005) i Vaig arreglar els calaixos i vaig cuidar el meu jard\u00ed (Blue Book, 2019) amb imatges originals de la pintora Ana Vidigal.<\/p>\n<p>Juan Carlos Mestre (Villafranca del Bierzo, Lle\u00f3, 1957), poeta i artista gr\u00e0fic, \u00e9s autor de diversos llibres de poesia i assaig, com Ant\u00edfona de la Tardor a la Vall del Bierzo (Premi Adon\u00e1is, 1985), La poesia ha caigut en desgr\u00e0cia (Premi Jaime Gil de Biedma, 1992) o La tomba de Keats (Premi Ja\u00e9n de Poesia, 1999). La seva obra po\u00e8tica ha estat recollida en diverses antologies com Un poema no \u00e9s una missa cantada (Lustra Editors, 2013) o Hist\u00f2ria Natural de la Felicitat (Fons de Cultura Econ\u00f2mica, 2014). Per la seva llibre La casa vermella va obtenir el Premi Nacional de Poesia 2009 i amb el poemari La bicicleta del forner, el Premi de la Cr\u00edtica. Museu de la classe obrera \u00e9s la seva m\u00e9s recent publicaci\u00f3. Al 2018 se li va concedir el Premi de les Lletres de Castella i Lle\u00f3 en reconeixement al conjunt de la seva obra.<\/p>\n<p>Juan Vicente Piqueras (Els Ducs de Requena, 1960) \u00e9s llicenciat en Filologia Hisp\u00e0nica i treballa a l&#8217;Institut Cervantes. Ha residit a Villedieu-sur-Indre (Fran\u00e7a), a Roma, Atenes, Alger i Lisboa. I la seva imminent dest\u00ed \u00e9s la direcci\u00f3 de l&#8217;Institut Cervantes d&#8217;Amman.<\/p>\n<p>\u00c9s autor de 17 llibres de poemes. Alguns d&#8217;ells han obtingut els premis de poesia Jos\u00e9 Hierro, Antonio Machado, Val\u00e8ncia de Poesia, premi de la Cr\u00edtica Valenciana, acc\u00e8ssit Ciutat de Melilla, premi Ja\u00e9n de Poesia, i premi del Festival Internacional de Medell\u00edn. Va rebre el Premi Internacional Loewe 2012 per &#8220;Atenes&#8221;.<\/p>\n<p>Tamb\u00e9 destaca la seva faceta de traductor de poesia d&#8217;autors com Tonino Guerra, Marc Lodoli, Izet Sarajlic, Cesare Zavattini, Ana Blandiana o Kostas Vrachnos, entre d&#8217;altres.<\/p>\n<p>El 28 de gener de 2012 es va inaugurar a Hortunas (llogaret de Requena) la &#8220;Biblioteca Joan Vicente Piqueras&#8221;. Des de 2012 organitza, cada agost, la &#8220;Vetllada de Vi i Versos&#8221; on han intervingut poetes com Francisca Aguirre, Antonio Cabrera, Vicente Gallego, Carlos Marzal, Fernando Delgado, Kostas Vrachn\u00f3s, Joaqu\u00edn P\u00e9rez Azaustre, Jes\u00fas Aguado, Amalia Iglesias, Sabrina Foschini , Anna Bellozorovitch, etc.<\/p>\n","protected":false},"excerpt":{"rendered":"<div class=\"mh-excerpt\">Aquest divendres 9 d&#8217;agost a les 8 del vespre a l&#8217;exterior del Temple de Santa Maria tindr\u00e0 lloc la VIII Vetllada de Vi i Versos que coordina el poeta Juan Vicente Piqueras. Tornar\u00e0 a ser <a class=\"mh-excerpt-more\" href=\"https:\/\/tucomarca.whitekongsoftware.com\/ca\/viii-vetllada-de-vi-i-versos-a-requena\/\" title=\"VIII vetllada de Vi i Versos a Requena\">[+] <\/a><\/div>\n","protected":false},"author":1,"featured_media":90200,"comment_status":"open","ping_status":"open","sticky":false,"template":"","format":"standard","meta":{"footnotes":""},"categories":[11019,11006,10908,10909,10896],"tags":[11099,10910],"class_list":["post-90202","post","type-post","status-publish","format-standard","has-post-thumbnail","category-agenda-ca","category-canal-vinos","category-requena-ca","category-requena-utiel-ca","category-seccion-ca","tag-requena-ca","tag-requena-utiel-ca"],"_links":{"self":[{"href":"https:\/\/tucomarca.whitekongsoftware.com\/ca\/wp-json\/wp\/v2\/posts\/90202","targetHints":{"allow":["GET"]}}],"collection":[{"href":"https:\/\/tucomarca.whitekongsoftware.com\/ca\/wp-json\/wp\/v2\/posts"}],"about":[{"href":"https:\/\/tucomarca.whitekongsoftware.com\/ca\/wp-json\/wp\/v2\/types\/post"}],"author":[{"embeddable":true,"href":"https:\/\/tucomarca.whitekongsoftware.com\/ca\/wp-json\/wp\/v2\/users\/1"}],"replies":[{"embeddable":true,"href":"https:\/\/tucomarca.whitekongsoftware.com\/ca\/wp-json\/wp\/v2\/comments?post=90202"}],"version-history":[{"count":0,"href":"https:\/\/tucomarca.whitekongsoftware.com\/ca\/wp-json\/wp\/v2\/posts\/90202\/revisions"}],"wp:featuredmedia":[{"embeddable":true,"href":"https:\/\/tucomarca.whitekongsoftware.com\/ca\/wp-json\/wp\/v2\/media\/90200"}],"wp:attachment":[{"href":"https:\/\/tucomarca.whitekongsoftware.com\/ca\/wp-json\/wp\/v2\/media?parent=90202"}],"wp:term":[{"taxonomy":"category","embeddable":true,"href":"https:\/\/tucomarca.whitekongsoftware.com\/ca\/wp-json\/wp\/v2\/categories?post=90202"},{"taxonomy":"post_tag","embeddable":true,"href":"https:\/\/tucomarca.whitekongsoftware.com\/ca\/wp-json\/wp\/v2\/tags?post=90202"}],"curies":[{"name":"wp","href":"https:\/\/api.w.org\/{rel}","templated":true}]}}