{"id":90190,"date":"2019-08-06T14:33:16","date_gmt":"2019-08-06T12:33:16","guid":{"rendered":"http:\/\/www.tucomarca.com\/wordpress\/segunda\/?p=90190"},"modified":"2019-08-06T14:33:16","modified_gmt":"2019-08-06T12:33:16","slug":"lorquestra-filharmonica-de-la-fundacio-ciutat-de-requena-celebra-el-i-concurs-mestre-collado-de-direccio-dorquestra","status":"publish","type":"post","link":"https:\/\/tucomarca.whitekongsoftware.com\/ca\/lorquestra-filharmonica-de-la-fundacio-ciutat-de-requena-celebra-el-i-concurs-mestre-collado-de-direccio-dorquestra\/","title":{"rendered":"L&#8217;Orquestra Filharm\u00f2nica de la Fundaci\u00f3 Ciutat de Requena celebra el I concurs &#8220;Mestre Collado&#8221; de direcci\u00f3 d&#8217;orquestra"},"content":{"rendered":"<figure id=\"attachment_90187\" aria-describedby=\"caption-attachment-90187\" style=\"width: 480px\" class=\"wp-caption alignnone\"><img loading=\"lazy\" decoding=\"async\" class=\" wp-image-90187\" src=\"http:\/\/www.tucomarca.com\/wordpress\/segunda\/wp-content\/uploads\/2019\/08\/RequenaORQUESTA.jpg\" alt=\"Los y las cursillistas se enfrentaron a un complicado programa con la I Sinfon\u00eda en Re M de Mahler, 'Tit\u00e1n'\" width=\"480\" height=\"345\" srcset=\"https:\/\/tucomarca.whitekongsoftware.com\/wp-content\/uploads\/2019\/08\/RequenaORQUESTA.jpg 1080w, https:\/\/tucomarca.whitekongsoftware.com\/wp-content\/uploads\/2019\/08\/RequenaORQUESTA-300x216.jpg 300w, https:\/\/tucomarca.whitekongsoftware.com\/wp-content\/uploads\/2019\/08\/RequenaORQUESTA-768x552.jpg 768w, https:\/\/tucomarca.whitekongsoftware.com\/wp-content\/uploads\/2019\/08\/RequenaORQUESTA-1024x736.jpg 1024w\" sizes=\"auto, (max-width: 480px) 100vw, 480px\" \/><figcaption id=\"caption-attachment-90187\" class=\"wp-caption-text\">Els i les cursetistes es van enfrontar a un complicat programa amb la I Simfonia en Re M de Mahler, &#8216;Titan&#8217;<\/figcaption><\/figure>\n<p>L&#8217;Orquestra Filharm\u00f2nica de la Fundaci\u00f3 Ciutat de Requena va celebrar el seu primer concurs de direcci\u00f3 d&#8217;orquestra &#8216;Mestre Collado&#8217;, en qu\u00e8, despr\u00e9s d&#8217;una intensa deliberaci\u00f3 del jurat, es va lliurar el premi ex aequo a l&#8217;alacant\u00ed Pere Grau Caselles i al castellonenc Daniel Ib\u00e1\u00f1ez Barreda .<\/p>\n<p>El concurs, emmarcat dins del X curs de direcci\u00f3 d&#8217;orquestra &#8216;Ciutat de Requena&#8217;, celebrat del 22 al 26 de juliol, es va caracteritzar per l&#8217;alt nivell dels i les cursetistes participants, qui durant la setmana es van enfrontar a la complicada I Simfonia en Re M de Gustav Mahler, &#8216;Titan&#8217;.<\/p>\n<p>El director de l&#8217;agrupaci\u00f3 i mestre del curs, Francisco Melero, es va mostrar molt satisfet &#8220;de la feina que m\u00fasics i directors han realitzat durant aquesta setmana, en qu\u00e8 hem pogut veure com, classe despr\u00e9s de classe i assaig rere assaig, han anat superant-se i solucionant les dificultats a qu\u00e8 s&#8217;enfrontaven. No nom\u00e9s cal donar-li l&#8217;enhorabona als dos guanyadors, sin\u00f3 a tots i cada un dels 9 participants d&#8217;aquest any &#8220;.<\/p>\n<p>&#8220;Amb un curs que en el seu des\u00e8 aniversari ja podem avalar com madur i consolidat, hem volgut aportar un valor afegit amb el concurs &#8216;Mestre Collado&#8217;. Estic conven\u00e7ut que despr\u00e9s d&#8217;aquesta primera edici\u00f3, l&#8217;estiu que ens espera un altre salt qualitatiu que no deixar\u00e0 a ning\u00fa indiferent &#8220;, ha assegurat Melero.<\/p>\n<p>El titular de la Filharm\u00f2nica tamb\u00e9 va tenir paraules d&#8217;agra\u00efment per a la fam\u00edlia del seu mentor i reconegut director valenci\u00e0, Jos\u00e9 Mar\u00eda Cervera Collado, en honor del qual s&#8217;ha batejat el curs. &#8220;Ha estat molt emotiu poder brindar aquest petit homenatge i poder comptar per a aix\u00f2, des del primer moment, amb el suport de la seva esposa&#8221;.<\/p>\n<p>De la mateixa manera, el mestre Melero va agrair a la Fundaci\u00f3 Ciutat de Requena &#8220;la seva aposta per la nostra jove orquestra i per aquest curs, en el qual han subvencionat a tots els cursetistes en un 50%. \u00c9s meravell\u00f3s que hi hagi una Fundaci\u00f3 que treballa i es implica tant per la m\u00fasica i la cultura de la seva terra &#8220;.<\/p>\n<p>La Filharm\u00f2nica i Sole Gim\u00e9nez<\/p>\n<p>L&#8217;Orquestra Filharm\u00f2nica de la Fundaci\u00f3 Ciutat de Requena compartir\u00e0 escenari amb la cantant Soledad Gim\u00e9nez en el concert simf\u00f2nic &#8220;Dones de m\u00fasica&#8221;, que tindr\u00e0 lloc el 23 d&#8217;agost a les 23 hores en l&#8217;incomparable marc que ofereix el Pati d&#8217;Armes de Requena.<\/p>\n<p>Les entrades ja es poden adquirir de manera online a www.entradasonline.es i de manera presencial a Monos Comunicaci\u00f3 Requena, situat a la pla\u00e7a d&#8217;Espanya, n\u00ba 9 sota, a m\u00e9s del dia del concert, a taquilla.<\/p>\n","protected":false},"excerpt":{"rendered":"<div class=\"mh-excerpt\">L&#8217;Orquestra Filharm\u00f2nica de la Fundaci\u00f3 Ciutat de Requena va celebrar el seu primer concurs de direcci\u00f3 d&#8217;orquestra &#8216;Mestre Collado&#8217;, en qu\u00e8, despr\u00e9s d&#8217;una intensa deliberaci\u00f3 del jurat, es va lliurar el premi ex aequo a <a class=\"mh-excerpt-more\" href=\"https:\/\/tucomarca.whitekongsoftware.com\/ca\/lorquestra-filharmonica-de-la-fundacio-ciutat-de-requena-celebra-el-i-concurs-mestre-collado-de-direccio-dorquestra\/\" title=\"L&#8217;Orquestra Filharm\u00f2nica de la Fundaci\u00f3 Ciutat de Requena celebra el I concurs &#8220;Mestre Collado&#8221; de direcci\u00f3 d&#8217;orquestra\">[+] <\/a><\/div>\n","protected":false},"author":1,"featured_media":90188,"comment_status":"open","ping_status":"open","sticky":false,"template":"","format":"standard","meta":{"footnotes":""},"categories":[11005,11007,10908,10909,10896],"tags":[11099,10910],"class_list":["post-90190","post","type-post","status-publish","format-standard","has-post-thumbnail","category-canal-musica","category-ocio-y-cultura-ca","category-requena-ca","category-requena-utiel-ca","category-seccion-ca","tag-requena-ca","tag-requena-utiel-ca"],"_links":{"self":[{"href":"https:\/\/tucomarca.whitekongsoftware.com\/ca\/wp-json\/wp\/v2\/posts\/90190","targetHints":{"allow":["GET"]}}],"collection":[{"href":"https:\/\/tucomarca.whitekongsoftware.com\/ca\/wp-json\/wp\/v2\/posts"}],"about":[{"href":"https:\/\/tucomarca.whitekongsoftware.com\/ca\/wp-json\/wp\/v2\/types\/post"}],"author":[{"embeddable":true,"href":"https:\/\/tucomarca.whitekongsoftware.com\/ca\/wp-json\/wp\/v2\/users\/1"}],"replies":[{"embeddable":true,"href":"https:\/\/tucomarca.whitekongsoftware.com\/ca\/wp-json\/wp\/v2\/comments?post=90190"}],"version-history":[{"count":0,"href":"https:\/\/tucomarca.whitekongsoftware.com\/ca\/wp-json\/wp\/v2\/posts\/90190\/revisions"}],"wp:featuredmedia":[{"embeddable":true,"href":"https:\/\/tucomarca.whitekongsoftware.com\/ca\/wp-json\/wp\/v2\/media\/90188"}],"wp:attachment":[{"href":"https:\/\/tucomarca.whitekongsoftware.com\/ca\/wp-json\/wp\/v2\/media?parent=90190"}],"wp:term":[{"taxonomy":"category","embeddable":true,"href":"https:\/\/tucomarca.whitekongsoftware.com\/ca\/wp-json\/wp\/v2\/categories?post=90190"},{"taxonomy":"post_tag","embeddable":true,"href":"https:\/\/tucomarca.whitekongsoftware.com\/ca\/wp-json\/wp\/v2\/tags?post=90190"}],"curies":[{"name":"wp","href":"https:\/\/api.w.org\/{rel}","templated":true}]}}