{"id":90077,"date":"2019-08-05T22:39:52","date_gmt":"2019-08-05T20:39:52","guid":{"rendered":"http:\/\/www.tucomarca.com\/wordpress\/segunda\/?p=90077"},"modified":"2019-08-05T22:39:52","modified_gmt":"2019-08-05T20:39:52","slug":"mes-de-250-persones-omplin-el-renovat-trinquet-de-la-pobla-de-vallbona","status":"publish","type":"post","link":"https:\/\/tucomarca.whitekongsoftware.com\/ca\/mes-de-250-persones-omplin-el-renovat-trinquet-de-la-pobla-de-vallbona\/","title":{"rendered":"M\u00e9s de 250 persones omplin el renovat trinquet de la Pobla de Vallbona"},"content":{"rendered":"<figure id=\"attachment_90078\" aria-describedby=\"caption-attachment-90078\" style=\"width: 476px\" class=\"wp-caption alignnone\"><img loading=\"lazy\" decoding=\"async\" class=\" wp-image-90078\" src=\"http:\/\/www.tucomarca.com\/wordpress\/segunda\/wp-content\/uploads\/2019\/08\/fotooberturatrinquet.jpg\" alt=\"El Trinquet Municipal Miguel Balaguer Canya ha obert les portes despr\u00e9s d\u201911 mesos de treballs en la seua reforma.\" width=\"476\" height=\"317\" srcset=\"https:\/\/tucomarca.whitekongsoftware.com\/wp-content\/uploads\/2019\/08\/fotooberturatrinquet.jpg 5184w, https:\/\/tucomarca.whitekongsoftware.com\/wp-content\/uploads\/2019\/08\/fotooberturatrinquet-300x200.jpg 300w, https:\/\/tucomarca.whitekongsoftware.com\/wp-content\/uploads\/2019\/08\/fotooberturatrinquet-768x512.jpg 768w, https:\/\/tucomarca.whitekongsoftware.com\/wp-content\/uploads\/2019\/08\/fotooberturatrinquet-1024x683.jpg 1024w\" sizes=\"auto, (max-width: 476px) 100vw, 476px\" \/><figcaption id=\"caption-attachment-90078\" class=\"wp-caption-text\">El Trinquet Municipal Miguel Balaguer Canya ha obert les portes despr\u00e9s d\u201911 mesos de treballs en la seua reforma.<\/figcaption><\/figure>\n<p>El Trinquet Municipal Miguel Balaguer Canya ha obert les portes despr\u00e9s d\u201911 mesos de treballs en la seua reforma. El joc de la pilota compta ara a la Pobla de Vallbona amb unes instal\u00b7lacions cobertes que permetran aprofitar-lo al llarg de tot l\u2019any independentment de l\u2019oratge. A m\u00e9s s\u2019han fet treballs de refor\u00e7 de l\u2019estructura dels murs laterals i la galeria, millora de l\u2019enllumenat amb m\u00e9s punts de llum i un augment de l&#8217;efici\u00e8ncia energ\u00e8tica.<\/p>\n<p>A l\u2019acte d\u2019obertura del trinquet assistien la Vicepresidenta de la Diputaci\u00f3 de Val\u00e8ncia, Maria Josep Amig\u00f3, el Director General d\u2019Esports, Josep Miquel Moya. Tots ells han posat este trinquet com a exemple de l\u2019aposta per l\u2019esport aut\u00f2cton que est\u00e0 fent tant l\u2019ajuntament com l\u2019administraci\u00f3 provincial, en este cas amb el suport de la Direcci\u00f3 General d\u2019Esports.<\/p>\n<p>La regidora d\u2019Esports, Iris Marco, ha destacat la satisfacci\u00f3 per la bona acollida que ha tingut la reobertura del trinquet amb un \u201c\u00e8xit de participaci\u00f3 del p\u00fablic i sobretot amb una de les coses que m\u00e9s ens interessava, les bones sensacions dels jugadors en el joc\u201d.<span class=\"Apple-converted-space\">\u00a0<\/span><\/p>\n<p>La partida que ha obert esta nova etapa del trinquet ha enfrontat a Puchol II i Monrabal contra Pere Roc II i F\u00e9lix, amb vict\u00f2ria per als primers per un resultat de 60 a 40. A m\u00e9s, la treta d\u2019honor ha anat a c\u00e0rrec de Paco Cabanes Genov\u00e9s.<\/p>\n<p>A m\u00e9s, per a la inauguraci\u00f3 del trinquet s\u2019ha realitzat una exposici\u00f3 de fotografies hist\u00f2riques i actuals de la pilota a la localitat a m\u00e9s del proc\u00e9s de reforma de les instal\u00b7lacions.<span class=\"Apple-converted-space\">\u00a0<\/span><\/p>\n<p>La Pobla ha realitzat en els \u00faltims anys una forta inversi\u00f3 per recuperar el trinquet que ha tingut sempre una gran afici\u00f3 entre el ve\u00efnat. En 2017 es van adquirir les instal\u00b7lacions que estaven en mans privades. A partir d\u2019ac\u00ed s\u2019han realitzat diferents actuacions per un valor superior als 300.000 euros. A principis del 2018 es va canviar el paviment deteriorat per un de pedra de bateig i el mes de setembre es tancaven les instal\u00b7lacions per cobrir-lo i refor\u00e7ar-lo amb una inversi\u00f3 de 280.000 euros finan\u00e7ada en m\u00e9s d\u2019un 80% per la Diputaci\u00f3 de Val\u00e8ncia.<\/p>\n","protected":false},"excerpt":{"rendered":"<div class=\"mh-excerpt\">El Trinquet Municipal Miguel Balaguer Canya ha obert les portes despr\u00e9s d\u201911 mesos de treballs en la seua reforma. El joc de la pilota compta ara a la Pobla de Vallbona amb unes instal\u00b7lacions cobertes <a class=\"mh-excerpt-more\" href=\"https:\/\/tucomarca.whitekongsoftware.com\/ca\/mes-de-250-persones-omplin-el-renovat-trinquet-de-la-pobla-de-vallbona\/\" title=\"M\u00e9s de 250 persones omplin el renovat trinquet de la Pobla de Vallbona\">[+] <\/a><\/div>\n","protected":false},"author":1,"featured_media":90078,"comment_status":"open","ping_status":"open","sticky":false,"template":"","format":"standard","meta":{"footnotes":""},"categories":[10892,11003,10898,10894,10915,11009,10896],"tags":[10899,10916],"class_list":["post-90077","post","type-post","status-publish","format-standard","has-post-thumbnail","category-camp-de-turia-ca","category-sports","category-ventana-ca","category-la-comarca-ca","category-la-pobla-ca","category-polideportivo-ca","category-seccion-ca","tag-camp-de-turia-ca","tag-la-pobla-de-vallbona-ca"],"_links":{"self":[{"href":"https:\/\/tucomarca.whitekongsoftware.com\/ca\/wp-json\/wp\/v2\/posts\/90077","targetHints":{"allow":["GET"]}}],"collection":[{"href":"https:\/\/tucomarca.whitekongsoftware.com\/ca\/wp-json\/wp\/v2\/posts"}],"about":[{"href":"https:\/\/tucomarca.whitekongsoftware.com\/ca\/wp-json\/wp\/v2\/types\/post"}],"author":[{"embeddable":true,"href":"https:\/\/tucomarca.whitekongsoftware.com\/ca\/wp-json\/wp\/v2\/users\/1"}],"replies":[{"embeddable":true,"href":"https:\/\/tucomarca.whitekongsoftware.com\/ca\/wp-json\/wp\/v2\/comments?post=90077"}],"version-history":[{"count":0,"href":"https:\/\/tucomarca.whitekongsoftware.com\/ca\/wp-json\/wp\/v2\/posts\/90077\/revisions"}],"wp:featuredmedia":[{"embeddable":true,"href":"https:\/\/tucomarca.whitekongsoftware.com\/ca\/wp-json\/wp\/v2\/media\/90078"}],"wp:attachment":[{"href":"https:\/\/tucomarca.whitekongsoftware.com\/ca\/wp-json\/wp\/v2\/media?parent=90077"}],"wp:term":[{"taxonomy":"category","embeddable":true,"href":"https:\/\/tucomarca.whitekongsoftware.com\/ca\/wp-json\/wp\/v2\/categories?post=90077"},{"taxonomy":"post_tag","embeddable":true,"href":"https:\/\/tucomarca.whitekongsoftware.com\/ca\/wp-json\/wp\/v2\/tags?post=90077"}],"curies":[{"name":"wp","href":"https:\/\/api.w.org\/{rel}","templated":true}]}}