{"id":90066,"date":"2019-08-05T18:31:44","date_gmt":"2019-08-05T16:31:44","guid":{"rendered":"http:\/\/www.tucomarca.com\/wordpress\/segunda\/?p=90066"},"modified":"2019-08-05T18:31:44","modified_gmt":"2019-08-05T16:31:44","slug":"fotogaleria-els-jocs-esportius-vila-de-leliana-clausuren-una-edicio-amb-mes-de-2-000-participants","status":"publish","type":"post","link":"https:\/\/tucomarca.whitekongsoftware.com\/ca\/fotogaleria-els-jocs-esportius-vila-de-leliana-clausuren-una-edicio-amb-mes-de-2-000-participants\/","title":{"rendered":"Fotogaleria: Els Jocs Esportius Vila de l&#8217;Eliana clausuren una edici\u00f3 amb m\u00e9s de 2.000 participants"},"content":{"rendered":"<p>La nit del 31 de juliol va acollir, un any m\u00e9s, la tradicional cloenda dels Jocs Esportius Vila de l&#8217;Eliana amb el lliurament de trofeus als campions i subcampions de les diferents categories i modalitats. Durant aquesta quinzena el Poliesportiu Municipal de l&#8217;Eliana ha viscut grans moments esportius, com la celebraci\u00f3 de la 10K o la presentaci\u00f3 de la 5a etapa de la Volta Ciclista a Espanya, que realitzar\u00e0 la sortida des del nostre municipi.<\/p>\n<p>El lliurament de trofeus i regals als participants va estar presidida per l&#8217;alcalde de l&#8217;Eliana Salva Torrent i la regidora d&#8217;esports Concha Montaner, acompanyats pels membres de l&#8217;equip de govern, Marta Andr\u00e9s, Eva Santaf\u00e9, Vicente Zamora, Jorge P\u00e9rez, Cristina D\u00edaz i M\u00aa Jos\u00e9 Valenzuela.<\/p>\n<p>Al costat d&#8217;ells, el jugador de v\u00f2lei platja i ve\u00ed de l&#8217;Eliana Javier Monfort, va fer entrega de la m\u00e0xima categoria de V\u00f2lei Platja i del Trofeu Germans Monfort al jugador revelaci\u00f3 del torneig. Una any m\u00e9s, la parella de germans va estar present en aquests jocs, gr\u00e0cies al partit d&#8217;exhibici\u00f3 en qu\u00e8 van participar.<\/p>\n<p>Un gran tancament per uns Jocs Esportius en qu\u00e8 han participat m\u00e9s de 2000 persones i que continuen consolidant a l&#8217;Eliana com a centre de rellev\u00e0ncia de l&#8217;esport a tota la prov\u00edncia.<\/p>\n<div id='gallery-1' class='gallery galleryid-90066 gallery-columns-3 gallery-size-large'><figure class='gallery-item'>\n\t\t\t<div class='gallery-icon landscape'>\n\t\t\t\t<a href='https:\/\/tucomarca.whitekongsoftware.com\/ca\/fotogaleria-els-jocs-esportius-vila-de-leliana-clausuren-una-edicio-amb-mes-de-2-000-participants\/elianajocs01-2\/'><img loading=\"lazy\" decoding=\"async\" width=\"1024\" height=\"768\" src=\"https:\/\/tucomarca.whitekongsoftware.com\/wp-content\/uploads\/2019\/08\/ElianaJocs01-1024x768.jpg\" class=\"attachment-large size-large\" alt=\"\" srcset=\"https:\/\/tucomarca.whitekongsoftware.com\/wp-content\/uploads\/2019\/08\/ElianaJocs01-1024x768.jpg 1024w, https:\/\/tucomarca.whitekongsoftware.com\/wp-content\/uploads\/2019\/08\/ElianaJocs01-300x225.jpg 300w, https:\/\/tucomarca.whitekongsoftware.com\/wp-content\/uploads\/2019\/08\/ElianaJocs01-768x576.jpg 768w, https:\/\/tucomarca.whitekongsoftware.com\/wp-content\/uploads\/2019\/08\/ElianaJocs01.jpg 1600w\" sizes=\"auto, (max-width: 1024px) 100vw, 1024px\" \/><\/a>\n\t\t\t<\/div><\/figure><figure class='gallery-item'>\n\t\t\t<div class='gallery-icon landscape'>\n\t\t\t\t<a href='https:\/\/tucomarca.whitekongsoftware.com\/ca\/fotogaleria-els-jocs-esportius-vila-de-leliana-clausuren-una-edicio-amb-mes-de-2-000-participants\/elianajocs02-2\/'><img loading=\"lazy\" decoding=\"async\" width=\"1024\" height=\"768\" src=\"https:\/\/tucomarca.whitekongsoftware.com\/wp-content\/uploads\/2019\/08\/ElianaJocs02-1024x768.jpg\" class=\"attachment-large size-large\" alt=\"\" srcset=\"https:\/\/tucomarca.whitekongsoftware.com\/wp-content\/uploads\/2019\/08\/ElianaJocs02-1024x768.jpg 1024w, https:\/\/tucomarca.whitekongsoftware.com\/wp-content\/uploads\/2019\/08\/ElianaJocs02-300x225.jpg 300w, https:\/\/tucomarca.whitekongsoftware.com\/wp-content\/uploads\/2019\/08\/ElianaJocs02-768x576.jpg 768w, https:\/\/tucomarca.whitekongsoftware.com\/wp-content\/uploads\/2019\/08\/ElianaJocs02.jpg 1600w\" sizes=\"auto, (max-width: 1024px) 100vw, 1024px\" \/><\/a>\n\t\t\t<\/div><\/figure><figure class='gallery-item'>\n\t\t\t<div class='gallery-icon landscape'>\n\t\t\t\t<a href='https:\/\/tucomarca.whitekongsoftware.com\/ca\/fotogaleria-els-jocs-esportius-vila-de-leliana-clausuren-una-edicio-amb-mes-de-2-000-participants\/elianajocs03-2\/'><img loading=\"lazy\" decoding=\"async\" width=\"1024\" height=\"768\" src=\"https:\/\/tucomarca.whitekongsoftware.com\/wp-content\/uploads\/2019\/08\/ElianaJocs03-1024x768.jpg\" class=\"attachment-large size-large\" alt=\"\" srcset=\"https:\/\/tucomarca.whitekongsoftware.com\/wp-content\/uploads\/2019\/08\/ElianaJocs03-1024x768.jpg 1024w, https:\/\/tucomarca.whitekongsoftware.com\/wp-content\/uploads\/2019\/08\/ElianaJocs03-300x225.jpg 300w, https:\/\/tucomarca.whitekongsoftware.com\/wp-content\/uploads\/2019\/08\/ElianaJocs03-768x576.jpg 768w, https:\/\/tucomarca.whitekongsoftware.com\/wp-content\/uploads\/2019\/08\/ElianaJocs03.jpg 1600w\" sizes=\"auto, (max-width: 1024px) 100vw, 1024px\" \/><\/a>\n\t\t\t<\/div><\/figure><figure class='gallery-item'>\n\t\t\t<div class='gallery-icon landscape'>\n\t\t\t\t<a href='https:\/\/tucomarca.whitekongsoftware.com\/ca\/fotogaleria-els-jocs-esportius-vila-de-leliana-clausuren-una-edicio-amb-mes-de-2-000-participants\/elianajocs04-2\/'><img loading=\"lazy\" decoding=\"async\" width=\"1024\" height=\"768\" src=\"https:\/\/tucomarca.whitekongsoftware.com\/wp-content\/uploads\/2019\/08\/ElianaJocs04-1024x768.jpg\" class=\"attachment-large size-large\" alt=\"\" srcset=\"https:\/\/tucomarca.whitekongsoftware.com\/wp-content\/uploads\/2019\/08\/ElianaJocs04-1024x768.jpg 1024w, https:\/\/tucomarca.whitekongsoftware.com\/wp-content\/uploads\/2019\/08\/ElianaJocs04-300x225.jpg 300w, https:\/\/tucomarca.whitekongsoftware.com\/wp-content\/uploads\/2019\/08\/ElianaJocs04-768x576.jpg 768w, https:\/\/tucomarca.whitekongsoftware.com\/wp-content\/uploads\/2019\/08\/ElianaJocs04.jpg 1600w\" sizes=\"auto, (max-width: 1024px) 100vw, 1024px\" \/><\/a>\n\t\t\t<\/div><\/figure>\n\t\t<\/div>\n\n","protected":false},"excerpt":{"rendered":"<div class=\"mh-excerpt\">La nit del 31 de juliol va acollir, un any m\u00e9s, la tradicional cloenda dels Jocs Esportius Vila de l&#8217;Eliana amb el lliurament de trofeus als campions i subcampions de les diferents categories i modalitats. <a class=\"mh-excerpt-more\" href=\"https:\/\/tucomarca.whitekongsoftware.com\/ca\/fotogaleria-els-jocs-esportius-vila-de-leliana-clausuren-una-edicio-amb-mes-de-2-000-participants\/\" title=\"Fotogaleria: Els Jocs Esportius Vila de l&#8217;Eliana clausuren una edici\u00f3 amb m\u00e9s de 2.000 participants\">[+] <\/a><\/div>\n","protected":false},"author":1,"featured_media":90056,"comment_status":"open","ping_status":"open","sticky":false,"template":"","format":"standard","meta":{"footnotes":""},"categories":[10892,11003,10898,10893,11009,10896],"tags":[10899,11172],"class_list":["post-90066","post","type-post","status-publish","format-standard","has-post-thumbnail","category-camp-de-turia-ca","category-sports","category-ventana-ca","category-leliana-ca","category-polideportivo-ca","category-seccion-ca","tag-camp-de-turia-ca","tag-leliana-ca-2"],"_links":{"self":[{"href":"https:\/\/tucomarca.whitekongsoftware.com\/ca\/wp-json\/wp\/v2\/posts\/90066","targetHints":{"allow":["GET"]}}],"collection":[{"href":"https:\/\/tucomarca.whitekongsoftware.com\/ca\/wp-json\/wp\/v2\/posts"}],"about":[{"href":"https:\/\/tucomarca.whitekongsoftware.com\/ca\/wp-json\/wp\/v2\/types\/post"}],"author":[{"embeddable":true,"href":"https:\/\/tucomarca.whitekongsoftware.com\/ca\/wp-json\/wp\/v2\/users\/1"}],"replies":[{"embeddable":true,"href":"https:\/\/tucomarca.whitekongsoftware.com\/ca\/wp-json\/wp\/v2\/comments?post=90066"}],"version-history":[{"count":0,"href":"https:\/\/tucomarca.whitekongsoftware.com\/ca\/wp-json\/wp\/v2\/posts\/90066\/revisions"}],"wp:featuredmedia":[{"embeddable":true,"href":"https:\/\/tucomarca.whitekongsoftware.com\/ca\/wp-json\/wp\/v2\/media\/90056"}],"wp:attachment":[{"href":"https:\/\/tucomarca.whitekongsoftware.com\/ca\/wp-json\/wp\/v2\/media?parent=90066"}],"wp:term":[{"taxonomy":"category","embeddable":true,"href":"https:\/\/tucomarca.whitekongsoftware.com\/ca\/wp-json\/wp\/v2\/categories?post=90066"},{"taxonomy":"post_tag","embeddable":true,"href":"https:\/\/tucomarca.whitekongsoftware.com\/ca\/wp-json\/wp\/v2\/tags?post=90066"}],"curies":[{"name":"wp","href":"https:\/\/api.w.org\/{rel}","templated":true}]}}