{"id":90051,"date":"2019-08-05T22:27:31","date_gmt":"2019-08-05T20:27:31","guid":{"rendered":"http:\/\/www.tucomarca.com\/wordpress\/segunda\/?p=90051"},"modified":"2019-08-05T22:27:31","modified_gmt":"2019-08-05T20:27:31","slug":"lajuntament-renova-el-conveni-de-col%c2%b7laboracio-amb-la-generalitat-per-al-desenvolupament-de-projectes-de-formacio-professional-dual","status":"publish","type":"post","link":"https:\/\/tucomarca.whitekongsoftware.com\/ca\/lajuntament-renova-el-conveni-de-col%c2%b7laboracio-amb-la-generalitat-per-al-desenvolupament-de-projectes-de-formacio-professional-dual\/","title":{"rendered":"L&#8217;Ajuntament renova el conveni de col\u00b7laboraci\u00f3 amb la Generalitat per al desenvolupament de projectes de Formaci\u00f3 Professional Dual"},"content":{"rendered":"<figure id=\"attachment_90048\" aria-describedby=\"caption-attachment-90048\" style=\"width: 452px\" class=\"wp-caption alignnone\"><img loading=\"lazy\" decoding=\"async\" class=\" wp-image-90048\" src=\"http:\/\/www.tucomarca.com\/wordpress\/segunda\/wp-content\/uploads\/2019\/08\/Unanimidad2.jpg\" alt=\"\u201cEl Ayuntamiento ha reservado 90.000 euros para becar a estudiantes de los ciclos formativos que se contemplan en el convenio, de las ramas de Actividades agrarias, Seguridad y Medio Ambiente y Edificaci\u00f3n y obra\u201d, apuntaba la concejala de Educaci\u00f3n, M\u00aa \u00c1ngeles Llorente.\" width=\"452\" height=\"301\" srcset=\"https:\/\/tucomarca.whitekongsoftware.com\/wp-content\/uploads\/2019\/08\/Unanimidad2.jpg 5472w, https:\/\/tucomarca.whitekongsoftware.com\/wp-content\/uploads\/2019\/08\/Unanimidad2-300x200.jpg 300w, https:\/\/tucomarca.whitekongsoftware.com\/wp-content\/uploads\/2019\/08\/Unanimidad2-768x512.jpg 768w, https:\/\/tucomarca.whitekongsoftware.com\/wp-content\/uploads\/2019\/08\/Unanimidad2-1024x683.jpg 1024w\" sizes=\"auto, (max-width: 452px) 100vw, 452px\" \/><figcaption id=\"caption-attachment-90048\" class=\"wp-caption-text\">&#8220;L&#8217;Ajuntament ha reservat 90.000 euros per becar estudiants dels cicles formatius que es contemplen en el conveni, de les branques d&#8217;Activitats agr\u00e0ries, Seguretat i Medi Ambient i Edificaci\u00f3 i obra&#8221;, apuntava la regidora d&#8217;Educaci\u00f3, M\u00aa \u00c1ngeles Llorente.<\/figcaption><\/figure>\n<p>El ple de l&#8217;Ajuntament va aprovar per unanimitat, el passat dimarts 30 de setembre, la renovaci\u00f3 del conveni de col\u00b7laboraci\u00f3 entre la Generalitat, mitjan\u00e7ant la Conselleria d&#8217;Educaci\u00f3, Cultura i Esport, i l&#8217;Ajuntament de Xest per desenvolupar projectes de Formaci\u00f3 Professional Dual per els cicles formatius de Grau mitj\u00e0 de Jardineria i floristeria, Grau Superior de Paisatgisme i medi rural i Gesti\u00f3 forestal i del medi natural; Cicle Superior d&#8217;Educaci\u00f3 i control ambiental; Formaci\u00f3 Professional B\u00e0sica de reforma i manteniment d&#8217;edificis, Grau Mitj\u00e0 d&#8217;Obres de l&#8217;interior, decoraci\u00f3 i rehabilitaci\u00f3 i Grau Superior de Projectes d&#8217;edificaci\u00f3.<\/p>\n<p>&#8220;L&#8217;Ajuntament ha reservat 90.000 euros per becar estudiants dels cicles formatius que es contemplen en el conveni, de les branques d&#8217;Activitats agr\u00e0ries, Seguretat i Medi Ambient i Edificaci\u00f3 i obra&#8221;, apuntava la regidora d&#8217;Educaci\u00f3, M\u00aa \u00c1ngeles Llorente. &#8220;Aquest conveni existeix des de fa aproximadament vuit anys i en les dues legislatures anteriors es va apostar per donar-li continu\u00eftat, ja que tots els grups pol\u00edtics considerem que afavoreix la qualificaci\u00f3 dels i les estudiants i la seva inserci\u00f3 laboral. La beca suposa 480 euros mensuals per a les i els beneficiaris, que realitzaran les seves pr\u00e0ctiques amb la brigada municipal i amb l&#8217;equip de jardineria &#8220;.<\/p>\n<p>Per model de Formaci\u00f3 Professional Dual s&#8217;ent\u00e9n el conjunt de les accions que tenen com a finalitat proporcionar a l&#8217;alumnat una qualificaci\u00f3 professional que combini la formaci\u00f3 rebuda en un centre educatiu amb l&#8217;activitat formativa en una empresa o administraci\u00f3 i, amb aix\u00f2, potenciar la inserci\u00f3 laboral .<\/p>\n","protected":false},"excerpt":{"rendered":"<div class=\"mh-excerpt\">El ple de l&#8217;Ajuntament va aprovar per unanimitat, el passat dimarts 30 de setembre, la renovaci\u00f3 del conveni de col\u00b7laboraci\u00f3 entre la Generalitat, mitjan\u00e7ant la Conselleria d&#8217;Educaci\u00f3, Cultura i Esport, i l&#8217;Ajuntament de Xest per <a class=\"mh-excerpt-more\" href=\"https:\/\/tucomarca.whitekongsoftware.com\/ca\/lajuntament-renova-el-conveni-de-col%c2%b7laboracio-amb-la-generalitat-per-al-desenvolupament-de-projectes-de-formacio-professional-dual\/\" title=\"L&#8217;Ajuntament renova el conveni de col\u00b7laboraci\u00f3 amb la Generalitat per al desenvolupament de projectes de Formaci\u00f3 Professional Dual\">[+] <\/a><\/div>\n","protected":false},"author":1,"featured_media":90049,"comment_status":"open","ping_status":"open","sticky":false,"template":"","format":"standard","meta":{"footnotes":""},"categories":[10898,10894,10904,10912,10947,10896,10974],"tags":[11109],"class_list":["post-90051","post","type-post","status-publish","format-standard","has-post-thumbnail","category-ventana-ca","category-la-comarca-ca","category-sin-categorizar-ca","category-la-hoya-ca","category-politica","category-seccion-ca","category-cheste-ca","tag-xest"],"_links":{"self":[{"href":"https:\/\/tucomarca.whitekongsoftware.com\/ca\/wp-json\/wp\/v2\/posts\/90051","targetHints":{"allow":["GET"]}}],"collection":[{"href":"https:\/\/tucomarca.whitekongsoftware.com\/ca\/wp-json\/wp\/v2\/posts"}],"about":[{"href":"https:\/\/tucomarca.whitekongsoftware.com\/ca\/wp-json\/wp\/v2\/types\/post"}],"author":[{"embeddable":true,"href":"https:\/\/tucomarca.whitekongsoftware.com\/ca\/wp-json\/wp\/v2\/users\/1"}],"replies":[{"embeddable":true,"href":"https:\/\/tucomarca.whitekongsoftware.com\/ca\/wp-json\/wp\/v2\/comments?post=90051"}],"version-history":[{"count":0,"href":"https:\/\/tucomarca.whitekongsoftware.com\/ca\/wp-json\/wp\/v2\/posts\/90051\/revisions"}],"wp:featuredmedia":[{"embeddable":true,"href":"https:\/\/tucomarca.whitekongsoftware.com\/ca\/wp-json\/wp\/v2\/media\/90049"}],"wp:attachment":[{"href":"https:\/\/tucomarca.whitekongsoftware.com\/ca\/wp-json\/wp\/v2\/media?parent=90051"}],"wp:term":[{"taxonomy":"category","embeddable":true,"href":"https:\/\/tucomarca.whitekongsoftware.com\/ca\/wp-json\/wp\/v2\/categories?post=90051"},{"taxonomy":"post_tag","embeddable":true,"href":"https:\/\/tucomarca.whitekongsoftware.com\/ca\/wp-json\/wp\/v2\/tags?post=90051"}],"curies":[{"name":"wp","href":"https:\/\/api.w.org\/{rel}","templated":true}]}}