{"id":89989,"date":"2019-08-02T19:54:48","date_gmt":"2019-08-02T17:54:48","guid":{"rendered":"http:\/\/www.tucomarca.com\/wordpress\/segunda\/?p=89989"},"modified":"2019-08-02T19:54:48","modified_gmt":"2019-08-02T17:54:48","slug":"la-regidores-de-sanitat-de-xest-i-bunyol-i-representants-de-plataforma-pro-hospital-de-la-foia-de-bunyol-xiva-es-reuneixen-amb-la-secretaria-autonomica-isaura-navarro","status":"publish","type":"post","link":"https:\/\/tucomarca.whitekongsoftware.com\/ca\/la-regidores-de-sanitat-de-xest-i-bunyol-i-representants-de-plataforma-pro-hospital-de-la-foia-de-bunyol-xiva-es-reuneixen-amb-la-secretaria-autonomica-isaura-navarro\/","title":{"rendered":"La regidores de Sanitat de Xest i Bunyol i representants de Plataforma Pro-hospital de la Foia de Bunyol-Xiva es reuneixen amb la secret\u00e0ria auton\u00f2mica, Isaura Navarro"},"content":{"rendered":"<div class=\"\">\n<figure id=\"attachment_89992\" aria-describedby=\"caption-attachment-89992\" style=\"width: 435px\" class=\"wp-caption alignnone\"><img loading=\"lazy\" decoding=\"async\" class=\" wp-image-89992\" src=\"http:\/\/www.tucomarca.com\/wordpress\/segunda\/wp-content\/uploads\/2019\/08\/Reunion.jpg\" alt=\"Tras la entrevista con la nueva Secretaria Auton\u00f3mica de Salud P\u00fablica.\" width=\"435\" height=\"326\" srcset=\"https:\/\/tucomarca.whitekongsoftware.com\/wp-content\/uploads\/2019\/08\/Reunion.jpg 960w, https:\/\/tucomarca.whitekongsoftware.com\/wp-content\/uploads\/2019\/08\/Reunion-300x225.jpg 300w, https:\/\/tucomarca.whitekongsoftware.com\/wp-content\/uploads\/2019\/08\/Reunion-768x576.jpg 768w\" sizes=\"auto, (max-width: 435px) 100vw, 435px\" \/><figcaption id=\"caption-attachment-89992\" class=\"wp-caption-text\">Despr\u00e9s de l&#8217;entrevista amb la nova secret\u00e0ria auton\u00f2mica de Salut P\u00fablica.<\/figcaption><\/figure>\n<p>La Plataforma Pro-hospital de la Foia de Bunyol-Xiva va mantenir una reuni\u00f3 de treball amb la nova secret\u00e0ria auton\u00f2mica de Salut P\u00fablica i Sistema Sanitari P\u00fablic, Isaura Navarro, per revisar les peticions pendents, entre les que consten la sol\u00b7licitud d&#8217;un centre de salut integrat, d&#8217;atenci\u00f3 prim\u00e0ria i especialitats, i d&#8217;una ambul\u00e0ncia per Xest; a m\u00e9s de les relacionades amb el funcionament de l&#8217;Hospital de Manises i amb la ger\u00e8ncia de l&#8217;\u00e0rea, entre altres q\u00fcestions. La reuni\u00f3 va comptar amb la participaci\u00f3 de les regidores de sanitat de Xest i de Bunyol, M\u00aa \u00c1ngeles Llorente i Mati Mas Va muntar.<\/p>\n<p>Tal com han informat des de la Plataforma en un comunicat, &#8220;Isaura Navarro va manifestar el seu total suport i implicaci\u00f3 pel que fa a les millores sanit\u00e0ries proposades des de la plataforma i la creaci\u00f3 del centre integrat, de manera que la reuni\u00f3 es valora de manera positiva&#8221;. No obstant aix\u00f2, la preocupaci\u00f3 de la Plataforma per les reivindicacions pendents continua, &#8220;ja que molts dels temes tractats depenen de la nova Secretaria de Sanitat, a c\u00e0rrec de la socialista Concha Andr\u00e9 Sanch\u00eds, responsable d&#8217;Efici\u00e8ncia i Tecnologia Sanit\u00e0ria, que tindr\u00e0 les compet\u00e8ncies de coordinaci\u00f3 i planificaci\u00f3 sanit\u00e0ria, de recursos econ\u00f2mics i de l&#8217;alta inspecci\u00f3 sanit\u00e0ria, entre d&#8217;altres &#8220;, segons han informat.<\/p>\n<p>Des de la Plataforma es va traslladar a Navarro el contingut de l&#8217;\u00faltima reuni\u00f3 mantinguda amb l&#8217;anterior secretari auton\u00f2mic, Narc\u00eds V\u00e1zquez, sobre el millor aprofitament de l&#8217;equip de radiologia i el ec\u00f2graf del centre de salut de Bunyol, que no s&#8217;utilitzen a les tardes, &#8221; el que obliga que molts pacients hagin de despla\u00e7ar-se fora de la comarca per fer-se aquestes proves &#8220;. Aix\u00ed mateix es va posar \u00e8mfasi en la necessitat d&#8217;incloure m\u00e9s proves diagn\u00f2stiques a la comarca, entre elles les d&#8217;espirometria, la incorporaci\u00f3 de noves especialitats i el transport sanitari d&#8217;ambul\u00e0ncia a Xest. Tamb\u00e9 es van abordar q\u00fcestions relacionades amb pediatria, c\u00e0ncer, dades sanit\u00e0ries, les inversions de Manises o la reversi\u00f3 de l&#8217;\u00e0rea a la gesti\u00f3 p\u00fablica.<\/p>\n<p>Durant la reuni\u00f3, la secret\u00e0ria auton\u00f2mica ha manifestat que continuar\u00e0 amb el treball empr\u00e8s per V\u00e1zquez, mantenint reunions peri\u00f2diques amb el Gerent de l&#8217;Hospital de Manises per a tractar les necessitats de la Comarca de la Foia de Bunyol-Xiva, tot i que ha recalcat que &#8220;el seu poder de decisi\u00f3 estava molt limitat &#8220;empla\u00e7ant la plataforma a sol\u00b7licitar una reuni\u00f3 amb Concha Andr\u00e9 Sanch\u00eds.<\/p>\n<p>D&#8217;altra banda, la Plataforma ha exigit el compliment de la Resoluci\u00f3 de les Corts Valencianes proposada per Isaura Navarro i aprovada per unanimitat de tots els grups pol\u00edtics. Igualment, ha afirmat que seguir\u00e0 amb el seu treball d&#8217;estudi, reivindicaci\u00f3, reunions amb les i els responsables pol\u00edtics i protestes, en cas de ser necess\u00e0ries, &#8220;per aconseguir la sanitat de m\u00e0xima qualitat que tota la ciutadania es mereix&#8221;.<\/p>\n<\/div>\n","protected":false},"excerpt":{"rendered":"<div class=\"mh-excerpt\">La Plataforma Pro-hospital de la Foia de Bunyol-Xiva va mantenir una reuni\u00f3 de treball amb la nova secret\u00e0ria auton\u00f2mica de Salut P\u00fablica i Sistema Sanitari P\u00fablic, Isaura Navarro, per revisar les peticions pendents, entre les <a class=\"mh-excerpt-more\" href=\"https:\/\/tucomarca.whitekongsoftware.com\/ca\/la-regidores-de-sanitat-de-xest-i-bunyol-i-representants-de-plataforma-pro-hospital-de-la-foia-de-bunyol-xiva-es-reuneixen-amb-la-secretaria-autonomica-isaura-navarro\/\" title=\"La regidores de Sanitat de Xest i Bunyol i representants de Plataforma Pro-hospital de la Foia de Bunyol-Xiva es reuneixen amb la secret\u00e0ria auton\u00f2mica, Isaura Navarro\">[+] <\/a><\/div>\n","protected":false},"author":1,"featured_media":89992,"comment_status":"open","ping_status":"open","sticky":false,"template":"","format":"standard","meta":{"footnotes":""},"categories":[10898,10894,10912,10896,10974],"tags":[11071,10914,11109],"class_list":["post-89989","post","type-post","status-publish","format-standard","has-post-thumbnail","category-ventana-ca","category-la-comarca-ca","category-la-hoya-ca","category-seccion-ca","category-cheste-ca","tag-cheste","tag-la-hoya-de-bunol-chiva-ca","tag-xest"],"_links":{"self":[{"href":"https:\/\/tucomarca.whitekongsoftware.com\/ca\/wp-json\/wp\/v2\/posts\/89989","targetHints":{"allow":["GET"]}}],"collection":[{"href":"https:\/\/tucomarca.whitekongsoftware.com\/ca\/wp-json\/wp\/v2\/posts"}],"about":[{"href":"https:\/\/tucomarca.whitekongsoftware.com\/ca\/wp-json\/wp\/v2\/types\/post"}],"author":[{"embeddable":true,"href":"https:\/\/tucomarca.whitekongsoftware.com\/ca\/wp-json\/wp\/v2\/users\/1"}],"replies":[{"embeddable":true,"href":"https:\/\/tucomarca.whitekongsoftware.com\/ca\/wp-json\/wp\/v2\/comments?post=89989"}],"version-history":[{"count":0,"href":"https:\/\/tucomarca.whitekongsoftware.com\/ca\/wp-json\/wp\/v2\/posts\/89989\/revisions"}],"wp:featuredmedia":[{"embeddable":true,"href":"https:\/\/tucomarca.whitekongsoftware.com\/ca\/wp-json\/wp\/v2\/media\/89992"}],"wp:attachment":[{"href":"https:\/\/tucomarca.whitekongsoftware.com\/ca\/wp-json\/wp\/v2\/media?parent=89989"}],"wp:term":[{"taxonomy":"category","embeddable":true,"href":"https:\/\/tucomarca.whitekongsoftware.com\/ca\/wp-json\/wp\/v2\/categories?post=89989"},{"taxonomy":"post_tag","embeddable":true,"href":"https:\/\/tucomarca.whitekongsoftware.com\/ca\/wp-json\/wp\/v2\/tags?post=89989"}],"curies":[{"name":"wp","href":"https:\/\/api.w.org\/{rel}","templated":true}]}}