{"id":89870,"date":"2019-07-31T19:39:04","date_gmt":"2019-07-31T17:39:04","guid":{"rendered":"http:\/\/www.tucomarca.com\/wordpress\/segunda\/?p=89870"},"modified":"2019-07-31T19:39:04","modified_gmt":"2019-07-31T17:39:04","slug":"leliana-presenta-la-volta-com-lesdeveniment-historic-que-reforca-la-seva-passio-per-lesport","status":"publish","type":"post","link":"https:\/\/tucomarca.whitekongsoftware.com\/ca\/leliana-presenta-la-volta-com-lesdeveniment-historic-que-reforca-la-seva-passio-per-lesport\/","title":{"rendered":"L&#8217;Eliana presenta La Volta com l&#8217;esdeveniment hist\u00f2ric que refor\u00e7a la seva passi\u00f3 per l&#8217;esport"},"content":{"rendered":"<figure id=\"attachment_89867\" aria-describedby=\"caption-attachment-89867\" style=\"width: 452px\" class=\"wp-caption alignnone\"><img loading=\"lazy\" decoding=\"async\" class=\" wp-image-89867\" src=\"http:\/\/www.tucomarca.com\/wordpress\/segunda\/wp-content\/uploads\/2019\/07\/DSC01582.jpg\" alt=\"El director de La Vuelta, Javier Guill\u00e9n, destaca la pasi\u00f3n del p\u00fablico valenciano y el diputado de Turismo, Jordi Mayor, se\u00f1ala que cada euro invertido en este evento deportivo se multiplica por cinco\" width=\"452\" height=\"254\" srcset=\"https:\/\/tucomarca.whitekongsoftware.com\/wp-content\/uploads\/2019\/07\/DSC01582.jpg 4240w, https:\/\/tucomarca.whitekongsoftware.com\/wp-content\/uploads\/2019\/07\/DSC01582-300x169.jpg 300w, https:\/\/tucomarca.whitekongsoftware.com\/wp-content\/uploads\/2019\/07\/DSC01582-768x432.jpg 768w, https:\/\/tucomarca.whitekongsoftware.com\/wp-content\/uploads\/2019\/07\/DSC01582-1024x576.jpg 1024w\" sizes=\"auto, (max-width: 452px) 100vw, 452px\" \/><figcaption id=\"caption-attachment-89867\" class=\"wp-caption-text\">El director de La Volta, Javier Guill\u00e9n, destaca la passi\u00f3 del p\u00fablic valenci\u00e0 i el diputat de Turisme, Jordi Major, assenyala que cada euro invertit en aquest esdeveniment esportiu es multiplica per cinc<\/figcaption><\/figure>\n<p>L&#8217;Eliana destil\u00b7la esport. El seu alcalde, Salvador Torrent, creu en la cultura de l&#8217;esfor\u00e7 i el treball en equip, valors de les diferents disciplines esportives que practiquen m\u00e9s de 5.000 persones a les instal\u00b7lacions municipals. Per a un municipi amb aquest &#8220;amor per l&#8217;esport&#8221;, l&#8217;arribada de la Volta &#8220;\u00e9s el gran esdeveniment de la hist\u00f2ria de l&#8217;Eliana&#8221;, assegura l&#8217;alcalde, conscient de &#8220;la gran marca que t\u00e9 aquesta carrera i la seva impressionant repercussi\u00f3 medi\u00e0tica &#8220;.<\/p>\n<p>Aix\u00ed s&#8217;expressava Torrent en la presentaci\u00f3 de la cinquena etapa de la ronda ciclista, que es correr\u00e0 el dimecres 28 d&#8217;agost amb sortida al municipi del Camp de T\u00faria i arribada a l&#8217;Observatori Astrof\u00edsic de Javalambre, en el que ser\u00e0 el primer final en alt de la Volta 2019. l&#8217;amfitri\u00f3 d&#8217;aquesta etapa in\u00e8dita en la hist\u00f2ria de la carrera va estar acompanyat pel diputat de Turisme, Jordi Major, i el director de la Vuelta, Javier Guill\u00e9n.<\/p>\n<p>El municipi, que compta amb atletes ol\u00edmpics com Concha Montaner o Sugoi Uriarte, o el paral\u00edmpic Jos\u00e9 Antonio Mar\u00ed, t\u00e9 experi\u00e8ncia en l&#8217;organitzaci\u00f3 de grans esdeveniments esportius, cas de l&#8217;Europeu Femen\u00ed d&#8217;Handbol, el Campionat d&#8217;Espanya de Balls de Sal\u00f3 o la campanya de Joc Net de la Lliga. Amb aquest aval rep l&#8217;Eliana a la caravana de la Volta, un esdeveniment que arriba a 190 pa\u00efsos i 400 milions d&#8217;espectadors.<\/p>\n<p>A prop dels herois<\/p>\n<p>La caravana de la Volta arribar\u00e0 a L&#8217;Eliana sobre les 10.30 hores del dimecres 28 d&#8217;agost, dues hores abans de la sortida neutralitzada pels carrers del municipi. Sobre el migdia, els aficionats podran compartir els minuts previs a la sortida amb els grans protagonistes de la cursa, que estaran pendents del control de signatures a la zona dels autobusos dels equips. &#8220;\u00c9s una gran festa que acosta als esportistes al p\u00fablic&#8221;, assegura el director de La Volta, Javier Guill\u00e9n.<\/p>\n<p>Guill\u00e9n avan\u00e7a que prop de 3.000 persones desembarcaran amb La Volta en aquest municipi de 18.000 habitants, &#8220;amb l&#8217;objectiu no de descobrir-ho, sin\u00f3 de trobar-nos i enriquir-nos amb l&#8217;Eliana i amb la passi\u00f3 del p\u00fablic valenci\u00e0, sempre entusiasta i agra\u00eft&#8221;. El responsable de la cursa va insistir en els valors del ciclisme com &#8220;esport sa, pac\u00edfic i familiar&#8221;, i ha avan\u00e7at que despr\u00e9s del pas dels corredors per Cullera, el Puig i l&#8217;Eliana, La Volta &#8220;sortir\u00e0 de la prov\u00edncia amb la clara intenci\u00f3 de tornar &#8220;.<\/p>\n<p>Per la seva banda, el diputat de Turisme, Jordi Major, va reflexionar sobre la inversi\u00f3 que realitza la Diputaci\u00f3 per portar La Volta a la prov\u00edncia. &#8220;Qu\u00e8 li costaria a l&#8217;Patronat de Turisme mostrar els encants dels nostres municipis a trav\u00e9s de televisi\u00f3 a 400 milions de persones?&#8221; En conseq\u00fc\u00e8ncia, el nou responsable provincial de Turisme espera &#8220;gaudir molts anys m\u00e9s de La Volta, un esdeveniment que multiplica per 05:00 cada euro invertit &#8220;.<\/p>\n","protected":false},"excerpt":{"rendered":"<div class=\"mh-excerpt\">L&#8217;Eliana destil\u00b7la esport. El seu alcalde, Salvador Torrent, creu en la cultura de l&#8217;esfor\u00e7 i el treball en equip, valors de les diferents disciplines esportives que practiquen m\u00e9s de 5.000 persones a les instal\u00b7lacions municipals. <a class=\"mh-excerpt-more\" href=\"https:\/\/tucomarca.whitekongsoftware.com\/ca\/leliana-presenta-la-volta-com-lesdeveniment-historic-que-reforca-la-seva-passio-per-lesport\/\" title=\"L&#8217;Eliana presenta La Volta com l&#8217;esdeveniment hist\u00f2ric que refor\u00e7a la seva passi\u00f3 per l&#8217;esport\">[+] <\/a><\/div>\n","protected":false},"author":1,"featured_media":89868,"comment_status":"open","ping_status":"open","sticky":false,"template":"","format":"standard","meta":{"footnotes":""},"categories":[10892,11013,11003,10898,10894,10904,10893,10896],"tags":[11246,10591],"class_list":["post-89870","post","type-post","status-publish","format-standard","has-post-thumbnail","category-camp-de-turia-ca","category-ciclismo-ca","category-sports","category-ventana-ca","category-la-comarca-ca","category-sin-categorizar-ca","category-leliana-ca","category-seccion-ca","tag-diputacio-de-valencia-ca","tag-la-vuelta"],"_links":{"self":[{"href":"https:\/\/tucomarca.whitekongsoftware.com\/ca\/wp-json\/wp\/v2\/posts\/89870","targetHints":{"allow":["GET"]}}],"collection":[{"href":"https:\/\/tucomarca.whitekongsoftware.com\/ca\/wp-json\/wp\/v2\/posts"}],"about":[{"href":"https:\/\/tucomarca.whitekongsoftware.com\/ca\/wp-json\/wp\/v2\/types\/post"}],"author":[{"embeddable":true,"href":"https:\/\/tucomarca.whitekongsoftware.com\/ca\/wp-json\/wp\/v2\/users\/1"}],"replies":[{"embeddable":true,"href":"https:\/\/tucomarca.whitekongsoftware.com\/ca\/wp-json\/wp\/v2\/comments?post=89870"}],"version-history":[{"count":0,"href":"https:\/\/tucomarca.whitekongsoftware.com\/ca\/wp-json\/wp\/v2\/posts\/89870\/revisions"}],"wp:featuredmedia":[{"embeddable":true,"href":"https:\/\/tucomarca.whitekongsoftware.com\/ca\/wp-json\/wp\/v2\/media\/89868"}],"wp:attachment":[{"href":"https:\/\/tucomarca.whitekongsoftware.com\/ca\/wp-json\/wp\/v2\/media?parent=89870"}],"wp:term":[{"taxonomy":"category","embeddable":true,"href":"https:\/\/tucomarca.whitekongsoftware.com\/ca\/wp-json\/wp\/v2\/categories?post=89870"},{"taxonomy":"post_tag","embeddable":true,"href":"https:\/\/tucomarca.whitekongsoftware.com\/ca\/wp-json\/wp\/v2\/tags?post=89870"}],"curies":[{"name":"wp","href":"https:\/\/api.w.org\/{rel}","templated":true}]}}