{"id":89844,"date":"2019-07-31T12:28:10","date_gmt":"2019-07-31T10:28:10","guid":{"rendered":"http:\/\/www.tucomarca.com\/wordpress\/segunda\/?p=89844"},"modified":"2019-07-31T12:28:10","modified_gmt":"2019-07-31T10:28:10","slug":"la-diputacio-de-valencia-i-el-cvi-analitzen-nous-reptes-en-la-gestio-de-residus-voluminosos","status":"publish","type":"post","link":"https:\/\/tucomarca.whitekongsoftware.com\/ca\/la-diputacio-de-valencia-i-el-cvi-analitzen-nous-reptes-en-la-gestio-de-residus-voluminosos\/","title":{"rendered":"La Diputaci\u00f3 de Val\u00e8ncia i el CVI analitzen nous reptes en la gesti\u00f3 de residus voluminosos"},"content":{"rendered":"<figure id=\"attachment_89841\" aria-describedby=\"caption-attachment-89841\" style=\"width: 462px\" class=\"wp-caption alignleft\"><img loading=\"lazy\" decoding=\"async\" class=\" wp-image-89841\" src=\"http:\/\/www.tucomarca.com\/wordpress\/segunda\/wp-content\/uploads\/2019\/07\/Consorcio.jpg\" alt=\"Organiza junto al Consorcio Valencia Interior la jornada de trabajo \u201cTraining Event\u201d en el marco del proyecto europeo URBANREC\" width=\"462\" height=\"308\" srcset=\"https:\/\/tucomarca.whitekongsoftware.com\/wp-content\/uploads\/2019\/07\/Consorcio.jpg 1600w, https:\/\/tucomarca.whitekongsoftware.com\/wp-content\/uploads\/2019\/07\/Consorcio-300x200.jpg 300w, https:\/\/tucomarca.whitekongsoftware.com\/wp-content\/uploads\/2019\/07\/Consorcio-768x512.jpg 768w, https:\/\/tucomarca.whitekongsoftware.com\/wp-content\/uploads\/2019\/07\/Consorcio-1024x682.jpg 1024w\" sizes=\"auto, (max-width: 462px) 100vw, 462px\" \/><figcaption id=\"caption-attachment-89841\" class=\"wp-caption-text\">Organitza al costat del Consorci Val\u00e8ncia Interior la jornada de treball &#8220;Training Event&#8221; en el marc del projecte europeu URBANREC<\/figcaption><\/figure>\n<p>La Diputaci\u00f3 de Val\u00e8ncia i el Consorci Val\u00e8ncia Interior (CVI) han organitzat la jornada &#8220;Training Event&#8221; amb l&#8217;objectiu d&#8217;intercanviar experi\u00e8ncies en la gesti\u00f3 de residus voluminosos i establir les bases per al desenvolupament del model de gesti\u00f3 URBANREC.<\/p>\n<p>Amb aquestes jornades es pret\u00e9n posar en contacte a totes les parts que participen en el proc\u00e9s de gesti\u00f3 d&#8217;aquest tipus de residus, des de la seva recollida fins al seu tractament final, per aconseguir que sigui el m\u00e9s selectiva possible i amb aix\u00f2 incrementar les r\u00e0tios de reciclatge efectiu en m\u00e9s d&#8217;un 15% respecte als models actuals.<\/p>\n<p>Aix\u00ed, m\u00e9s de 30 agents (empreses gestores de residus, fabricants, empreses responsables de la retirada en carrer, gestors d&#8217;ecoparcs i responsables dels consorcis de residus), han analitzat en Les Naus els resultats del projecte URBANREC, els seus avantatges i desavantatges i s&#8217;han avaluat les possibilitats del seu desenvolupament, a m\u00e9s d&#8217;aportar la seva experi\u00e8ncia en la gesti\u00f3 d&#8217;una tipologia de residus que en l&#8217;actualitat t\u00e9 un redu\u00eft percentatge de reciclatge i valoritzaci\u00f3.<\/p>\n<p>La jornada de treball ha estat molt productiva, il\u00b7luminant noves accions a desenvolupar i ampliant els resultats inicials del projecte europeu. D&#8217;aquesta manera, s&#8217;han proposat 17 noves accions: quatre a l&#8217;\u00e0mbit de la recollida separada i el transport; cinc en l&#8217;\u00e0mbit del proc\u00e9s de selecci\u00f3 d&#8217;ecoparcs; una a la valoritzaci\u00f3-preparaci\u00f3 per a la reutilitzaci\u00f3 i tractament, i set referents a la millora de la comunicaci\u00f3 i servei a la ciutadania. En relaci\u00f3 a aquesta \u00faltima, s&#8217;ha posat de manifest la necessitat d&#8217;organitzar m\u00e9s sessions de treball, participaci\u00f3 i concertaci\u00f3 social amb el prop\u00f2sit de posar en contacte els diferents agents implicats en la gesti\u00f3 dels residus voluminosos per intercanviar la seva percepci\u00f3 i experi\u00e8ncies, i plantejar millores en aquest sentit.<\/p>\n<p><b>Proyecte URBANREC<\/b><\/p>\n<p>L&#8217;Institut Tecnol\u00f2gic del Pl\u00e0stic coordina el projecte URBANREC, en el qual participen un total de 20 entitats de set pa\u00efsos europeus, entre elles la Diputaci\u00f3 de Val\u00e8ncia, el Consorci Val\u00e8ncia Interior i les empreses valencianes Ecofrag, Delax i BPP.<\/p>\n<p>La Comissi\u00f3 Europea, a trav\u00e9s del programa de recerca Horitz\u00f3 2020, va seleccionar aquest projecte per finan\u00e7ar-lo amb m\u00e9s de vuit milions d&#8217;euros, i un \u00e0mbit d&#8217;actuaci\u00f3 entre 2016 i 2019.<\/p>\n<p>El desenvolupament del projecte ha perm\u00e8s transformar m\u00e9s de dues tones de residus voluminosos en mobiliari urb\u00e0 que s&#8217;ha cedit en cinc municipis de la prov\u00edncia de Val\u00e8ncia. Tamb\u00e9 s&#8217;est\u00e0 treballant en noves tecnologies de gesti\u00f3 que permetran transformar un sof\u00e0 retirat, una cadira de pl\u00e0stic o un vell matal\u00e0s en productes qu\u00edmics per a la ind\u00fastria, o un nou matal\u00e0s elaborat amb material 100% reciclat.<\/p>\n<p>La Diputaci\u00f3 de Val\u00e8ncia ha centrat les seves accions a aconseguir que les innovacions tecnol\u00f2giques desenvolupades en URBANREC arribin als municipis de la prov\u00edncia. Per a aix\u00f2 est\u00e0 desenvolupant diferents jornades t\u00e8cniques en qu\u00e8 posen en contacte a les empreses i organismes responsables de la gesti\u00f3 dels residus amb els municipis, per millorar els processos de retirada i gesti\u00f3 dels voluminosos i aix\u00ed incrementar els percentatges de reciclatge d&#8217;aquests residus .<\/p>\n<p>La millora en la informaci\u00f3 i sensibilitzaci\u00f3 als ciutadans, en els processos de retirada del residu al carrer, s\u00f3n fonamentals per aconseguir que aquests materials puguin ser reciclats. En aquest sentit, la Diputaci\u00f3 de Val\u00e8ncia ha desenvolupat campanyes de sensibilitzaci\u00f3 ambiental en 15 municipis per evitar males pr\u00e0ctiques com l&#8217;abandonament dels residus o els abocaments il\u00b7legals.<\/p>\n<p>Per la seva banda, el Consorci Val\u00e8ncia Interior est\u00e0 desenvolupant diferents accions pilot als ecoparcs per incrementar els materials seleccionats en origen i aconseguir que els estris puguin transformar-se en mat\u00e8ries primeres de qualitat.<\/p>\n<p>A m\u00e9s, cal destacar la tecnologia desenvolupada per les empreses valencianes Ecofrag, Delax i BPP, que permetr\u00e0 obrir nous mercats de mat\u00e8ries primeres secund\u00e0ries mitjan\u00e7ant productes reciclats d&#8217;alt valor afegit, com a additius d&#8217;origen renovable per a la producci\u00f3 d&#8217;adhesius, dissolvents, biocombustibles , t\u00e8xtils per a la fabricaci\u00f3 de nous matalassos i pl\u00e0stics sostenibles mitjan\u00e7ant fibres i fustes per a la fabricaci\u00f3 de mobiliari urb\u00e0.<\/p>\n","protected":false},"excerpt":{"rendered":"<div class=\"mh-excerpt\">La Diputaci\u00f3 de Val\u00e8ncia i el Consorci Val\u00e8ncia Interior (CVI) han organitzat la jornada &#8220;Training Event&#8221; amb l&#8217;objectiu d&#8217;intercanviar experi\u00e8ncies en la gesti\u00f3 de residus voluminosos i establir les bases per al desenvolupament del model <a class=\"mh-excerpt-more\" href=\"https:\/\/tucomarca.whitekongsoftware.com\/ca\/la-diputacio-de-valencia-i-el-cvi-analitzen-nous-reptes-en-la-gestio-de-residus-voluminosos\/\" title=\"La Diputaci\u00f3 de Val\u00e8ncia i el CVI analitzen nous reptes en la gesti\u00f3 de residus voluminosos\">[+] <\/a><\/div>\n","protected":false},"author":1,"featured_media":89842,"comment_status":"open","ping_status":"open","sticky":false,"template":"","format":"standard","meta":{"footnotes":""},"categories":[10951,10892,11046,10898,10948,10904,10912,10903,10947,10895,10896],"tags":[11327,11305,11246],"class_list":["post-89844","post","type-post","status-publish","format-standard","has-post-thumbnail","category-ayora-cofrentes-ca","category-camp-de-turia-ca","category-los-serranos-ca","category-ventana-ca","category-infraestructuras-ca","category-sin-categorizar-ca","category-la-hoya-ca","category-medio-ambiente-la-comarca-ca","category-politica","category-premsavalenciana-ca","category-seccion-ca","tag-consorcio-ca","tag-cvi-ca","tag-diputacio-de-valencia-ca"],"_links":{"self":[{"href":"https:\/\/tucomarca.whitekongsoftware.com\/ca\/wp-json\/wp\/v2\/posts\/89844","targetHints":{"allow":["GET"]}}],"collection":[{"href":"https:\/\/tucomarca.whitekongsoftware.com\/ca\/wp-json\/wp\/v2\/posts"}],"about":[{"href":"https:\/\/tucomarca.whitekongsoftware.com\/ca\/wp-json\/wp\/v2\/types\/post"}],"author":[{"embeddable":true,"href":"https:\/\/tucomarca.whitekongsoftware.com\/ca\/wp-json\/wp\/v2\/users\/1"}],"replies":[{"embeddable":true,"href":"https:\/\/tucomarca.whitekongsoftware.com\/ca\/wp-json\/wp\/v2\/comments?post=89844"}],"version-history":[{"count":0,"href":"https:\/\/tucomarca.whitekongsoftware.com\/ca\/wp-json\/wp\/v2\/posts\/89844\/revisions"}],"wp:featuredmedia":[{"embeddable":true,"href":"https:\/\/tucomarca.whitekongsoftware.com\/ca\/wp-json\/wp\/v2\/media\/89842"}],"wp:attachment":[{"href":"https:\/\/tucomarca.whitekongsoftware.com\/ca\/wp-json\/wp\/v2\/media?parent=89844"}],"wp:term":[{"taxonomy":"category","embeddable":true,"href":"https:\/\/tucomarca.whitekongsoftware.com\/ca\/wp-json\/wp\/v2\/categories?post=89844"},{"taxonomy":"post_tag","embeddable":true,"href":"https:\/\/tucomarca.whitekongsoftware.com\/ca\/wp-json\/wp\/v2\/tags?post=89844"}],"curies":[{"name":"wp","href":"https:\/\/api.w.org\/{rel}","templated":true}]}}