{"id":89838,"date":"2019-07-31T12:16:01","date_gmt":"2019-07-31T10:16:01","guid":{"rendered":"http:\/\/www.tucomarca.com\/wordpress\/segunda\/?p=89838"},"modified":"2019-07-31T12:16:01","modified_gmt":"2019-07-31T10:16:01","slug":"la-conselleria-dhabitatge-licita-les-obres-de-millora-delements-comuns-del-grup-dhabitatge-public-de-benaguasil","status":"publish","type":"post","link":"https:\/\/tucomarca.whitekongsoftware.com\/ca\/la-conselleria-dhabitatge-licita-les-obres-de-millora-delements-comuns-del-grup-dhabitatge-public-de-benaguasil\/","title":{"rendered":"La Conselleria d&#8217;Habitatge licita les obres de millora d&#8217;elements comuns del grup d&#8217;habitatge p\u00fablic de Benaguasil"},"content":{"rendered":"<figure id=\"attachment_89835\" aria-describedby=\"caption-attachment-89835\" style=\"width: 420px\" class=\"wp-caption alignleft\"><img loading=\"lazy\" decoding=\"async\" class=\" wp-image-89835\" src=\"http:\/\/www.tucomarca.com\/wordpress\/segunda\/wp-content\/uploads\/2019\/07\/Benaguacil.jpg\" alt=\"Forma parte del Plan de Intervenci\u00f3n Integral Sostenible impulsado por la Generalitat y que se llevar\u00e1 a cabo en varios grupos de la Comunitat\" width=\"420\" height=\"280\" srcset=\"https:\/\/tucomarca.whitekongsoftware.com\/wp-content\/uploads\/2019\/07\/Benaguacil.jpg 3000w, https:\/\/tucomarca.whitekongsoftware.com\/wp-content\/uploads\/2019\/07\/Benaguacil-300x200.jpg 300w, https:\/\/tucomarca.whitekongsoftware.com\/wp-content\/uploads\/2019\/07\/Benaguacil-768x512.jpg 768w, https:\/\/tucomarca.whitekongsoftware.com\/wp-content\/uploads\/2019\/07\/Benaguacil-1024x683.jpg 1024w\" sizes=\"auto, (max-width: 420px) 100vw, 420px\" \/><figcaption id=\"caption-attachment-89835\" class=\"wp-caption-text\">Forma part del Pla d&#8217;Intervenci\u00f3 Integral Sostenible impulsat per la Generalitat i que es dur\u00e0 a terme en diversos grups de la Comunitat<\/figcaption><\/figure>\n<p>La Vicepresid\u00e8ncia Segona i Conselleria d&#8217;Habitatge i Arquitectura Bioclim\u00e0tica, a trav\u00e9s de l&#8217;Entitat Valenciana d&#8217;Habitatge i S\u00f2l (EVha), ha licitat les obres de rehabilitaci\u00f3 d&#8217;elements comuns del grup d&#8217;habitatge p\u00fablic de Benaguasil per un import de 321.352 euros.<\/p>\n<p>Una de les mesures del Pla de Dignificaci\u00f3 de l&#8217;Habitatge Social impulsat per la Generalitat \u00e9s la promoci\u00f3 de Plans d&#8217;Intervenci\u00f3 Integral Sostenible (PIINS), que es van a dur a terme en determinats grups del parc p\u00fablic d&#8217;habitatges de la Comunitat. Un d&#8217;aquests plans \u00e9s el de Benaguasil, constitu\u00eft per diversos blocs que alberguen un total de 79 habitatges.<\/p>\n<p>A m\u00e9s de mesures d&#8217;atenci\u00f3 social i normalitzaci\u00f3 d&#8217;ocupaci\u00f3 dels habitatges, els PIINS incorporen actuacions sobre els elements comuns dels edificis i els espais lliures, amb l&#8217;objecte de millorar les condicions d&#8217;urbanitzaci\u00f3 de l&#8217;entorn dels edificis.<\/p>\n<p>Les obres que ara es liciten per al grup de Benaguasil inclouen les seg\u00fcents reparacions: estructurals puntuals (patis interiors i pilars de zona inferior d&#8217;alguns pilars); en coberta (canalons, albellons, juntes, impermeabilitzaci\u00f3, reposici\u00f3 de peces trencades); fa\u00e7anes (neteja, reparaci\u00f3 i encegat de jardineres, substituci\u00f3 de gelosies met\u00e0l\u00b7liques per cer\u00e0miques).<\/p>\n<p>Tamb\u00e9 es duran a terme intervencions en vest\u00edbuls i escales, noves instal\u00b7lacions (porta de comptadors, reposici\u00f3 de videoporter) aix\u00ed com treballs en el buit, cabina i sala de m\u00e0quines dels ascensors.<\/p>\n<p>Finalment, les millores d&#8217;urbanitzaci\u00f3 suposaran l&#8217;execuci\u00f3 de rampes i escales d&#8217;acc\u00e9s a vest\u00edbuls, la reordenaci\u00f3 dels espais enjardinats, repavimentaci\u00f3 i millora de l&#8217;enllumenat.<\/p>\n<p>Les ofertes per a les execuci\u00f3 d&#8217;aquestes obres hauran de present\u00e9s a la seu de EVha (carrer Vinatea, 14 de Val\u00e8ncia). El termini finalitza el 6 de setembre, a les 14 hores.<\/p>\n","protected":false},"excerpt":{"rendered":"<div class=\"mh-excerpt\">La Vicepresid\u00e8ncia Segona i Conselleria d&#8217;Habitatge i Arquitectura Bioclim\u00e0tica, a trav\u00e9s de l&#8217;Entitat Valenciana d&#8217;Habitatge i S\u00f2l (EVha), ha licitat les obres de rehabilitaci\u00f3 d&#8217;elements comuns del grup d&#8217;habitatge p\u00fablic de Benaguasil per un import <a class=\"mh-excerpt-more\" href=\"https:\/\/tucomarca.whitekongsoftware.com\/ca\/la-conselleria-dhabitatge-licita-les-obres-de-millora-delements-comuns-del-grup-dhabitatge-public-de-benaguasil\/\" title=\"La Conselleria d&#8217;Habitatge licita les obres de millora d&#8217;elements comuns del grup d&#8217;habitatge p\u00fablic de Benaguasil\">[+] <\/a><\/div>\n","protected":false},"author":1,"featured_media":89836,"comment_status":"open","ping_status":"open","sticky":false,"template":"","format":"standard","meta":{"footnotes":""},"categories":[10952,10892,10898,10948,10894,10896],"tags":[11136,10899],"class_list":["post-89838","post","type-post","status-publish","format-standard","has-post-thumbnail","category-benaguasil-ca","category-camp-de-turia-ca","category-ventana-ca","category-infraestructuras-ca","category-la-comarca-ca","category-seccion-ca","tag-benaguasil-ca","tag-camp-de-turia-ca"],"_links":{"self":[{"href":"https:\/\/tucomarca.whitekongsoftware.com\/ca\/wp-json\/wp\/v2\/posts\/89838","targetHints":{"allow":["GET"]}}],"collection":[{"href":"https:\/\/tucomarca.whitekongsoftware.com\/ca\/wp-json\/wp\/v2\/posts"}],"about":[{"href":"https:\/\/tucomarca.whitekongsoftware.com\/ca\/wp-json\/wp\/v2\/types\/post"}],"author":[{"embeddable":true,"href":"https:\/\/tucomarca.whitekongsoftware.com\/ca\/wp-json\/wp\/v2\/users\/1"}],"replies":[{"embeddable":true,"href":"https:\/\/tucomarca.whitekongsoftware.com\/ca\/wp-json\/wp\/v2\/comments?post=89838"}],"version-history":[{"count":0,"href":"https:\/\/tucomarca.whitekongsoftware.com\/ca\/wp-json\/wp\/v2\/posts\/89838\/revisions"}],"wp:featuredmedia":[{"embeddable":true,"href":"https:\/\/tucomarca.whitekongsoftware.com\/ca\/wp-json\/wp\/v2\/media\/89836"}],"wp:attachment":[{"href":"https:\/\/tucomarca.whitekongsoftware.com\/ca\/wp-json\/wp\/v2\/media?parent=89838"}],"wp:term":[{"taxonomy":"category","embeddable":true,"href":"https:\/\/tucomarca.whitekongsoftware.com\/ca\/wp-json\/wp\/v2\/categories?post=89838"},{"taxonomy":"post_tag","embeddable":true,"href":"https:\/\/tucomarca.whitekongsoftware.com\/ca\/wp-json\/wp\/v2\/tags?post=89838"}],"curies":[{"name":"wp","href":"https:\/\/api.w.org\/{rel}","templated":true}]}}