{"id":89819,"date":"2019-07-30T20:43:13","date_gmt":"2019-07-30T18:43:13","guid":{"rendered":"http:\/\/www.tucomarca.com\/wordpress\/segunda\/?p=89819"},"modified":"2019-07-30T20:44:56","modified_gmt":"2019-07-30T18:44:56","slug":"lajuntament-de-bunyol-i-el-ca-correores-ultimen-els-detalls-de-la-10k-xxiv-cursa-tomatina","status":"publish","type":"post","link":"https:\/\/tucomarca.whitekongsoftware.com\/ca\/lajuntament-de-bunyol-i-el-ca-correores-ultimen-els-detalls-de-la-10k-xxiv-cursa-tomatina\/","title":{"rendered":"L&#8217;Ajuntament de Bunyol i el CA &#8216;Correores&#8217; ultimen els detalls de la 10k XXIV Cursa Tomatina"},"content":{"rendered":"<figure id=\"attachment_89815\" aria-describedby=\"caption-attachment-89815\" style=\"width: 566px\" class=\"wp-caption alignnone\"><img loading=\"lazy\" decoding=\"async\" class=\" wp-image-89815\" src=\"http:\/\/www.tucomarca.com\/wordpress\/segunda\/wp-content\/uploads\/2019\/07\/correoresBunol.jpg\" alt=\"D\u00edas atr\u00e1s se realiz\u00f3 adem\u00e1s un entrene previo por el recorrido de la carrera.\" width=\"566\" height=\"318\" srcset=\"https:\/\/tucomarca.whitekongsoftware.com\/wp-content\/uploads\/2019\/07\/correoresBunol.jpg 4032w, https:\/\/tucomarca.whitekongsoftware.com\/wp-content\/uploads\/2019\/07\/correoresBunol-300x169.jpg 300w, https:\/\/tucomarca.whitekongsoftware.com\/wp-content\/uploads\/2019\/07\/correoresBunol-768x432.jpg 768w, https:\/\/tucomarca.whitekongsoftware.com\/wp-content\/uploads\/2019\/07\/correoresBunol-1024x576.jpg 1024w\" sizes=\"auto, (max-width: 566px) 100vw, 566px\" \/><figcaption id=\"caption-attachment-89815\" class=\"wp-caption-text\">Dies enrere es va realitzar a m\u00e9s un entreni previ pel recorregut de la cursa.<\/figcaption><\/figure>\n<p>Com ja ha avan\u00e7at <strong>tucomarca.com<\/strong> en la seua \u00faltima edici\u00f3 impresa, el Club d&#8217;Atletisme Correores de Bunyol juntament amb la Regidoria d&#8217;Esports de l&#8217;Ajuntament de la localitat organitzen la XXIV edici\u00f3 de la Cursa Tomatina de Bunyol 2019, inclosa en el XXII Circuit de Carreres Populars de la Diputaci\u00f3 de Val\u00e8ncia i que tindr\u00e0 lloc el dissabte 10 d&#8217;agost a les 19,00 hores.<\/p>\n<p>La eixida\u00a0i la meta estaran situades a l&#8217;Avinguda Rafael Ridaura on s&#8217;efectuar\u00e0 el lliurament de dorsals a l&#8217;entrada de l&#8217;IES La Foia de Bunyol el dia de la prova fins a 20 minuts abans de l&#8217;inici de la cursa.<\/p>\n<p>La inscripci\u00f3 a la cursa es pot fer on-line a la p\u00e0gina www.toprun.es fins al dimecres 7 agost 2019 a les 23:59 hores. El preu \u00e9s de 8 euros fins al 25 de juliol i 10 euros a partir del 26 de juliol. No es permetran inscripcions el dia de la cursa. La inscripci\u00f3 al circuit tamb\u00e9 pot fer-se on-line a www.circuitodiputacionvalencia.es.<\/p>\n<p>S&#8217;han establert les categories, tant masculina com femenina de: Junior 2000-2001; Promesa 1997-1999; S\u00e8nior 1980-1996; Veterans A 1970-1979; Veterans B 1960-1969; i Veterans C 1959 i anterior.<\/p>\n<p>Els serveis m\u00e8dics i l&#8217;ambul\u00e0ncia estaran situats a l&#8217;Avinguda Rafael Ridaura ia la Pla\u00e7a de la Diputaci\u00f3; i hi haur\u00e0 servei de dutxes a l&#8217;IES La Foia de Bunyol, aix\u00ed com en el poliesportiu El Planell.<\/p>\n<p>El president del Club d&#8217;Atletisme Correores de Bunyol, Laguna Mart\u00ednez, ha explicat que aquesta prova \u00abha variat molt les dates des que va entrar en el circuit de carreres de la Diputaci\u00f3. L&#8217;any passat es va realitzar al juny perqu\u00e8 no va estar dins d&#8217;aquest circuit, i aquest any torna a estar a l&#8217;22 circuit de carreres populars de la Diputaci\u00f3 de Val\u00e8ncia per aix\u00f2 se celebra el 10 d&#8217;agost \u00bb.<\/p>\n<p>\u00abA causa d&#8217;aix\u00f2, no es podia celebrar dues setmanes despr\u00e9s la 5K Cursa solid\u00e0ria Raquel Lavilla, \u00e9s per aix\u00f2 que s&#8217;ha fet al juny\u00bb, ha afegit el president que tamb\u00e9 ha avan\u00e7at la participaci\u00f3 en la cursa \u00abdels actuals guanyadors de la prova: Luis F\u00e9lix Mart\u00ednez i Joana Garc\u00eda, que s\u00f3n molt coneguts en el m\u00f3n de l&#8217;atletisme valenci\u00e0 \u00bb.<\/p>\n<p>A m\u00e9s s&#8217;ha fixat una presentaci\u00f3 oficial de la prova per al divendres 2 d&#8217;agost 12,00 hores a la sala de plens de l&#8217;Ajuntament despr\u00e9s de la qual hi haur\u00e0 un refrigeri.<\/p>\n<p><strong>Entreni previ de la 10K<\/strong><\/p>\n<p>Dies enrere es va realitzar a m\u00e9s un entreni previ \u00abamb 30 participants del Club d&#8217;Atletisme Correores, del club de Set Aig\u00fces i del GAES Running Team pel recorregut de la cursa, que ha servit de presa de contacte amb el recorregut i que va finalitzar amb un dinar de germanor \u00bb, segons ha explicat el president.<\/p>\n<p>Laguna Mart\u00ednez tamb\u00e9 ha anticipat a <strong>tucomarca.com<\/strong> que \u00abper aquesta festes com no hi haur\u00e0 carrera, el club Correores ha programat per al dijous 22 d&#8217;agost una quedada nocturna de muntanya, no a nivell competitiu, juntament amb altres clubs pel recorregut de la caminada Trail, un tram de 10 quil\u00f2metres que recorre paratges tan bonics com l&#8217;Alt Jordi o la Jarra.<\/p>\n<p>El lloc de la sortida de la caminada ser\u00e0 el Passeig de Sant Luis del que es partir\u00e0 a les 22,30 hores. Hi haur\u00e0 membres del club Correores que faran de guies per a la gent que vingui de fora. Aquest recorregut es podr\u00e0 fer corrent o caminant ja que l&#8217;objectiu \u00e9s fer un acte esportiu dins de la Fira i Festes de Bunyol i que a les persones que els agrada aquesta activitat passin una estona agradable \u00bb, com ha afegit Llacuna.<\/p>\n<p><strong>Presentaci\u00f3 de la prova<\/strong><\/p>\n<p>Aquest divendres, 2 d&#8217;agost a les 12,00 hores, a m\u00e9s est\u00e0 previst dur a terme la presentaci\u00f3 oficial de la XXIV Cursa Tomatina 10K de Bunyol a la sala de plens de l&#8217;Ajuntament de la localitat<\/p>\n<p>en l&#8217;acte intervindran el regidor d&#8217;Esports de l&#8217;Ajuntament de Bunyol, Manuel Serra, aix\u00ed com membres del Club Correores de Bunyol. En acabar hi haur\u00e0 un refrigeri per als presents.<\/p>\n","protected":false},"excerpt":{"rendered":"<div class=\"mh-excerpt\">Com ja ha avan\u00e7at tucomarca.com en la seua \u00faltima edici\u00f3 impresa, el Club d&#8217;Atletisme Correores de Bunyol juntament amb la Regidoria d&#8217;Esports de l&#8217;Ajuntament de la localitat organitzen la XXIV edici\u00f3 de la Cursa Tomatina <a class=\"mh-excerpt-more\" href=\"https:\/\/tucomarca.whitekongsoftware.com\/ca\/lajuntament-de-bunyol-i-el-ca-correores-ultimen-els-detalls-de-la-10k-xxiv-cursa-tomatina\/\" title=\"L&#8217;Ajuntament de Bunyol i el CA &#8216;Correores&#8217; ultimen els detalls de la 10k XXIV Cursa Tomatina\">[+] <\/a><\/div>\n","protected":false},"author":1,"featured_media":89816,"comment_status":"open","ping_status":"open","sticky":false,"template":"","format":"standard","meta":{"footnotes":""},"categories":[11018,10911,11003,10904,10912,10896],"tags":[11314,11264],"class_list":["post-89819","post","type-post","status-publish","format-standard","has-post-thumbnail","category-atletisme","category-bunol-ca","category-sports","category-sin-categorizar-ca","category-la-hoya-ca","category-seccion-ca","tag-bunyol-ca","tag-esports-ca"],"_links":{"self":[{"href":"https:\/\/tucomarca.whitekongsoftware.com\/ca\/wp-json\/wp\/v2\/posts\/89819","targetHints":{"allow":["GET"]}}],"collection":[{"href":"https:\/\/tucomarca.whitekongsoftware.com\/ca\/wp-json\/wp\/v2\/posts"}],"about":[{"href":"https:\/\/tucomarca.whitekongsoftware.com\/ca\/wp-json\/wp\/v2\/types\/post"}],"author":[{"embeddable":true,"href":"https:\/\/tucomarca.whitekongsoftware.com\/ca\/wp-json\/wp\/v2\/users\/1"}],"replies":[{"embeddable":true,"href":"https:\/\/tucomarca.whitekongsoftware.com\/ca\/wp-json\/wp\/v2\/comments?post=89819"}],"version-history":[{"count":0,"href":"https:\/\/tucomarca.whitekongsoftware.com\/ca\/wp-json\/wp\/v2\/posts\/89819\/revisions"}],"wp:featuredmedia":[{"embeddable":true,"href":"https:\/\/tucomarca.whitekongsoftware.com\/ca\/wp-json\/wp\/v2\/media\/89816"}],"wp:attachment":[{"href":"https:\/\/tucomarca.whitekongsoftware.com\/ca\/wp-json\/wp\/v2\/media?parent=89819"}],"wp:term":[{"taxonomy":"category","embeddable":true,"href":"https:\/\/tucomarca.whitekongsoftware.com\/ca\/wp-json\/wp\/v2\/categories?post=89819"},{"taxonomy":"post_tag","embeddable":true,"href":"https:\/\/tucomarca.whitekongsoftware.com\/ca\/wp-json\/wp\/v2\/tags?post=89819"}],"curies":[{"name":"wp","href":"https:\/\/api.w.org\/{rel}","templated":true}]}}