{"id":89708,"date":"2019-07-29T19:59:50","date_gmt":"2019-07-29T17:59:50","guid":{"rendered":"http:\/\/www.tucomarca.com\/wordpress\/segunda\/?p=89708"},"modified":"2019-07-29T19:59:50","modified_gmt":"2019-07-29T17:59:50","slug":"raquel-rodriguez-sadjudica-la-quarta-edicio-del-concurs-mundial-de-tomaquet-valencia-de-vilamarxant","status":"publish","type":"post","link":"https:\/\/tucomarca.whitekongsoftware.com\/ca\/raquel-rodriguez-sadjudica-la-quarta-edicio-del-concurs-mundial-de-tomaquet-valencia-de-vilamarxant\/","title":{"rendered":"Raquel Rodr\u00edguez s&#8217;adjudica la quarta edici\u00f3 del Concurs Mundial de Tom\u00e0quet Valenci\u00e0 de Vilamarxant"},"content":{"rendered":"<figure id=\"attachment_89705\" aria-describedby=\"caption-attachment-89705\" style=\"width: 466px\" class=\"wp-caption alignnone\"><img loading=\"lazy\" decoding=\"async\" class=\" wp-image-89705\" src=\"http:\/\/www.tucomarca.com\/wordpress\/segunda\/wp-content\/uploads\/2019\/07\/VilamarxantTomaca.jpeg\" alt=\"cuarta edici\u00f3n del Concurso Mundial de Tomate Valenciano\" width=\"466\" height=\"310\" srcset=\"https:\/\/tucomarca.whitekongsoftware.com\/wp-content\/uploads\/2019\/07\/VilamarxantTomaca.jpeg 1280w, https:\/\/tucomarca.whitekongsoftware.com\/wp-content\/uploads\/2019\/07\/VilamarxantTomaca-300x200.jpeg 300w, https:\/\/tucomarca.whitekongsoftware.com\/wp-content\/uploads\/2019\/07\/VilamarxantTomaca-768x512.jpeg 768w, https:\/\/tucomarca.whitekongsoftware.com\/wp-content\/uploads\/2019\/07\/VilamarxantTomaca-1024x682.jpeg 1024w\" sizes=\"auto, (max-width: 466px) 100vw, 466px\" \/><figcaption id=\"caption-attachment-89705\" class=\"wp-caption-text\">Quarta edici\u00f3 del Concurs Mundial de Tom\u00e0quet Valenci\u00e0, celebrat a la localitat valenciana de Vilamarxant.<\/figcaption><\/figure>\n<p>Raquel Rodr\u00edguez es va adjudicar el primer premi en la quarta edici\u00f3 del Concurs Mundial de Tom\u00e0quet Valenci\u00e0, celebrat a la localitat valenciana de Vilamarxant.<\/p>\n<p>Un jurat d&#8217;experts va valorar tots els tom\u00e0quets presentats al certamen, organitzat per l&#8217;Associaci\u00f3 de Comerciants i Professionals de Vilamarxant en col\u00b7laboraci\u00f3 amb la Regidoria de Comer\u00e7 dirigida per V\u00edctor Sanchis, i va acabar seleccionant la proposta de Raquel Rodr\u00edguez, de la Fruiteria Caur\u00edn de Vilamarxant, situada a la carretera de Pedralba.<\/p>\n<p>Paco Peir\u00f3 i Salvador Dur\u00e1 van ocupar el segon i tercer lloc, respectivament, de la classificaci\u00f3 final del certamen. Un total de set participants van optar als diferents guardons.<\/p>\n<p>Els especialistes van valorar el gust, el color, la textura i les dimensions de cada un dels tom\u00e0quets que es van presentar al Concurs Mundial del Tom\u00e0quet Valenci\u00e0, que va gaudir de gran acceptaci\u00f3 entre el p\u00fablic.<\/p>\n<p>Despr\u00e9s del lliurament dels premis, m\u00e9s de 400 persones van participar en el sopar en qu\u00e8 es van poder degustar els tom\u00e0quets valencians presentats al concurs aix\u00ed com productes de la terra. El donatiu de tres euros de cada comensal va ser destinat a la Junta Local contra el C\u00e0ncer.<\/p>\n","protected":false},"excerpt":{"rendered":"<div class=\"mh-excerpt\">Raquel Rodr\u00edguez es va adjudicar el primer premi en la quarta edici\u00f3 del Concurs Mundial de Tom\u00e0quet Valenci\u00e0, celebrat a la localitat valenciana de Vilamarxant. Un jurat d&#8217;experts va valorar tots els tom\u00e0quets presentats al <a class=\"mh-excerpt-more\" href=\"https:\/\/tucomarca.whitekongsoftware.com\/ca\/raquel-rodriguez-sadjudica-la-quarta-edicio-del-concurs-mundial-de-tomaquet-valencia-de-vilamarxant\/\" title=\"Raquel Rodr\u00edguez s&#8217;adjudica la quarta edici\u00f3 del Concurs Mundial de Tom\u00e0quet Valenci\u00e0 de Vilamarxant\">[+] <\/a><\/div>\n","protected":false},"author":1,"featured_media":89706,"comment_status":"open","ping_status":"open","sticky":false,"template":"","format":"standard","meta":{"footnotes":""},"categories":[10892,11004,11008,10896,10927],"tags":[10899,11090],"class_list":["post-89708","post","type-post","status-publish","format-standard","has-post-thumbnail","category-camp-de-turia-ca","category-la-semana-en-imagenes-ca","category-pueblos-en-fiestas-ca","category-seccion-ca","category-vilamarxant-ca","tag-camp-de-turia-ca","tag-vilamarxant-ca"],"_links":{"self":[{"href":"https:\/\/tucomarca.whitekongsoftware.com\/ca\/wp-json\/wp\/v2\/posts\/89708","targetHints":{"allow":["GET"]}}],"collection":[{"href":"https:\/\/tucomarca.whitekongsoftware.com\/ca\/wp-json\/wp\/v2\/posts"}],"about":[{"href":"https:\/\/tucomarca.whitekongsoftware.com\/ca\/wp-json\/wp\/v2\/types\/post"}],"author":[{"embeddable":true,"href":"https:\/\/tucomarca.whitekongsoftware.com\/ca\/wp-json\/wp\/v2\/users\/1"}],"replies":[{"embeddable":true,"href":"https:\/\/tucomarca.whitekongsoftware.com\/ca\/wp-json\/wp\/v2\/comments?post=89708"}],"version-history":[{"count":0,"href":"https:\/\/tucomarca.whitekongsoftware.com\/ca\/wp-json\/wp\/v2\/posts\/89708\/revisions"}],"wp:featuredmedia":[{"embeddable":true,"href":"https:\/\/tucomarca.whitekongsoftware.com\/ca\/wp-json\/wp\/v2\/media\/89706"}],"wp:attachment":[{"href":"https:\/\/tucomarca.whitekongsoftware.com\/ca\/wp-json\/wp\/v2\/media?parent=89708"}],"wp:term":[{"taxonomy":"category","embeddable":true,"href":"https:\/\/tucomarca.whitekongsoftware.com\/ca\/wp-json\/wp\/v2\/categories?post=89708"},{"taxonomy":"post_tag","embeddable":true,"href":"https:\/\/tucomarca.whitekongsoftware.com\/ca\/wp-json\/wp\/v2\/tags?post=89708"}],"curies":[{"name":"wp","href":"https:\/\/api.w.org\/{rel}","templated":true}]}}