{"id":89636,"date":"2019-07-29T20:02:05","date_gmt":"2019-07-29T18:02:05","guid":{"rendered":"http:\/\/www.tucomarca.com\/wordpress\/segunda\/?p=89636"},"modified":"2019-07-29T20:02:05","modified_gmt":"2019-07-29T18:02:05","slug":"la-unio-musical-utielana-es-proclama-vencedora-del-certamen-de-bandes-de-musica-de-cinema-de-cullera","status":"publish","type":"post","link":"https:\/\/tucomarca.whitekongsoftware.com\/ca\/la-unio-musical-utielana-es-proclama-vencedora-del-certamen-de-bandes-de-musica-de-cinema-de-cullera\/","title":{"rendered":"La Uni\u00f3 Musical Utielana es proclama vencedora del Certamen de Bandes de M\u00fasica de Cinema de Cullera"},"content":{"rendered":"<div class=\"page\" title=\"Page 1\">\n<div class=\"layoutArea\">\n<div class=\"column\">\n<figure id=\"attachment_89633\" aria-describedby=\"caption-attachment-89633\" style=\"width: 428px\" class=\"wp-caption alignleft\"><img loading=\"lazy\" decoding=\"async\" class=\" wp-image-89633\" src=\"http:\/\/www.tucomarca.com\/wordpress\/segunda\/wp-content\/uploads\/2019\/07\/PrimerPremioCertamenCullera.jpg\" alt=\"El Ayuntamiento de Utiel felicita a la entidad por la magn\u00edfica interpretaci\u00f3n que les llev\u00f3 a alzarse con el primer premio.\" width=\"428\" height=\"321\" srcset=\"https:\/\/tucomarca.whitekongsoftware.com\/wp-content\/uploads\/2019\/07\/PrimerPremioCertamenCullera.jpg 1599w, https:\/\/tucomarca.whitekongsoftware.com\/wp-content\/uploads\/2019\/07\/PrimerPremioCertamenCullera-300x225.jpg 300w, https:\/\/tucomarca.whitekongsoftware.com\/wp-content\/uploads\/2019\/07\/PrimerPremioCertamenCullera-768x576.jpg 768w, https:\/\/tucomarca.whitekongsoftware.com\/wp-content\/uploads\/2019\/07\/PrimerPremioCertamenCullera-1024x768.jpg 1024w\" sizes=\"auto, (max-width: 428px) 100vw, 428px\" \/><figcaption id=\"caption-attachment-89633\" class=\"wp-caption-text\">L&#8217;Ajuntament d&#8217;Utiel felicita l&#8217;entitat per la magn\u00edfica interpretaci\u00f3 que els va portar a al\u00e7ar-se amb el primer premi.<\/figcaption><\/figure>\n<p>Dissabte passat els integrants de la banda simf\u00f2nica de la Uni\u00f3 Musical Utielana, directiva i acompanyants tornaven a Utiel emocionats i il\u00b7lusionats despr\u00e9s al\u00e7ar-se amb el primer premi del X Certamen Nacional de Bandes de M\u00fasica de Cinema Ciutat de Cullera.<\/p>\n<p>Un reconeixement merescut per la impecable interpretaci\u00f3 que van realitzar delpasodoble &#8220;Fina Blasco&#8221; de Rafael Talens Pell\u00f3 i de la banda sonora de la trilogia de la pel\u00b7l\u00edcula Star Wars sota la direcci\u00f3 de Francisco Javier Ros Ortega.<\/p>\n<p>La banda utielana va obtenir la m\u00e0xima puntuaci\u00f3 del jurat qualificador amb 441 punts i un primer premi valorat en 4.000 \u20ac. La Uni\u00f3 Musical de Massamagrell va rebre 387 punts, aconseguint aix\u00ed el segon premi dotadocon 2.000 \u20ac i, en tercer lloc, amb 375 punts i un premi de 1.000 \u20ac, la Uni\u00f3 Musical Benicadell de Castell\u00f3 de Rugat.<\/p>\n<p>El Certamen de Bandes de M\u00fasica de Cinema &#8216;Ciutat de Cullera&#8217; \u00e9s una competici\u00f3 diferent on prima l&#8217;espectacle audiovisual. De fet, el jurat, a m\u00e9s de valorar els tradicionals aspectes d&#8217;afinaci\u00f3, interpretaci\u00f3, t\u00e8cnica i sonoritat, prioritza la sincronitzaci\u00f3 de la m\u00fasica realitzada en directe amb la projecci\u00f3 simult\u00e0nia en una gran pantalla de la pel\u00b7l\u00edcula triada. La Uni\u00f3 Musical Utielana va seleccionar per a la seva participaci\u00f3 en aquesta desena edici\u00f3 del certamen la banda sonora &#8220;Star Wars Trilogy&#8221; i el resultat va ser un espectacle en directe d&#8217;imatge i so treballat durant mesos que va fer reviure als assistents alguns dels fragments m\u00e9s reconeguts de la m\u00edtica saga de ci\u00e8ncia ficci\u00f3.<\/p>\n<p>L&#8217;alcalde d&#8217;Utiel, Fernando Benlliure i la regidora de Cultura, Paula Roda, juntament amb altres membres de la corporaci\u00f3, van acompanyar als m\u00fasics utielanos en aquest consolidat trobada de bandes i van tenir l&#8217;oportunitat de felicitar en primera persona els integrants de la banda i directiva per aquest merescut reconeixement.<\/p>\n<p>El dissabte 7 de setembre a les 23.00 hores al Teatre Rambal, la banda simf\u00f2nica de la Uni\u00f3 Musical Utielana interpretar\u00e0 el programa guanyador del certamen de Cullera durant el tradicional concert del soci de fira.<\/p>\n<\/div>\n<\/div>\n<\/div>\n","protected":false},"excerpt":{"rendered":"<div class=\"mh-excerpt\">Dissabte passat els integrants de la banda simf\u00f2nica de la Uni\u00f3 Musical Utielana, directiva i acompanyants tornaven a Utiel emocionats i il\u00b7lusionats despr\u00e9s al\u00e7ar-se amb el primer premi del X Certamen Nacional de Bandes de <a class=\"mh-excerpt-more\" href=\"https:\/\/tucomarca.whitekongsoftware.com\/ca\/la-unio-musical-utielana-es-proclama-vencedora-del-certamen-de-bandes-de-musica-de-cinema-de-cullera\/\" title=\"La Uni\u00f3 Musical Utielana es proclama vencedora del Certamen de Bandes de M\u00fasica de Cinema de Cullera\">[+] <\/a><\/div>\n","protected":false},"author":1,"featured_media":89634,"comment_status":"open","ping_status":"open","sticky":false,"template":"","format":"standard","meta":{"footnotes":""},"categories":[11005,10898,10894,10904,11007,10908,10909,10896],"tags":[10910,11174],"class_list":["post-89636","post","type-post","status-publish","format-standard","has-post-thumbnail","category-canal-musica","category-ventana-ca","category-la-comarca-ca","category-sin-categorizar-ca","category-ocio-y-cultura-ca","category-requena-ca","category-requena-utiel-ca","category-seccion-ca","tag-requena-utiel-ca","tag-utiel-ca"],"_links":{"self":[{"href":"https:\/\/tucomarca.whitekongsoftware.com\/ca\/wp-json\/wp\/v2\/posts\/89636","targetHints":{"allow":["GET"]}}],"collection":[{"href":"https:\/\/tucomarca.whitekongsoftware.com\/ca\/wp-json\/wp\/v2\/posts"}],"about":[{"href":"https:\/\/tucomarca.whitekongsoftware.com\/ca\/wp-json\/wp\/v2\/types\/post"}],"author":[{"embeddable":true,"href":"https:\/\/tucomarca.whitekongsoftware.com\/ca\/wp-json\/wp\/v2\/users\/1"}],"replies":[{"embeddable":true,"href":"https:\/\/tucomarca.whitekongsoftware.com\/ca\/wp-json\/wp\/v2\/comments?post=89636"}],"version-history":[{"count":0,"href":"https:\/\/tucomarca.whitekongsoftware.com\/ca\/wp-json\/wp\/v2\/posts\/89636\/revisions"}],"wp:featuredmedia":[{"embeddable":true,"href":"https:\/\/tucomarca.whitekongsoftware.com\/ca\/wp-json\/wp\/v2\/media\/89634"}],"wp:attachment":[{"href":"https:\/\/tucomarca.whitekongsoftware.com\/ca\/wp-json\/wp\/v2\/media?parent=89636"}],"wp:term":[{"taxonomy":"category","embeddable":true,"href":"https:\/\/tucomarca.whitekongsoftware.com\/ca\/wp-json\/wp\/v2\/categories?post=89636"},{"taxonomy":"post_tag","embeddable":true,"href":"https:\/\/tucomarca.whitekongsoftware.com\/ca\/wp-json\/wp\/v2\/tags?post=89636"}],"curies":[{"name":"wp","href":"https:\/\/api.w.org\/{rel}","templated":true}]}}