{"id":89629,"date":"2019-07-29T20:04:32","date_gmt":"2019-07-29T18:04:32","guid":{"rendered":"http:\/\/www.tucomarca.com\/wordpress\/segunda\/?p=89629"},"modified":"2019-07-29T20:04:32","modified_gmt":"2019-07-29T18:04:32","slug":"mes-de-850-corredors-aconsegueixen-acabar-la-10k-leliana-xxxvii-volta-a-peu","status":"publish","type":"post","link":"https:\/\/tucomarca.whitekongsoftware.com\/ca\/mes-de-850-corredors-aconsegueixen-acabar-la-10k-leliana-xxxvii-volta-a-peu\/","title":{"rendered":"M\u00e9s de 850 corredors aconsegueixen acabar la 10K l&#8217;Eliana XXXVII Volta a Peu"},"content":{"rendered":"<figure id=\"attachment_89626\" aria-describedby=\"caption-attachment-89626\" style=\"width: 471px\" class=\"wp-caption alignleft\"><img loading=\"lazy\" decoding=\"async\" class=\" wp-image-89626\" src=\"http:\/\/www.tucomarca.com\/wordpress\/segunda\/wp-content\/uploads\/2019\/07\/LElianaVoltaAPeu.jpg\" alt=\"Hassane Ahouchar se corona vencedor por tercer a\u00f1o consecutivo\" width=\"471\" height=\"314\" srcset=\"https:\/\/tucomarca.whitekongsoftware.com\/wp-content\/uploads\/2019\/07\/LElianaVoltaAPeu.jpg 1024w, https:\/\/tucomarca.whitekongsoftware.com\/wp-content\/uploads\/2019\/07\/LElianaVoltaAPeu-300x200.jpg 300w, https:\/\/tucomarca.whitekongsoftware.com\/wp-content\/uploads\/2019\/07\/LElianaVoltaAPeu-768x512.jpg 768w\" sizes=\"auto, (max-width: 471px) 100vw, 471px\" \/><figcaption id=\"caption-attachment-89626\" class=\"wp-caption-text\">Hassane Ahouchar es corona vencedor per tercer any consecutiu<\/figcaption><\/figure>\n<p>L&#8217;Eliana va celebrar aquest passat dissabte una nova edici\u00f3 de la 10K amb la participaci\u00f3 de m\u00e9s de 850 corredors, que van creuar la l\u00ednia de meta tot i la sufocant jornada de calor. Un any m\u00e9s el nostre municipi es va convertir en el centre de les curses populars de la prov\u00edncia de Val\u00e8ncia demostrant perqu\u00e8 la nostra carrera cont\u00ednua formant part del Circuit de la Diputaci\u00f3 de la Val\u00e8ncia.<\/p>\n<p>Per tercer any consecutiu Hassane Ahouchar, del Club Gaes Running Team, va aconseguir el t\u00edtol de vencedor absolut amb un temps de 31:49, seguit d&#8217;Octavio Sanch\u00eds del Serrano Club d&#8217;Atletisme i de l&#8217;independent Jaouad Oumellal, amb temps de 32:18 i 32 : 51 respectivament.<\/p>\n<p>En l&#8217;apartat femen\u00ed, la 10K va tornar a batre un r\u00e8cord de participaci\u00f3 amb prop del 25% de inscrites, per sobre de la mitjana del circuit. Pel que fa al p\u00f2dium Maria Jose Cano i Yoana Garc\u00eda del Serrano Club d&#8217;Atletisme, van aconseguir el primer i segon lloc amb uns temps de 39:35 i 39:46 respectivament, mentre que el tercer lloc va ser per a Elena Cambres el CA Correors de Bunyol amb una marca de 40:07.<\/p>\n<p>En l&#8217;apartat local Ricardo Ib\u00e1\u00f1ez i Magda Vila ambd\u00f3s del Club d&#8217;Atletisme Correliana es van al\u00e7ar amb els primers llocs en aquesta categoria, mentre que el Club Esportiu Never Stop Running va ser el club amb m\u00e9s participaci\u00f3.<\/p>\n<p>El lliurament de trofeus va estar presidida per l&#8217;alcalde Salva Torrent, el vicepresident tercer de la Diputaci\u00f3 de Val\u00e8ncia, Carlos Fern\u00e1ndez Bielsa i la regidora d&#8217;esports Concha Montaner, el president del Club d&#8217;Atletisme l&#8217;Eliana Running Ramon Dolz i la gerent de Hidraqua Carolina Belda.<\/p>\n<p>&#8220;Un any m\u00e9s i malgrat la calor sufocant, la 10K l&#8217;Eliana ha demostrat perqu\u00e8 segueix formant part del Circuit de Carreres Populars de la Diputaci\u00f3. El gran treball del Club d&#8217;Atletisme l&#8217;Eliana Running i de tots els voluntaris que s&#8217;han unit a aquesta prova han fet possible que un any m\u00e9s hagi estat tot un \u00e8xit &#8220;, ha destacat Salva Torrent.<\/p>\n","protected":false},"excerpt":{"rendered":"<div class=\"mh-excerpt\">L&#8217;Eliana va celebrar aquest passat dissabte una nova edici\u00f3 de la 10K amb la participaci\u00f3 de m\u00e9s de 850 corredors, que van creuar la l\u00ednia de meta tot i la sufocant jornada de calor. Un <a class=\"mh-excerpt-more\" href=\"https:\/\/tucomarca.whitekongsoftware.com\/ca\/mes-de-850-corredors-aconsegueixen-acabar-la-10k-leliana-xxxvii-volta-a-peu\/\" title=\"M\u00e9s de 850 corredors aconsegueixen acabar la 10K l&#8217;Eliana XXXVII Volta a Peu\">[+] <\/a><\/div>\n","protected":false},"author":1,"featured_media":89627,"comment_status":"open","ping_status":"open","sticky":false,"template":"","format":"standard","meta":{"footnotes":""},"categories":[11018,10892,11003,10898,10894,10904,10893,10896],"tags":[10899,11172],"class_list":["post-89629","post","type-post","status-publish","format-standard","has-post-thumbnail","category-atletisme","category-camp-de-turia-ca","category-sports","category-ventana-ca","category-la-comarca-ca","category-sin-categorizar-ca","category-leliana-ca","category-seccion-ca","tag-camp-de-turia-ca","tag-leliana-ca-2"],"_links":{"self":[{"href":"https:\/\/tucomarca.whitekongsoftware.com\/ca\/wp-json\/wp\/v2\/posts\/89629","targetHints":{"allow":["GET"]}}],"collection":[{"href":"https:\/\/tucomarca.whitekongsoftware.com\/ca\/wp-json\/wp\/v2\/posts"}],"about":[{"href":"https:\/\/tucomarca.whitekongsoftware.com\/ca\/wp-json\/wp\/v2\/types\/post"}],"author":[{"embeddable":true,"href":"https:\/\/tucomarca.whitekongsoftware.com\/ca\/wp-json\/wp\/v2\/users\/1"}],"replies":[{"embeddable":true,"href":"https:\/\/tucomarca.whitekongsoftware.com\/ca\/wp-json\/wp\/v2\/comments?post=89629"}],"version-history":[{"count":0,"href":"https:\/\/tucomarca.whitekongsoftware.com\/ca\/wp-json\/wp\/v2\/posts\/89629\/revisions"}],"wp:featuredmedia":[{"embeddable":true,"href":"https:\/\/tucomarca.whitekongsoftware.com\/ca\/wp-json\/wp\/v2\/media\/89627"}],"wp:attachment":[{"href":"https:\/\/tucomarca.whitekongsoftware.com\/ca\/wp-json\/wp\/v2\/media?parent=89629"}],"wp:term":[{"taxonomy":"category","embeddable":true,"href":"https:\/\/tucomarca.whitekongsoftware.com\/ca\/wp-json\/wp\/v2\/categories?post=89629"},{"taxonomy":"post_tag","embeddable":true,"href":"https:\/\/tucomarca.whitekongsoftware.com\/ca\/wp-json\/wp\/v2\/tags?post=89629"}],"curies":[{"name":"wp","href":"https:\/\/api.w.org\/{rel}","templated":true}]}}