{"id":89596,"date":"2019-07-25T18:29:07","date_gmt":"2019-07-25T16:29:07","guid":{"rendered":"http:\/\/www.tucomarca.com\/wordpress\/segunda\/?p=89596"},"modified":"2019-07-25T18:29:07","modified_gmt":"2019-07-25T16:29:07","slug":"setaigues-acull-el-rodatge-de-la-serie-documental-valencia-es-musica","status":"publish","type":"post","link":"https:\/\/tucomarca.whitekongsoftware.com\/ca\/setaigues-acull-el-rodatge-de-la-serie-documental-valencia-es-musica\/","title":{"rendered":"Setaig\u00fces acull el rodatge de la s\u00e8rie documental &#8220;Val\u00e8ncia \u00e9s m\u00fasica&#8221;"},"content":{"rendered":"<figure id=\"attachment_89593\" aria-describedby=\"caption-attachment-89593\" style=\"width: 451px\" class=\"wp-caption alignnone\"><img loading=\"lazy\" decoding=\"async\" class=\" wp-image-89593\" src=\"http:\/\/www.tucomarca.com\/wordpress\/segunda\/wp-content\/uploads\/2019\/07\/Rodaje7aguas.jpg\" alt=\"El metraje mostrar\u00e1 junto al impacto socio-cultural de la m\u00fasica, el patrimonio art\u00edstico y natural de este municipio de la Hoya de Bu\u00f1ol\" width=\"451\" height=\"338\" srcset=\"https:\/\/tucomarca.whitekongsoftware.com\/wp-content\/uploads\/2019\/07\/Rodaje7aguas.jpg 960w, https:\/\/tucomarca.whitekongsoftware.com\/wp-content\/uploads\/2019\/07\/Rodaje7aguas-300x225.jpg 300w, https:\/\/tucomarca.whitekongsoftware.com\/wp-content\/uploads\/2019\/07\/Rodaje7aguas-768x576.jpg 768w\" sizes=\"auto, (max-width: 451px) 100vw, 451px\" \/><figcaption id=\"caption-attachment-89593\" class=\"wp-caption-text\">El metratge mostrar\u00e0 al costat del impacte sociocultural de la m\u00fasica, el patrimoni art\u00edstic i natural d&#8217;aquest municipi de la Foia de Bunyol<\/figcaption><\/figure>\n<p>La s\u00e8rie documental &#8220;Val\u00e8ncia \u00e9s m\u00fasica&#8221; fa parada obligada a la Foia de Bunyol. La localitat de Set Aig\u00fces es convertir\u00e0 dem\u00e0 per espai d&#8217;unes hores, en un plat\u00f3 de rodatge d&#8217;exteriors amb la gravaci\u00f3 en directe a la pla\u00e7a de la Constituci\u00f3, d&#8217;obres com el pasdoble de Manuel Bernal, la suite simf\u00f2nica de Ricardo Daurat, o la interpretaci\u00f3 solista de la soprano Carmen L\u00e1zaro, sota la direcci\u00f3 del mestre Borja Mart\u00ednez.<\/p>\n<p>La Societat Musical &#8220;La Pau&#8221; va obtenir Menci\u00f3 d&#8217;Honor, -segona secci\u00f3-, al 42 Certamen Provincial de Bandes de la Diputaci\u00f3 de Val\u00e8ncia, celebrat al Palau de la M\u00fasica al maig de 2018, convertint-se aix\u00ed, en protagonista d&#8217;una de els lliuraments d&#8217;aquesta s\u00e8rie documental d&#8217;ampli abast medi\u00e0tic.<\/p>\n<p>&#8220;Set Aig\u00fces, explica Borja Mart\u00ednez-, t\u00e9 una llarga tradici\u00f3 musical. \u00c9s terra d&#8217;excel\u00b7lents m\u00fasics i de grans directors com Sergio Navarro o Pascual Osa. Per a nosaltres obtenir, per primera vegada, Menci\u00f3 d&#8217;Honor al Certamen Provincial, va ser tot un orgull. La m\u00fasica, \u00e9s un dels vincles m\u00e9s importants que tenim, de fet, gaireb\u00e9 totes les fam\u00edlies de la localitat tenen alguna vinculaci\u00f3 directa o indirecta amb la Societat Musical &#8220;.<\/p>\n<p><strong>Set Aig\u00fces: &#8220;Veure-la, escoltar-la i gaudir-la&#8221;<\/strong><\/p>\n<p>Al temps, aquest cap\u00edtol compost per 17 lliuraments rodada per la productora valenciana Tossalet Produccions, mostrar\u00e0 l&#8217;extens patrimoni cultural de Set Aig\u00fces a trav\u00e9s d&#8217;imatges, -terrestres i \u00e0rees en tecnologia 4K-, dels enclavaments m\u00e9s emblem\u00e0tics de la localitat.<\/p>\n<p>En paraules de l&#8217;alcaldessa Teresa Hern\u00e1ndez, &#8220;el nostre municipi \u00e9s per veure-ho, escoltar-lo i gaudir-lo en totes les seves expressions i tamisos. L&#8217;extens patrimoni material i immaterial de Set Aig\u00fces \u00e9s digne d&#8217;un esfor\u00e7 de transmissi\u00f3 constant que ens permeti acostar, dins i fora de la prov\u00edncia de Val\u00e8ncia, l&#8217;impacte cultural del nostre entorn m\u00e9s immediat. Som un poble carregat d&#8217;hist\u00f2ria i tradicions amb un ric patrimoni art\u00edstic i natural que cal transmetre al m\u00f3n sencer &#8220;.<\/p>\n","protected":false},"excerpt":{"rendered":"<div class=\"mh-excerpt\">La s\u00e8rie documental &#8220;Val\u00e8ncia \u00e9s m\u00fasica&#8221; fa parada obligada a la Foia de Bunyol. La localitat de Set Aig\u00fces es convertir\u00e0 dem\u00e0 per espai d&#8217;unes hores, en un plat\u00f3 de rodatge d&#8217;exteriors amb la gravaci\u00f3 <a class=\"mh-excerpt-more\" href=\"https:\/\/tucomarca.whitekongsoftware.com\/ca\/setaigues-acull-el-rodatge-de-la-serie-documental-valencia-es-musica\/\" title=\"Setaig\u00fces acull el rodatge de la s\u00e8rie documental &#8220;Val\u00e8ncia \u00e9s m\u00fasica&#8221;\">[+] <\/a><\/div>\n","protected":false},"author":1,"featured_media":89594,"comment_status":"open","ping_status":"open","sticky":false,"template":"","format":"standard","meta":{"footnotes":""},"categories":[11005,10912,11007,10896,10979],"tags":[11108],"class_list":["post-89596","post","type-post","status-publish","format-standard","has-post-thumbnail","category-canal-musica","category-la-hoya-ca","category-ocio-y-cultura-ca","category-seccion-ca","category-siete-aguas-ca","tag-la-foia-de-bunyol-xiva"],"_links":{"self":[{"href":"https:\/\/tucomarca.whitekongsoftware.com\/ca\/wp-json\/wp\/v2\/posts\/89596","targetHints":{"allow":["GET"]}}],"collection":[{"href":"https:\/\/tucomarca.whitekongsoftware.com\/ca\/wp-json\/wp\/v2\/posts"}],"about":[{"href":"https:\/\/tucomarca.whitekongsoftware.com\/ca\/wp-json\/wp\/v2\/types\/post"}],"author":[{"embeddable":true,"href":"https:\/\/tucomarca.whitekongsoftware.com\/ca\/wp-json\/wp\/v2\/users\/1"}],"replies":[{"embeddable":true,"href":"https:\/\/tucomarca.whitekongsoftware.com\/ca\/wp-json\/wp\/v2\/comments?post=89596"}],"version-history":[{"count":0,"href":"https:\/\/tucomarca.whitekongsoftware.com\/ca\/wp-json\/wp\/v2\/posts\/89596\/revisions"}],"wp:featuredmedia":[{"embeddable":true,"href":"https:\/\/tucomarca.whitekongsoftware.com\/ca\/wp-json\/wp\/v2\/media\/89594"}],"wp:attachment":[{"href":"https:\/\/tucomarca.whitekongsoftware.com\/ca\/wp-json\/wp\/v2\/media?parent=89596"}],"wp:term":[{"taxonomy":"category","embeddable":true,"href":"https:\/\/tucomarca.whitekongsoftware.com\/ca\/wp-json\/wp\/v2\/categories?post=89596"},{"taxonomy":"post_tag","embeddable":true,"href":"https:\/\/tucomarca.whitekongsoftware.com\/ca\/wp-json\/wp\/v2\/tags?post=89596"}],"curies":[{"name":"wp","href":"https:\/\/api.w.org\/{rel}","templated":true}]}}