{"id":89535,"date":"2019-07-24T17:04:26","date_gmt":"2019-07-24T15:04:26","guid":{"rendered":"http:\/\/www.tucomarca.com\/wordpress\/segunda\/?p=89535"},"modified":"2019-07-24T17:04:26","modified_gmt":"2019-07-24T15:04:26","slug":"la-unio-musical-utielana-actuara-al-x-certamen-nacional-de-bandes-de-musica-de-cinema-de-cullera","status":"publish","type":"post","link":"https:\/\/tucomarca.whitekongsoftware.com\/ca\/la-unio-musical-utielana-actuara-al-x-certamen-nacional-de-bandes-de-musica-de-cinema-de-cullera\/","title":{"rendered":"La Uni\u00f3 Musical Utielana actuar\u00e0 al X Certamen Nacional de Bandes de M\u00fasica de Cinema de Cullera"},"content":{"rendered":"<div class=\"page\" title=\"Page 1\">\n<div class=\"layoutArea\">\n<div class=\"column\">\n<figure id=\"attachment_89532\" aria-describedby=\"caption-attachment-89532\" style=\"width: 377px\" class=\"wp-caption alignleft\"><img loading=\"lazy\" decoding=\"async\" class=\"size-full wp-image-89532\" src=\"http:\/\/www.tucomarca.com\/wordpress\/segunda\/wp-content\/uploads\/2019\/07\/CARTEL-UMU-CERTAMENCULLERA.jpg\" alt=\"El pr\u00f3ximo s\u00e1bado, los m\u00fasicos utielanos se disputar\u00e1n el primer premio con las bandas de Massamagrell y Castell\u00f3 de Rugat.\" width=\"377\" height=\"800\" srcset=\"https:\/\/tucomarca.whitekongsoftware.com\/wp-content\/uploads\/2019\/07\/CARTEL-UMU-CERTAMENCULLERA.jpg 377w, https:\/\/tucomarca.whitekongsoftware.com\/wp-content\/uploads\/2019\/07\/CARTEL-UMU-CERTAMENCULLERA-141x300.jpg 141w\" sizes=\"auto, (max-width: 377px) 100vw, 377px\" \/><figcaption id=\"caption-attachment-89532\" class=\"wp-caption-text\">Dissabte que ve, els m\u00fasics utielanos es disputaran el primer premi amb les bandes de Massamagrell i Castell\u00f3 de Rugat.<\/figcaption><\/figure>\n<p>La banda simf\u00f2nica de la Uni\u00f3 Musical Utielana participar\u00e0 al X Certamen Nacional de Bandes de M\u00fasica de Cinema Ciutat de Cullera &#8220;Memorial Rafael Talens Pell\u00f3&#8221;, que se celebrar\u00e0 dissabte que ve, 27 de juliol, als Jardins del Mercat de Cullera.<\/p>\n<p>Sota la direcci\u00f3 de Francisco Javier Ros Ortega, la Uni\u00f3 Musical Utielana participar\u00e0 en tercer lloc interpretant el pasdoble &#8220;Fina Blasco&#8221; de Rafael Talens Pell\u00f3 i la banda sonora de la trilogia de la pel\u00b7l\u00edcula Star Wars.<\/p>\n<p>Els interessats a acompanyar els m\u00fasics utielanos i donar-los suport en el desenvolupament d&#8217;aquest prestigi\u00f3s certamen, poden despla\u00e7ar amb autob\u00fas adquirint el tiquet que inclou el despla\u00e7ament i l&#8217;entrada per 15 \u20ac.<\/p>\n<p>En aquesta desena edici\u00f3 entren a concurs Uni\u00f3 Musical de Massamagrell, Uni\u00f3 Musical Benicadell de Castell\u00f3 de Rugat i Uni\u00f3 Musical Utielana i fora de concurs la Banda Jove Societat Ateneu Musical de Cullera.<\/p>\n<p>Les interpretacions de totes les bandes de m\u00fasica participants estaran sincronitzades amb les imatges de les seves respectives pel\u00b7l\u00edcules. En el cas de la Uni\u00f3 Musical Utielana, la seva actuaci\u00f3 estar\u00e0 acompanyada per la projecci\u00f3 d&#8217;una selecci\u00f3 de seq\u00fc\u00e8ncies de la famosa saga de ci\u00e8ncia-ficci\u00f3 &#8220;Star Wars&#8221;<\/p>\n<p>Abans de les audicions, que arrencaran a les 22 hores, les agrupacions participants realitzaran una desfilada per la ciutat de Cullera a partir de les 21 hores.<\/p>\n<p>El Certamen Nacional de Cinema &#8216;Ciutat de Cullera&#8217; atorga un primer premi valorat en 4.000 \u20ac; un segon premi de 2.000 \u20ac i el tercer premi dotat amb 1.000 \u20ac.<\/p>\n<\/div>\n<div class=\"layoutArea\"><\/div>\n<\/div>\n<\/div>\n","protected":false},"excerpt":{"rendered":"<div class=\"mh-excerpt\">La banda simf\u00f2nica de la Uni\u00f3 Musical Utielana participar\u00e0 al X Certamen Nacional de Bandes de M\u00fasica de Cinema Ciutat de Cullera &#8220;Memorial Rafael Talens Pell\u00f3&#8221;, que se celebrar\u00e0 dissabte que ve, 27 de juliol, <a class=\"mh-excerpt-more\" href=\"https:\/\/tucomarca.whitekongsoftware.com\/ca\/la-unio-musical-utielana-actuara-al-x-certamen-nacional-de-bandes-de-musica-de-cinema-de-cullera\/\" title=\"La Uni\u00f3 Musical Utielana actuar\u00e0 al X Certamen Nacional de Bandes de M\u00fasica de Cinema de Cullera\">[+] <\/a><\/div>\n","protected":false},"author":1,"featured_media":89531,"comment_status":"open","ping_status":"open","sticky":false,"template":"","format":"standard","meta":{"footnotes":""},"categories":[11019,11005,11007,10909,10896,11059],"tags":[10910,11174],"class_list":["post-89535","post","type-post","status-publish","format-standard","has-post-thumbnail","category-agenda-ca","category-canal-musica","category-ocio-y-cultura-ca","category-requena-utiel-ca","category-seccion-ca","category-utiel-ca","tag-requena-utiel-ca","tag-utiel-ca"],"_links":{"self":[{"href":"https:\/\/tucomarca.whitekongsoftware.com\/ca\/wp-json\/wp\/v2\/posts\/89535","targetHints":{"allow":["GET"]}}],"collection":[{"href":"https:\/\/tucomarca.whitekongsoftware.com\/ca\/wp-json\/wp\/v2\/posts"}],"about":[{"href":"https:\/\/tucomarca.whitekongsoftware.com\/ca\/wp-json\/wp\/v2\/types\/post"}],"author":[{"embeddable":true,"href":"https:\/\/tucomarca.whitekongsoftware.com\/ca\/wp-json\/wp\/v2\/users\/1"}],"replies":[{"embeddable":true,"href":"https:\/\/tucomarca.whitekongsoftware.com\/ca\/wp-json\/wp\/v2\/comments?post=89535"}],"version-history":[{"count":0,"href":"https:\/\/tucomarca.whitekongsoftware.com\/ca\/wp-json\/wp\/v2\/posts\/89535\/revisions"}],"wp:featuredmedia":[{"embeddable":true,"href":"https:\/\/tucomarca.whitekongsoftware.com\/ca\/wp-json\/wp\/v2\/media\/89531"}],"wp:attachment":[{"href":"https:\/\/tucomarca.whitekongsoftware.com\/ca\/wp-json\/wp\/v2\/media?parent=89535"}],"wp:term":[{"taxonomy":"category","embeddable":true,"href":"https:\/\/tucomarca.whitekongsoftware.com\/ca\/wp-json\/wp\/v2\/categories?post=89535"},{"taxonomy":"post_tag","embeddable":true,"href":"https:\/\/tucomarca.whitekongsoftware.com\/ca\/wp-json\/wp\/v2\/tags?post=89535"}],"curies":[{"name":"wp","href":"https:\/\/api.w.org\/{rel}","templated":true}]}}