{"id":89506,"date":"2019-07-24T15:19:55","date_gmt":"2019-07-24T13:19:55","guid":{"rendered":"http:\/\/www.tucomarca.com\/wordpress\/segunda\/?p=89506"},"modified":"2019-07-24T15:20:18","modified_gmt":"2019-07-24T13:20:18","slug":"almela-i-domingo-guanyen-per-segon-any-consecutiu-el-campionat-de-fronto-de-festes-a-turis","status":"publish","type":"post","link":"https:\/\/tucomarca.whitekongsoftware.com\/ca\/almela-i-domingo-guanyen-per-segon-any-consecutiu-el-campionat-de-fronto-de-festes-a-turis\/","title":{"rendered":"Almela i Domingo guanyen per segon any consecutiu el campionat de front\u00f3 de festes a Tur\u00eds"},"content":{"rendered":"<figure id=\"attachment_89510\" aria-describedby=\"caption-attachment-89510\" style=\"width: 517px\" class=\"wp-caption alignleft\"><img loading=\"lazy\" decoding=\"async\" class=\" wp-image-89510\" src=\"http:\/\/www.tucomarca.com\/wordpress\/segunda\/wp-content\/uploads\/2019\/07\/TurisFronton02.jpg\" alt=\"L\u2019entrega de trofeus estigu\u00e9 a c\u00e0rrec de la Regina de les Festes, Mar\u00eda S\u00e1nchez, i la seua cort acompanyades per l\u2019alcalde, Eugenio Forta\u00f1a, i els regidors de festes i d\u2019esports, Ivan Pic\u00f3 i M\u00aa Dolores Crespo respectivament\" width=\"517\" height=\"388\" srcset=\"https:\/\/tucomarca.whitekongsoftware.com\/wp-content\/uploads\/2019\/07\/TurisFronton02.jpg 4000w, https:\/\/tucomarca.whitekongsoftware.com\/wp-content\/uploads\/2019\/07\/TurisFronton02-300x225.jpg 300w, https:\/\/tucomarca.whitekongsoftware.com\/wp-content\/uploads\/2019\/07\/TurisFronton02-768x576.jpg 768w, https:\/\/tucomarca.whitekongsoftware.com\/wp-content\/uploads\/2019\/07\/TurisFronton02-1024x768.jpg 1024w\" sizes=\"auto, (max-width: 517px) 100vw, 517px\" \/><figcaption id=\"caption-attachment-89510\" class=\"wp-caption-text\">L\u2019entrega de trofeus estigu\u00e9 a c\u00e0rrec de la Regina de les Festes, Mar\u00eda S\u00e1nchez, i la seua cort acompanyades per l\u2019alcalde, Eugenio Forta\u00f1a, i els regidors de festes i d\u2019esports, Ivan Pic\u00f3 i M\u00aa Dolores Crespo respectivament<\/figcaption><\/figure>\n<p>Vicent Almela Crespo i Joan Domingo Folch han revalidat el primer lloc al campionat de front\u00f3 de les festes 2019. En la final s\u2019enfrontaren a Pedro Mar\u00edn Fayos i Gabi Sancho Fornes. L\u2019entrega de trofeus estigu\u00e9 a c\u00e0rrec de la Regina de les Festes, Mar\u00eda S\u00e1nchez, i la seua cort acompanyades per l\u2019alcalde, Eugenio Forta\u00f1a, i els regidors de festes i d\u2019esports, Ivan Pic\u00f3 i M\u00aa Dolores Crespo respectivament.<\/p>\n","protected":false},"excerpt":{"rendered":"<div class=\"mh-excerpt\">Vicent Almela Crespo i Joan Domingo Folch han revalidat el primer lloc al campionat de front\u00f3 de les festes 2019. En la final s\u2019enfrontaren a Pedro Mar\u00edn Fayos i Gabi Sancho Fornes. L\u2019entrega de trofeus <a class=\"mh-excerpt-more\" href=\"https:\/\/tucomarca.whitekongsoftware.com\/ca\/almela-i-domingo-guanyen-per-segon-any-consecutiu-el-campionat-de-fronto-de-festes-a-turis\/\" title=\"Almela i Domingo guanyen per segon any consecutiu el campionat de front\u00f3 de festes a Tur\u00eds\">[+] <\/a><\/div>\n","protected":false},"author":1,"featured_media":89507,"comment_status":"open","ping_status":"open","sticky":false,"template":"","format":"standard","meta":{"footnotes":""},"categories":[11003,10904,10902,11004,11008,11009,10896,11047],"tags":[11077,11093],"class_list":["post-89506","post","type-post","status-publish","format-standard","has-post-thumbnail","category-sports","category-sin-categorizar-ca","category-la-ribera-ca","category-la-semana-en-imagenes-ca","category-pueblos-en-fiestas-ca","category-polideportivo-ca","category-seccion-ca","category-turis-ca","tag-la-ribera-alta-ca","tag-turis-ca"],"_links":{"self":[{"href":"https:\/\/tucomarca.whitekongsoftware.com\/ca\/wp-json\/wp\/v2\/posts\/89506","targetHints":{"allow":["GET"]}}],"collection":[{"href":"https:\/\/tucomarca.whitekongsoftware.com\/ca\/wp-json\/wp\/v2\/posts"}],"about":[{"href":"https:\/\/tucomarca.whitekongsoftware.com\/ca\/wp-json\/wp\/v2\/types\/post"}],"author":[{"embeddable":true,"href":"https:\/\/tucomarca.whitekongsoftware.com\/ca\/wp-json\/wp\/v2\/users\/1"}],"replies":[{"embeddable":true,"href":"https:\/\/tucomarca.whitekongsoftware.com\/ca\/wp-json\/wp\/v2\/comments?post=89506"}],"version-history":[{"count":0,"href":"https:\/\/tucomarca.whitekongsoftware.com\/ca\/wp-json\/wp\/v2\/posts\/89506\/revisions"}],"wp:featuredmedia":[{"embeddable":true,"href":"https:\/\/tucomarca.whitekongsoftware.com\/ca\/wp-json\/wp\/v2\/media\/89507"}],"wp:attachment":[{"href":"https:\/\/tucomarca.whitekongsoftware.com\/ca\/wp-json\/wp\/v2\/media?parent=89506"}],"wp:term":[{"taxonomy":"category","embeddable":true,"href":"https:\/\/tucomarca.whitekongsoftware.com\/ca\/wp-json\/wp\/v2\/categories?post=89506"},{"taxonomy":"post_tag","embeddable":true,"href":"https:\/\/tucomarca.whitekongsoftware.com\/ca\/wp-json\/wp\/v2\/tags?post=89506"}],"curies":[{"name":"wp","href":"https:\/\/api.w.org\/{rel}","templated":true}]}}