{"id":89468,"date":"2019-07-23T22:56:24","date_gmt":"2019-07-23T20:56:24","guid":{"rendered":"http:\/\/www.tucomarca.com\/wordpress\/segunda\/?p=89468"},"modified":"2019-07-23T22:56:24","modified_gmt":"2019-07-23T20:56:24","slug":"continuen-les-obres-de-la-cv-336-al-seu-pas-per-leliana","status":"publish","type":"post","link":"https:\/\/tucomarca.whitekongsoftware.com\/ca\/continuen-les-obres-de-la-cv-336-al-seu-pas-per-leliana\/","title":{"rendered":"Continuen les obres de la CV-336 al seu pas per l&#8217;Eliana"},"content":{"rendered":"<figure id=\"attachment_89465\" aria-describedby=\"caption-attachment-89465\" style=\"width: 554px\" class=\"wp-caption alignnone\"><img loading=\"lazy\" decoding=\"async\" class=\" wp-image-89465\" src=\"http:\/\/www.tucomarca.com\/wordpress\/segunda\/wp-content\/uploads\/2019\/07\/ObrasCV-336.jpg\" alt=\"Avanzan a buen ritmo los trabajos en la carretera CV-336 que discurre dentro del t\u00e9rmino de l\u2019Eliana y que conecta los municipios de San Antonio de Benag\u00e9ber y Riba-Roja de T\u00faria.\" width=\"554\" height=\"263\" srcset=\"https:\/\/tucomarca.whitekongsoftware.com\/wp-content\/uploads\/2019\/07\/ObrasCV-336.jpg 2048w, https:\/\/tucomarca.whitekongsoftware.com\/wp-content\/uploads\/2019\/07\/ObrasCV-336-300x142.jpg 300w, https:\/\/tucomarca.whitekongsoftware.com\/wp-content\/uploads\/2019\/07\/ObrasCV-336-768x365.jpg 768w, https:\/\/tucomarca.whitekongsoftware.com\/wp-content\/uploads\/2019\/07\/ObrasCV-336-1024x486.jpg 1024w\" sizes=\"auto, (max-width: 554px) 100vw, 554px\" \/><figcaption id=\"caption-attachment-89465\" class=\"wp-caption-text\">Avancen a bon ritme els treballs a la carretera CV-336 que discorre dins el terme de l&#8217;Eliana i que connecta els municipis de Sant Antoni de Benag\u00e9ber i Riba-roja de T\u00faria.<\/figcaption><\/figure>\n<p>L&#8217;obra, que pret\u00e9n millorar la seguretat vi\u00e0ria i la circulaci\u00f3 de vianants, es troba en execuci\u00f3 des del mes de maig. Es tracta d&#8217;una carretera que es troba en una zona residencial i est\u00e0 altament transitada.<\/p>\n<p>&nbsp;<\/p>\n<p>Aquesta actuaci\u00f3 s&#8217;est\u00e0 realitzant en tres fases: una primera que va des del tram de la rotonda d&#8217;Entrepins fins a la del Col\u00b7legi Helios; una segona que va des de la rotonda d&#8217;Entrepins fins a la del Barranc de Lluquet i una \u00faltima que va des de la rotonda de l&#8217;Helios fins a l&#8217;entrada de Sant Antoni de Benag\u00e9ber.<\/p>\n<p>La primera fase est\u00e0, en part, finan\u00e7ada per la Diputaci\u00f3 de Val\u00e8ncia amb un total de 167.000 euros i per la IFS de l&#8217;Ajuntament de l&#8217;Eliana amb un total de 75.000 euros. El pressupost total de les tres fases ronda els 500.000 euros.<\/p>\n<p>Aquesta obra t\u00e9 com a objectiu el canvi de canonades i enllumenat el\u00e8ctric, la millora i eixamplament de voreres i la reducci\u00f3 de la cal\u00e7ada per disminuir la velocitat dels vehicles que la transiten.<\/p>\n<p>&nbsp;<\/p>\n<p>Segons l&#8217;alcalde de l&#8217;Eliana, Salva Torrent, aquesta actuaci\u00f3 &#8220;millorar\u00e0 molt la qualitat de vida dels ve\u00efns i ve\u00efnes d&#8217;aquella zona i, per descomptat, de tot el poble en general&#8221;. Les obres es preveu que acabin a finals del mes d&#8217;agost o principis de setembre.<\/p>\n","protected":false},"excerpt":{"rendered":"<div class=\"mh-excerpt\">L&#8217;obra, que pret\u00e9n millorar la seguretat vi\u00e0ria i la circulaci\u00f3 de vianants, es troba en execuci\u00f3 des del mes de maig. Es tracta d&#8217;una carretera que es troba en una zona residencial i est\u00e0 altament <a class=\"mh-excerpt-more\" href=\"https:\/\/tucomarca.whitekongsoftware.com\/ca\/continuen-les-obres-de-la-cv-336-al-seu-pas-per-leliana\/\" title=\"Continuen les obres de la CV-336 al seu pas per l&#8217;Eliana\">[+] <\/a><\/div>\n","protected":false},"author":1,"featured_media":89466,"comment_status":"open","ping_status":"open","sticky":false,"template":"","format":"standard","meta":{"footnotes":""},"categories":[10892,10898,10894,10904,10893,10896],"tags":[10899,11172],"class_list":["post-89468","post","type-post","status-publish","format-standard","has-post-thumbnail","category-camp-de-turia-ca","category-ventana-ca","category-la-comarca-ca","category-sin-categorizar-ca","category-leliana-ca","category-seccion-ca","tag-camp-de-turia-ca","tag-leliana-ca-2"],"_links":{"self":[{"href":"https:\/\/tucomarca.whitekongsoftware.com\/ca\/wp-json\/wp\/v2\/posts\/89468","targetHints":{"allow":["GET"]}}],"collection":[{"href":"https:\/\/tucomarca.whitekongsoftware.com\/ca\/wp-json\/wp\/v2\/posts"}],"about":[{"href":"https:\/\/tucomarca.whitekongsoftware.com\/ca\/wp-json\/wp\/v2\/types\/post"}],"author":[{"embeddable":true,"href":"https:\/\/tucomarca.whitekongsoftware.com\/ca\/wp-json\/wp\/v2\/users\/1"}],"replies":[{"embeddable":true,"href":"https:\/\/tucomarca.whitekongsoftware.com\/ca\/wp-json\/wp\/v2\/comments?post=89468"}],"version-history":[{"count":0,"href":"https:\/\/tucomarca.whitekongsoftware.com\/ca\/wp-json\/wp\/v2\/posts\/89468\/revisions"}],"wp:featuredmedia":[{"embeddable":true,"href":"https:\/\/tucomarca.whitekongsoftware.com\/ca\/wp-json\/wp\/v2\/media\/89466"}],"wp:attachment":[{"href":"https:\/\/tucomarca.whitekongsoftware.com\/ca\/wp-json\/wp\/v2\/media?parent=89468"}],"wp:term":[{"taxonomy":"category","embeddable":true,"href":"https:\/\/tucomarca.whitekongsoftware.com\/ca\/wp-json\/wp\/v2\/categories?post=89468"},{"taxonomy":"post_tag","embeddable":true,"href":"https:\/\/tucomarca.whitekongsoftware.com\/ca\/wp-json\/wp\/v2\/tags?post=89468"}],"curies":[{"name":"wp","href":"https:\/\/api.w.org\/{rel}","templated":true}]}}