{"id":89365,"date":"2019-07-22T22:45:41","date_gmt":"2019-07-22T20:45:41","guid":{"rendered":"http:\/\/www.tucomarca.com\/wordpress\/segunda\/?p=89365"},"modified":"2019-07-22T22:46:06","modified_gmt":"2019-07-22T20:46:06","slug":"bunyol-acollira-el-19-dagost-les-finals-de-raqueta-2019-dins-de-la-setmana-esportiva-de-la-fira-i-festes","status":"publish","type":"post","link":"https:\/\/tucomarca.whitekongsoftware.com\/ca\/bunyol-acollira-el-19-dagost-les-finals-de-raqueta-2019-dins-de-la-setmana-esportiva-de-la-fira-i-festes\/","title":{"rendered":"Bunyol acollir\u00e0 el 19 d&#8217;agost les finals de raqueta 2019 dins de la setmana esportiva de la Fira i Festes"},"content":{"rendered":"<figure id=\"attachment_89351\" aria-describedby=\"caption-attachment-89351\" style=\"width: 405px\" class=\"wp-caption alignleft\"><img loading=\"lazy\" decoding=\"async\" class=\" wp-image-89351\" src=\"http:\/\/www.tucomarca.com\/wordpress\/segunda\/wp-content\/uploads\/2019\/07\/deportesRaqueta.jpg\" alt=\"Las finales de deportes de raqueta ser\u00e1 el 19 de agosto.\" width=\"405\" height=\"292\" srcset=\"https:\/\/tucomarca.whitekongsoftware.com\/wp-content\/uploads\/2019\/07\/deportesRaqueta.jpg 930w, https:\/\/tucomarca.whitekongsoftware.com\/wp-content\/uploads\/2019\/07\/deportesRaqueta-300x216.jpg 300w, https:\/\/tucomarca.whitekongsoftware.com\/wp-content\/uploads\/2019\/07\/deportesRaqueta-768x553.jpg 768w\" sizes=\"auto, (max-width: 405px) 100vw, 405px\" \/><figcaption id=\"caption-attachment-89351\" class=\"wp-caption-text\">Les finals d&#8217;esports de raqueta ser\u00e0 el 19 d&#8217;agost.<\/figcaption><\/figure>\n<p><strong>Les competicions tindran lloc al Poliesportiu del Planell<\/strong><\/p>\n<p>La Regidoria d&#8217;Esports ha organitzat per al 19 d&#8217;agost les Finals de Raqueta dins dels esdeveniments esportius que es realitzaran a la setmana esportiva de la Fira i Festes de Bunyol.<\/p>\n<p>Les competicions estan previstes per a la tarda del 19 d&#8217;agost, a les 18,30 hores amb el IV Copa d&#8217;Estiu de P\u00e0del de Bunyol. Simult\u00e0niament es jugar\u00e0 el XLVI Trofeu de Frontenis Fira i Festes i a les 19,00 hores donar\u00e0 comen\u00e7ament el III Torneig de Tennis.<\/p>\n<p>Manuel Serra, regidor d&#8217;Esports de l&#8217;Ajuntament de Bu\u00f1ol, ha explicat que \u00abamb el tradicional Trofeu de Frontenis en el seu 46 edici\u00f3 i les noves incorporacions d&#8217;altres esports de raqueta m\u00e9s recents com el p\u00e0del o el tennis dins d&#8217;aquesta setmana esportiva de Fira i festes, es vol donar la import\u00e0ncia que mereixen aquests esports, cada vegada m\u00e9s practicats al nostre municipi \u00bb.<\/p>\n","protected":false},"excerpt":{"rendered":"<div class=\"mh-excerpt\">Les competicions tindran lloc al Poliesportiu del Planell La Regidoria d&#8217;Esports ha organitzat per al 19 d&#8217;agost les Finals de Raqueta dins dels esdeveniments esportius que es realitzaran a la setmana esportiva de la Fira <a class=\"mh-excerpt-more\" href=\"https:\/\/tucomarca.whitekongsoftware.com\/ca\/bunyol-acollira-el-19-dagost-les-finals-de-raqueta-2019-dins-de-la-setmana-esportiva-de-la-fira-i-festes\/\" title=\"Bunyol acollir\u00e0 el 19 d&#8217;agost les finals de raqueta 2019 dins de la setmana esportiva de la Fira i Festes\">[+] <\/a><\/div>\n","protected":false},"author":2,"featured_media":89352,"comment_status":"open","ping_status":"open","sticky":false,"template":"","format":"standard","meta":{"footnotes":""},"categories":[10911,11003,10912,11008,11009,10896],"tags":[11314],"class_list":["post-89365","post","type-post","status-publish","format-standard","has-post-thumbnail","category-bunol-ca","category-sports","category-la-hoya-ca","category-pueblos-en-fiestas-ca","category-polideportivo-ca","category-seccion-ca","tag-bunyol-ca"],"_links":{"self":[{"href":"https:\/\/tucomarca.whitekongsoftware.com\/ca\/wp-json\/wp\/v2\/posts\/89365","targetHints":{"allow":["GET"]}}],"collection":[{"href":"https:\/\/tucomarca.whitekongsoftware.com\/ca\/wp-json\/wp\/v2\/posts"}],"about":[{"href":"https:\/\/tucomarca.whitekongsoftware.com\/ca\/wp-json\/wp\/v2\/types\/post"}],"author":[{"embeddable":true,"href":"https:\/\/tucomarca.whitekongsoftware.com\/ca\/wp-json\/wp\/v2\/users\/2"}],"replies":[{"embeddable":true,"href":"https:\/\/tucomarca.whitekongsoftware.com\/ca\/wp-json\/wp\/v2\/comments?post=89365"}],"version-history":[{"count":0,"href":"https:\/\/tucomarca.whitekongsoftware.com\/ca\/wp-json\/wp\/v2\/posts\/89365\/revisions"}],"wp:featuredmedia":[{"embeddable":true,"href":"https:\/\/tucomarca.whitekongsoftware.com\/ca\/wp-json\/wp\/v2\/media\/89352"}],"wp:attachment":[{"href":"https:\/\/tucomarca.whitekongsoftware.com\/ca\/wp-json\/wp\/v2\/media?parent=89365"}],"wp:term":[{"taxonomy":"category","embeddable":true,"href":"https:\/\/tucomarca.whitekongsoftware.com\/ca\/wp-json\/wp\/v2\/categories?post=89365"},{"taxonomy":"post_tag","embeddable":true,"href":"https:\/\/tucomarca.whitekongsoftware.com\/ca\/wp-json\/wp\/v2\/tags?post=89365"}],"curies":[{"name":"wp","href":"https:\/\/api.w.org\/{rel}","templated":true}]}}