{"id":89335,"date":"2019-07-22T14:28:10","date_gmt":"2019-07-22T12:28:10","guid":{"rendered":"http:\/\/www.tucomarca.com\/wordpress\/segunda\/?p=89335"},"modified":"2019-07-22T14:28:10","modified_gmt":"2019-07-22T12:28:10","slug":"iniciades-les-escoles-destiu-2019-a-requena-amb-una-excel%c2%b7lent-acollida","status":"publish","type":"post","link":"https:\/\/tucomarca.whitekongsoftware.com\/ca\/iniciades-les-escoles-destiu-2019-a-requena-amb-una-excel%c2%b7lent-acollida\/","title":{"rendered":"Iniciades les Escoles d&#8217;Estiu 2019 a Requena amb una excel\u00b7lent acollida"},"content":{"rendered":"<figure id=\"attachment_89332\" aria-describedby=\"caption-attachment-89332\" style=\"width: 469px\" class=\"wp-caption alignleft\"><img loading=\"lazy\" decoding=\"async\" class=\" wp-image-89332\" src=\"http:\/\/www.tucomarca.com\/wordpress\/segunda\/wp-content\/uploads\/2019\/07\/EscueladeveranoRequena2019.jpg\" alt=\"Por quinto a\u00f1o consecutivo, el Ayuntamiento de Requena se une al programa de la Conselleria de Igualdad y Pol\u00edticas Inclusivas de atenci\u00f3n a menores\" width=\"469\" height=\"264\" srcset=\"https:\/\/tucomarca.whitekongsoftware.com\/wp-content\/uploads\/2019\/07\/EscueladeveranoRequena2019.jpg 3264w, https:\/\/tucomarca.whitekongsoftware.com\/wp-content\/uploads\/2019\/07\/EscueladeveranoRequena2019-300x169.jpg 300w, https:\/\/tucomarca.whitekongsoftware.com\/wp-content\/uploads\/2019\/07\/EscueladeveranoRequena2019-768x432.jpg 768w, https:\/\/tucomarca.whitekongsoftware.com\/wp-content\/uploads\/2019\/07\/EscueladeveranoRequena2019-1024x576.jpg 1024w\" sizes=\"auto, (max-width: 469px) 100vw, 469px\" \/><figcaption id=\"caption-attachment-89332\" class=\"wp-caption-text\">Per cinqu\u00e8 any consecutiu, l&#8217;Ajuntament de Requena s&#8217;uneix al programa de la Conselleria d&#8217;Igualtat i Pol\u00edtiques Inclusives d&#8217;atenci\u00f3 a menors<\/figcaption><\/figure>\n<p>Al voltant de 272 nens i nenes d&#8217;entre tres i catorze anys estan inscrits en les &#8220;Escoles d&#8217;Estiu 2019 de Requena&#8221; al Col\u00b7legi d&#8217;Educaci\u00f3 Infantil i Prim\u00e0ria Alfonso X El Savi de Requena, que es duen a terme durant els mesos de juliol i agost a la nostra localitat.<\/p>\n<p>Per cinqu\u00e8 any consecutiu, l&#8217;Ajuntament de Requena s&#8217;uneix al programa de la Conselleria d&#8217;Igualtat i Pol\u00edtiques Inclusives d&#8217;atenci\u00f3 a menors pertanyents a fam\u00edlies en situaci\u00f3 de major risc d&#8217;exclusi\u00f3 social mitjan\u00e7ant l&#8217;oferta d&#8217;activitats d&#8217;oci i temps lliure i d&#8217;alimentaci\u00f3.<\/p>\n<p>Pr\u00e8viament, les regidories d&#8217;Educaci\u00f3 i Benestar Social van donar a con\u00e8ixer les bases que regulen la selecci\u00f3 de menors beneficiaris d&#8217;aquests ajuts, i subvencionen part de les despeses de la seva participaci\u00f3 a l&#8217;Escola d&#8217;Estiu amb Menjador.<\/p>\n<p>Aquest any 2019 han estat un total de trenta-set menors els beneficiaris d&#8217;aquest programa.<\/p>\n<p>L&#8217;Escola d&#8217;Estiu es realitza de forma rotativa cada any en un col\u00b7legi i en col\u00b7laboraci\u00f3 amb les AMPAs dels centres p\u00fablics de Requena que trien una de les propostes educatives presentades per les empreses.<\/p>\n<p>En aquestes propostes s&#8217;inclouen activitats l\u00fadiques de tota mena, que afavoreixen les din\u00e0miques de grup i els jocs col\u00b7lectius, per compaginar aprenentatge i diversi\u00f3.<\/p>\n<p>A l&#8217;Escola d&#8217;Estiu nens i nenes estan ben atesos durant les vacances estivals, i d&#8217;altra banda, a les fam\u00edlies se&#8217;ls ofereix la possibilitat de conciliar el seu horari laboral.<\/p>\n<p>A m\u00e9s es pot completar amb el servei de menjador si ho creuen convenient.<\/p>\n<p>&#8220;Un estiu a Hogwarts&#8221; \u00e9s la proposta triada per l&#8217;empresa Capicua Animaci\u00f3.<\/p>\n<p>Els nens comen\u00e7aran el cole d&#8217;estiu sent muggles (no mags) i a trav\u00e9s de les diferents classes (tallers i experiments) aniran convertint-se en mags i bruixes.<\/p>\n<p>Cada aula ser\u00e0 una casa de Hogwarts (Gryffindor, Hufflepuff, Ravenclaw i Slytherin).<\/p>\n<p>Iran convertint el CEIP Alfons X &#8220;El Savi&#8221; al castell de Hogwarts.<\/p>\n<p>Realitzaran tallers, experiments, piscines, esports, excursi\u00f3 &#8230;<\/p>\n<p>Aquest any hi ha matriculats 272 nens i nenes entre juliol i agost, d&#8217;edats compreses entre els 3 als 12 anys repartits en 8 aules.<\/p>\n<p>Les fam\u00edlies apunten als seus fills les setmanes que necessiten.<\/p>\n<p>Nens i nenes aprenen sense adonar-se a trav\u00e9s de divertits tallers i experiments, segons han destacat des de l&#8217;empresa organitzadora.<\/p>\n<p>Les activitats dels tallers, els jocs, els experiments i els esports s&#8217;adapten i s&#8217;adeq\u00fcen per edats.<\/p>\n<p>Hi ha temps tant per a l&#8217;esport, refrescar a la piscina, o la lectura, com per a la coeducaci\u00f3 i l&#8217;aprenentatge cooperatiu.<\/p>\n<p>Aquest any a les Escoles d&#8217;Estiu es pret\u00e9n recon\u00e8ixer el nostre entorn natural i social, potenciar els valors humans, de conviv\u00e8ncia i de cooperaci\u00f3, i desterrar els prejudicis i estereotips; en resum, gaudir del temps lliure propi d&#8217;una forma positiva, desenvolupant al mateix temps les capacitats de cada nen o nena.<\/p>\n","protected":false},"excerpt":{"rendered":"<div class=\"mh-excerpt\">Al voltant de 272 nens i nenes d&#8217;entre tres i catorze anys estan inscrits en les &#8220;Escoles d&#8217;Estiu 2019 de Requena&#8221; al Col\u00b7legi d&#8217;Educaci\u00f3 Infantil i Prim\u00e0ria Alfonso X El Savi de Requena, que es <a class=\"mh-excerpt-more\" href=\"https:\/\/tucomarca.whitekongsoftware.com\/ca\/iniciades-les-escoles-destiu-2019-a-requena-amb-una-excel%c2%b7lent-acollida\/\" title=\"Iniciades les Escoles d&#8217;Estiu 2019 a Requena amb una excel\u00b7lent acollida\">[+] <\/a><\/div>\n","protected":false},"author":1,"featured_media":89333,"comment_status":"open","ping_status":"open","sticky":false,"template":"","format":"standard","meta":{"footnotes":""},"categories":[10894,10904,10908,10909,10896],"tags":[11099,10910],"class_list":["post-89335","post","type-post","status-publish","format-standard","has-post-thumbnail","category-la-comarca-ca","category-sin-categorizar-ca","category-requena-ca","category-requena-utiel-ca","category-seccion-ca","tag-requena-ca","tag-requena-utiel-ca"],"_links":{"self":[{"href":"https:\/\/tucomarca.whitekongsoftware.com\/ca\/wp-json\/wp\/v2\/posts\/89335","targetHints":{"allow":["GET"]}}],"collection":[{"href":"https:\/\/tucomarca.whitekongsoftware.com\/ca\/wp-json\/wp\/v2\/posts"}],"about":[{"href":"https:\/\/tucomarca.whitekongsoftware.com\/ca\/wp-json\/wp\/v2\/types\/post"}],"author":[{"embeddable":true,"href":"https:\/\/tucomarca.whitekongsoftware.com\/ca\/wp-json\/wp\/v2\/users\/1"}],"replies":[{"embeddable":true,"href":"https:\/\/tucomarca.whitekongsoftware.com\/ca\/wp-json\/wp\/v2\/comments?post=89335"}],"version-history":[{"count":0,"href":"https:\/\/tucomarca.whitekongsoftware.com\/ca\/wp-json\/wp\/v2\/posts\/89335\/revisions"}],"wp:featuredmedia":[{"embeddable":true,"href":"https:\/\/tucomarca.whitekongsoftware.com\/ca\/wp-json\/wp\/v2\/media\/89333"}],"wp:attachment":[{"href":"https:\/\/tucomarca.whitekongsoftware.com\/ca\/wp-json\/wp\/v2\/media?parent=89335"}],"wp:term":[{"taxonomy":"category","embeddable":true,"href":"https:\/\/tucomarca.whitekongsoftware.com\/ca\/wp-json\/wp\/v2\/categories?post=89335"},{"taxonomy":"post_tag","embeddable":true,"href":"https:\/\/tucomarca.whitekongsoftware.com\/ca\/wp-json\/wp\/v2\/tags?post=89335"}],"curies":[{"name":"wp","href":"https:\/\/api.w.org\/{rel}","templated":true}]}}