{"id":89215,"date":"2019-07-18T08:50:02","date_gmt":"2019-07-18T06:50:02","guid":{"rendered":"http:\/\/www.tucomarca.com\/wordpress\/segunda\/?p=89215"},"modified":"2019-07-18T08:50:02","modified_gmt":"2019-07-18T06:50:02","slug":"video-reportatge-bunyol-capital-mundial-de-la-musica-de-banda","status":"publish","type":"post","link":"https:\/\/tucomarca.whitekongsoftware.com\/ca\/video-reportatge-bunyol-capital-mundial-de-la-musica-de-banda\/","title":{"rendered":"V\u00eddeo reportatge: Bunyol, capital mundial de la m\u00fasica de banda"},"content":{"rendered":"<p>Reportatge elaborat per tucomarca televisi\u00f3 de la confederencia WASBE que la localitat de Bunyol ha acollit del 9 al 13 de juliol de 2019 i que l&#8217;ha convertit per uns dies en la capital mundial de la m\u00fasica de banda.<\/p>\n","protected":false},"excerpt":{"rendered":"<div class=\"mh-excerpt\">Reportatge elaborat per tucomarca televisi\u00f3 de la confederencia WASBE que la localitat de Bunyol ha acollit del 9 al 13 de juliol de 2019 i que l&#8217;ha convertit per uns dies en la capital mundial <a class=\"mh-excerpt-more\" href=\"https:\/\/tucomarca.whitekongsoftware.com\/ca\/video-reportatge-bunyol-capital-mundial-de-la-musica-de-banda\/\" title=\"V\u00eddeo reportatge: Bunyol, capital mundial de la m\u00fasica de banda\">[+] <\/a><\/div>\n","protected":false},"author":1,"featured_media":89213,"comment_status":"open","ping_status":"open","sticky":false,"template":"","format":"standard","meta":{"footnotes":""},"categories":[10911,11005,10898,10894,10904,10912,11007,10896,11062],"tags":[11314],"class_list":["post-89215","post","type-post","status-publish","format-standard","has-post-thumbnail","category-bunol-ca","category-canal-musica","category-ventana-ca","category-la-comarca-ca","category-sin-categorizar-ca","category-la-hoya-ca","category-ocio-y-cultura-ca","category-seccion-ca","category-videos","tag-bunyol-ca"],"_links":{"self":[{"href":"https:\/\/tucomarca.whitekongsoftware.com\/ca\/wp-json\/wp\/v2\/posts\/89215","targetHints":{"allow":["GET"]}}],"collection":[{"href":"https:\/\/tucomarca.whitekongsoftware.com\/ca\/wp-json\/wp\/v2\/posts"}],"about":[{"href":"https:\/\/tucomarca.whitekongsoftware.com\/ca\/wp-json\/wp\/v2\/types\/post"}],"author":[{"embeddable":true,"href":"https:\/\/tucomarca.whitekongsoftware.com\/ca\/wp-json\/wp\/v2\/users\/1"}],"replies":[{"embeddable":true,"href":"https:\/\/tucomarca.whitekongsoftware.com\/ca\/wp-json\/wp\/v2\/comments?post=89215"}],"version-history":[{"count":0,"href":"https:\/\/tucomarca.whitekongsoftware.com\/ca\/wp-json\/wp\/v2\/posts\/89215\/revisions"}],"wp:featuredmedia":[{"embeddable":true,"href":"https:\/\/tucomarca.whitekongsoftware.com\/ca\/wp-json\/wp\/v2\/media\/89213"}],"wp:attachment":[{"href":"https:\/\/tucomarca.whitekongsoftware.com\/ca\/wp-json\/wp\/v2\/media?parent=89215"}],"wp:term":[{"taxonomy":"category","embeddable":true,"href":"https:\/\/tucomarca.whitekongsoftware.com\/ca\/wp-json\/wp\/v2\/categories?post=89215"},{"taxonomy":"post_tag","embeddable":true,"href":"https:\/\/tucomarca.whitekongsoftware.com\/ca\/wp-json\/wp\/v2\/tags?post=89215"}],"curies":[{"name":"wp","href":"https:\/\/api.w.org\/{rel}","templated":true}]}}