{"id":89132,"date":"2019-07-17T14:53:04","date_gmt":"2019-07-17T12:53:04","guid":{"rendered":"http:\/\/www.tucomarca.com\/wordpress\/segunda\/?p=89132"},"modified":"2019-07-17T14:53:04","modified_gmt":"2019-07-17T12:53:04","slug":"lhospital-de-manises-participa-en-el-llibre-radiologia-essencial-tractat-de-referencia-en-la-formacio-de-radiolegs","status":"publish","type":"post","link":"https:\/\/tucomarca.whitekongsoftware.com\/ca\/lhospital-de-manises-participa-en-el-llibre-radiologia-essencial-tractat-de-referencia-en-la-formacio-de-radiolegs\/","title":{"rendered":"L&#8217;Hospital de Manises participa en el llibre Radiologia Essencial, Tractat de refer\u00e8ncia en la formaci\u00f3 de radi\u00f2legs"},"content":{"rendered":"<figure id=\"attachment_89129\" aria-describedby=\"caption-attachment-89129\" style=\"width: 640px\" class=\"wp-caption alignleft\"><img loading=\"lazy\" decoding=\"async\" class=\"size-full wp-image-89129\" src=\"http:\/\/www.tucomarca.com\/wordpress\/segunda\/wp-content\/uploads\/2019\/07\/HOSP.-MANISES-114.jpeg\" alt=\"Los doctores Yolanda Pallard\u00f3 y Antonio Jos\u00e9 Revert han coordinado las secciones de Radiolog\u00eda Tor\u00e1cica, y Cabeza y Cuello\" width=\"640\" height=\"409\" srcset=\"https:\/\/tucomarca.whitekongsoftware.com\/wp-content\/uploads\/2019\/07\/HOSP.-MANISES-114.jpeg 640w, https:\/\/tucomarca.whitekongsoftware.com\/wp-content\/uploads\/2019\/07\/HOSP.-MANISES-114-300x192.jpeg 300w\" sizes=\"auto, (max-width: 640px) 100vw, 640px\" \/><figcaption id=\"caption-attachment-89129\" class=\"wp-caption-text\">Els doctors Yolanda Pallard\u00f3 i Antonio Jos\u00e9 Revert han coordinat les seccions de Radiologia Tor\u00e0cica, i Cap i Coll<\/figcaption><\/figure>\n<p>Els especialistes del Servei de Radiologia, Yolanda Pallard\u00f3, Antonio Jos\u00e9 Revert, Rub\u00e9n Molina i Fares Salam\u00e9, han participat en la coordinaci\u00f3 i autoria de diversos cap\u00edtols de la segona edici\u00f3 del llibre Radiologia Essencial (ed. Panamericana) que ha editat la Societat Espanyola de radiologia M\u00e8dica (SERAM), una publicaci\u00f3 que s&#8217;ha convertit en tractat de refer\u00e8ncia en la formaci\u00f3 continuada i desenvolupament professional dels radi\u00f2legs de parla hispana, i tamb\u00e9 com a llibre de consulta professional per a metges d&#8217;altres especialitats amb inter\u00e8s en radiologia.<\/p>\n<p>En concret, el doctor Antonio Jos\u00e9 Revert ha coordinat la secci\u00f3 de Radiologia de Cap i Coll, i la doctora Yolanda Pallard\u00f3 la secci\u00f3 de Radiologia Tor\u00e0cica. &#8220;La Radiologia \u00e9s una especialitat tremendament complexa tant en el seu aspecte diagn\u00f2stic com terap\u00e8utic, a aquesta complexitat s&#8217;afegeix l&#8217;evoluci\u00f3 constant i l&#8217;amplitud de patologia que abasta. \u00c9s per aix\u00f2, que la nostra especialitat t\u00e9 un impacte crucial en el maneig de la majoria de pacients. La seva import\u00e0ncia no nom\u00e9s inclou el diagn\u00f2stic prec\u00eds sin\u00f3 que \u00e9s fonamental en el seguiment de m\u00faltiples patologies i en la determinaci\u00f3 de la resposta terap\u00e8utica &#8220;, explica la cap de servei de Radiologia, Yolanda Pallard\u00f3<\/p>\n<p>&#8220;Un cap\u00edtol especialment destacable \u00e9s el dels procediments intervencionistes (t\u00e8cniques diagn\u00f2stiques i terap\u00e8utiques m\u00ednimament invasives guiades amb t\u00e8cniques d&#8217;imatge) que estalvien cirurgies i per tant faciliten la recuperaci\u00f3 del pacient. Per aix\u00f2, Radiologia Essencial \u00e9s un tractat d&#8217;enorme utilitat, amb un enfocament enormement pr\u00e0ctic, el que li atorga la qualitat de ser una eina b\u00e0sica, no nom\u00e9s per als radi\u00f2legs en formaci\u00f3, si no com a obra de consulta per a qualsevol radi\u00f2leg general o metge que necessiti informaci\u00f3 radiol\u00f2gica actualitzada &#8220;, subratlla la doctora Pallard\u00f3. De fet, segons l&#8217;Organitzaci\u00f3 Mundial de la Salut, el 80% de les decisions m\u00e8diques es prenen amb la informaci\u00f3 obtinguda d&#8217;estudis radiol\u00f2gics.<\/p>\n<p>Aix\u00ed, en el llibre Radiologia Essencial, a m\u00e9s de la coordinaci\u00f3, Pallard\u00f3 ha estat l&#8217;autora dels cap\u00edtols &#8220;T\u00e8cniques d&#8217;imatge, anatomia radiol\u00f2gica i semiologia general&#8221;, &#8220;Malalties de la via a\u00e8ria. Malaltia pulmonar obstructiva cr\u00f2nica &#8220;, i al costat del doctor Rub\u00e9n Molina, del cap\u00edtol&#8221; Maneig radiol\u00f2gic de la hemoptisi &#8220;. Per la seva banda, els doctors Revert i Salam\u00e9 s&#8217;han encarregat d&#8217;apartat &#8220;Radiologia del coll infrahiodeo, laringe i hipofaringe&#8221;.<\/p>\n<p>10 aniversari de l&#8217;Hospital de Manises<\/p>\n<p>Des de l&#8217;obertura a l&#8217;abril de 2009 de l&#8217;Hospital de Manises ens hem convertit en una refer\u00e8ncia de l&#8217;atenci\u00f3 sanit\u00e0ria de la Comunitat Valenciana per a oferir un servei d&#8217;excel\u00b7l\u00e8ncia, hum\u00e0, proper al pacient i innovador. El Departament de Salut de Manises d\u00f3na cobertura i assist\u00e8ncia sanit\u00e0ria, tant ambulat\u00f2ria com domicili\u00e0ria a trav\u00e9s de l&#8217;hospital, els centres de salut, consultoris locals, centres d&#8217;especialitats i Hospital de Cr\u00f2nics situat a Mislata, a m\u00e9s de 193.000 persones de 14 localitats. En aquest per\u00edode de temps l&#8217;Hospital ha consolidat un equip de m\u00e9s de 1.500 professionals centrats en l&#8217;assist\u00e8ncia de qualitat al pacient i uns excel\u00b7lents indicadors en excel\u00b7l\u00e8ncia i temps d&#8217;espera en consultes i intervencions quir\u00fargiques.<\/p>\n","protected":false},"excerpt":{"rendered":"<div class=\"mh-excerpt\">Els especialistes del Servei de Radiologia, Yolanda Pallard\u00f3, Antonio Jos\u00e9 Revert, Rub\u00e9n Molina i Fares Salam\u00e9, han participat en la coordinaci\u00f3 i autoria de diversos cap\u00edtols de la segona edici\u00f3 del llibre Radiologia Essencial (ed. <a class=\"mh-excerpt-more\" href=\"https:\/\/tucomarca.whitekongsoftware.com\/ca\/lhospital-de-manises-participa-en-el-llibre-radiologia-essencial-tractat-de-referencia-en-la-formacio-de-radiolegs\/\" title=\"L&#8217;Hospital de Manises participa en el llibre Radiologia Essencial, Tractat de refer\u00e8ncia en la formaci\u00f3 de radi\u00f2legs\">[+] <\/a><\/div>\n","protected":false},"author":1,"featured_media":89130,"comment_status":"open","ping_status":"open","sticky":false,"template":"","format":"standard","meta":{"footnotes":""},"categories":[11010,10948,10894,10904,10912,10896],"tags":[11092],"class_list":["post-89132","post","type-post","status-publish","format-standard","has-post-thumbnail","category-canal-salud","category-infraestructuras-ca","category-la-comarca-ca","category-sin-categorizar-ca","category-la-hoya-ca","category-seccion-ca","tag-hospital-de-manises-ca"],"_links":{"self":[{"href":"https:\/\/tucomarca.whitekongsoftware.com\/ca\/wp-json\/wp\/v2\/posts\/89132","targetHints":{"allow":["GET"]}}],"collection":[{"href":"https:\/\/tucomarca.whitekongsoftware.com\/ca\/wp-json\/wp\/v2\/posts"}],"about":[{"href":"https:\/\/tucomarca.whitekongsoftware.com\/ca\/wp-json\/wp\/v2\/types\/post"}],"author":[{"embeddable":true,"href":"https:\/\/tucomarca.whitekongsoftware.com\/ca\/wp-json\/wp\/v2\/users\/1"}],"replies":[{"embeddable":true,"href":"https:\/\/tucomarca.whitekongsoftware.com\/ca\/wp-json\/wp\/v2\/comments?post=89132"}],"version-history":[{"count":0,"href":"https:\/\/tucomarca.whitekongsoftware.com\/ca\/wp-json\/wp\/v2\/posts\/89132\/revisions"}],"wp:featuredmedia":[{"embeddable":true,"href":"https:\/\/tucomarca.whitekongsoftware.com\/ca\/wp-json\/wp\/v2\/media\/89130"}],"wp:attachment":[{"href":"https:\/\/tucomarca.whitekongsoftware.com\/ca\/wp-json\/wp\/v2\/media?parent=89132"}],"wp:term":[{"taxonomy":"category","embeddable":true,"href":"https:\/\/tucomarca.whitekongsoftware.com\/ca\/wp-json\/wp\/v2\/categories?post=89132"},{"taxonomy":"post_tag","embeddable":true,"href":"https:\/\/tucomarca.whitekongsoftware.com\/ca\/wp-json\/wp\/v2\/tags?post=89132"}],"curies":[{"name":"wp","href":"https:\/\/api.w.org\/{rel}","templated":true}]}}