{"id":88967,"date":"2019-07-16T20:08:22","date_gmt":"2019-07-16T18:08:22","guid":{"rendered":"http:\/\/www.tucomarca.com\/wordpress\/segunda\/?p=88967"},"modified":"2019-07-16T20:08:22","modified_gmt":"2019-07-16T18:08:22","slug":"la-volta-en-carro-a-la-comunitat-valenciana-fa-parada-en-turis","status":"publish","type":"post","link":"https:\/\/tucomarca.whitekongsoftware.com\/ca\/la-volta-en-carro-a-la-comunitat-valenciana-fa-parada-en-turis\/","title":{"rendered":"La volta en carro a la Comunitat Valenciana fa parada en Tur\u00eds"},"content":{"rendered":"<figure id=\"attachment_88964\" aria-describedby=\"caption-attachment-88964\" style=\"width: 306px\" class=\"wp-caption alignleft\"><img loading=\"lazy\" decoding=\"async\" class=\"wp-image-88964\" src=\"http:\/\/www.tucomarca.com\/wordpress\/segunda\/wp-content\/uploads\/2019\/07\/carro2.jpg\" alt=\"Participants de pobles com Picassent, Ontinyent, Gandia o Aielo de Malferit conviuen\u00a0estos\u00a0dies dalt dels seus carros recorrent les carreteres de la nostra comunitat.\" width=\"306\" height=\"229\" srcset=\"https:\/\/tucomarca.whitekongsoftware.com\/wp-content\/uploads\/2019\/07\/carro2.jpg 4160w, https:\/\/tucomarca.whitekongsoftware.com\/wp-content\/uploads\/2019\/07\/carro2-300x225.jpg 300w, https:\/\/tucomarca.whitekongsoftware.com\/wp-content\/uploads\/2019\/07\/carro2-768x576.jpg 768w, https:\/\/tucomarca.whitekongsoftware.com\/wp-content\/uploads\/2019\/07\/carro2-1024x768.jpg 1024w\" sizes=\"auto, (max-width: 306px) 100vw, 306px\" \/><figcaption id=\"caption-attachment-88964\" class=\"wp-caption-text\">Participants de pobles com Picassent, Ontinyent, Gandia o Aielo de Malferit conviuen\u00a0estos\u00a0dies dalt dels seus carros recorrent les carreteres de la nostra comunitat.<\/figcaption><\/figure>\n<p>L\u2019Alcalde de\u00a0Tur\u00eds,\u00a0Eugenio\u00a0Forta\u00f1a, i la Regidora de Cultura, Isabel Guaita, han rebut l\u2019expedici\u00f3 que durant\u00a0estos\u00a0dies est\u00e0 realitzant la Volta en Carro a la Comunitat Valenciana. L\u2019Ajuntament ha cedit les instal\u00b7lacions de qu\u00e8 disposa en la partida del\u00a0Rinc\u00f3\u00a0perqu\u00e8 els viatgers puguen descansar fins dem\u00e0 de matinada, quan reprendran la marxa en direcci\u00f3 a\u00a0Dos\u00a0Aig\u00fces.<\/p>\n<p>El president de l\u2019Associaci\u00f3 de Carreters d\u2019Alberic i president de la volta, Vicent\u00a0Escrib\u00e0, ha saludat a les nostres autoritats al mateix temps que els ha manifestat el seu agra\u00efment pel tracte i l\u2019acollida. Participants de pobles com Picassent, Ontinyent, Gandia o Aielo de Malferit conviuen\u00a0estos\u00a0dies dalt dels seus carros recorrent les carreteres de la nostra comunitat.<\/p>\n","protected":false},"excerpt":{"rendered":"<div class=\"mh-excerpt\">L\u2019Alcalde de\u00a0Tur\u00eds,\u00a0Eugenio\u00a0Forta\u00f1a, i la Regidora de Cultura, Isabel Guaita, han rebut l\u2019expedici\u00f3 que durant\u00a0estos\u00a0dies est\u00e0 realitzant la Volta en Carro a la Comunitat Valenciana. L\u2019Ajuntament ha cedit les instal\u00b7lacions de qu\u00e8 disposa en la partida <a class=\"mh-excerpt-more\" href=\"https:\/\/tucomarca.whitekongsoftware.com\/ca\/la-volta-en-carro-a-la-comunitat-valenciana-fa-parada-en-turis\/\" title=\"La volta en carro a la Comunitat Valenciana fa parada en Tur\u00eds\">[+] <\/a><\/div>\n","protected":false},"author":1,"featured_media":88963,"comment_status":"open","ping_status":"open","sticky":false,"template":"","format":"standard","meta":{"footnotes":""},"categories":[10905,10894,10902,10903,10896,11047],"tags":[11077,11093],"class_list":["post-88967","post","type-post","status-publish","format-standard","has-post-thumbnail","category-agricultura-la-comarca-ca","category-la-comarca-ca","category-la-ribera-ca","category-medio-ambiente-la-comarca-ca","category-seccion-ca","category-turis-ca","tag-la-ribera-alta-ca","tag-turis-ca"],"_links":{"self":[{"href":"https:\/\/tucomarca.whitekongsoftware.com\/ca\/wp-json\/wp\/v2\/posts\/88967","targetHints":{"allow":["GET"]}}],"collection":[{"href":"https:\/\/tucomarca.whitekongsoftware.com\/ca\/wp-json\/wp\/v2\/posts"}],"about":[{"href":"https:\/\/tucomarca.whitekongsoftware.com\/ca\/wp-json\/wp\/v2\/types\/post"}],"author":[{"embeddable":true,"href":"https:\/\/tucomarca.whitekongsoftware.com\/ca\/wp-json\/wp\/v2\/users\/1"}],"replies":[{"embeddable":true,"href":"https:\/\/tucomarca.whitekongsoftware.com\/ca\/wp-json\/wp\/v2\/comments?post=88967"}],"version-history":[{"count":0,"href":"https:\/\/tucomarca.whitekongsoftware.com\/ca\/wp-json\/wp\/v2\/posts\/88967\/revisions"}],"wp:featuredmedia":[{"embeddable":true,"href":"https:\/\/tucomarca.whitekongsoftware.com\/ca\/wp-json\/wp\/v2\/media\/88963"}],"wp:attachment":[{"href":"https:\/\/tucomarca.whitekongsoftware.com\/ca\/wp-json\/wp\/v2\/media?parent=88967"}],"wp:term":[{"taxonomy":"category","embeddable":true,"href":"https:\/\/tucomarca.whitekongsoftware.com\/ca\/wp-json\/wp\/v2\/categories?post=88967"},{"taxonomy":"post_tag","embeddable":true,"href":"https:\/\/tucomarca.whitekongsoftware.com\/ca\/wp-json\/wp\/v2\/tags?post=88967"}],"curies":[{"name":"wp","href":"https:\/\/api.w.org\/{rel}","templated":true}]}}