{"id":88909,"date":"2019-07-15T20:41:51","date_gmt":"2019-07-15T18:41:51","guid":{"rendered":"http:\/\/www.tucomarca.com\/wordpress\/segunda\/?p=88909"},"modified":"2019-07-15T20:41:51","modified_gmt":"2019-07-15T18:41:51","slug":"valencia-turisme-proposa-el-turisme-ornitologic-per-a-combatre-lestacionalitat","status":"publish","type":"post","link":"https:\/\/tucomarca.whitekongsoftware.com\/ca\/valencia-turisme-proposa-el-turisme-ornitologic-per-a-combatre-lestacionalitat\/","title":{"rendered":"Val\u00e8ncia Turisme proposa el turisme ornitol\u00f2gic per a combatre l&#8217;estacionalitat"},"content":{"rendered":"<figure id=\"attachment_88905\" aria-describedby=\"caption-attachment-88905\" style=\"width: 434px\" class=\"wp-caption alignleft\"><img loading=\"lazy\" decoding=\"async\" class=\" wp-image-88905\" src=\"http:\/\/www.tucomarca.com\/wordpress\/segunda\/wp-content\/uploads\/2019\/07\/TurismeBIRDING.jpg\" alt=\"El Patronat de Turisme de Val\u00e8ncia organiza la primera jornada de birdwatching para diversificar el destino &quot;Val\u00e8ncia&quot;.\" width=\"434\" height=\"325\" srcset=\"https:\/\/tucomarca.whitekongsoftware.com\/wp-content\/uploads\/2019\/07\/TurismeBIRDING.jpg 1600w, https:\/\/tucomarca.whitekongsoftware.com\/wp-content\/uploads\/2019\/07\/TurismeBIRDING-300x225.jpg 300w, https:\/\/tucomarca.whitekongsoftware.com\/wp-content\/uploads\/2019\/07\/TurismeBIRDING-768x576.jpg 768w, https:\/\/tucomarca.whitekongsoftware.com\/wp-content\/uploads\/2019\/07\/TurismeBIRDING-1024x768.jpg 1024w\" sizes=\"auto, (max-width: 434px) 100vw, 434px\" \/><figcaption id=\"caption-attachment-88905\" class=\"wp-caption-text\">El Patronat de Turisme de Val\u00e8ncia organitza la primera jornada de birdwatching per a diversificar la destinaci\u00f3 \u201cVal\u00e8ncia\u201d.<\/figcaption><\/figure>\n<p>Els turistes ornitol\u00f2gics o \u201cbirdwatchers\u201d es mouen per un territori que excedeix el l\u00edmit municipal i fins i tot el comarcal i auton\u00f2mic. \u201cAix\u00f2 significa que hem de conscienciar els gestors tur\u00edstics, p\u00fablics i privats, perqu\u00e8 dissenyen nous productes tur\u00edstics ornitol\u00f2gics partint d&#8217;aquesta singularitat\u201d, ha assenyalat Virgili Beltr\u00e1n, de l&#8217;Associaci\u00f3 Guies Birding de la Comunitat Valenciana, en la primera jornada de turisme ornitol\u00f2gic organitzada pel Patronat de Turisme de Val\u00e8ncia amb l&#8217;objectiu d&#8217;impulsar l&#8217;albirament d&#8217;ocells com a producte tur\u00edstic diferenciat per a combatre l&#8217;estacionalitat tur\u00edstica.<\/p>\n<p>T\u00e8cnics locals de turisme i medi ambient han assistit a la jornada i han valorat molt positivament la formaci\u00f3 en nous projectes que ajuden a impulsar les economies locals. Han participat com a formadors Virgili Beltr\u00e1n i Yanina Maggiotto, de l&#8217;Associaci\u00f3 Guies Birding de la Comunitat Valenciana. Tamb\u00e9 ha col\u00b7laborat en la jornada la Secretaria T\u00e8cnica de l&#8217;\u00c0rea de Mediterrani Natural de \u201cCreaturisme\u201d (Turisme Comunitat Valenciana).<\/p>\n<p>Segons Beltr\u00e1n, la clau per a oferir un bon producte ornitol\u00f2gic \u00e9s \u201ccuidar la qualitat del recurs, els ocells i el seu h\u00e0bitat, amb major atenci\u00f3 a la neteja i conservaci\u00f3 de les reserves de flora i fauna, i amb una gesti\u00f3 centrada en la millora del posicionament del producte\u201d.<\/p>\n<p>Per a aix\u00f2, \u201c\u00e9s fonamental que en les web tur\u00edstiques dels ajuntaments hi haja un apartat de <em>birding<\/em>, i que es complemente amb cartelleria editable i disponible en els espais d&#8217;informaci\u00f3 tur\u00edstica\u201d.<\/p>\n<p>Tal com assenyalen des de Val\u00e8ncia Turisme, \u201cel turisme ornitol\u00f2gic \u00e9s una proposta fant\u00e0stica per a propiciar que els turistes vinguen a les nostres comarques, no solament per les seues platjas i a l&#8217;estiu, sin\u00f3 per a descobrir noves experi\u00e8ncies i gaudir d&#8217;espais naturals fascinants com els huit parcs naturals o les marjals de la Safor i Pego-Oliva, aix\u00ed com serres i moles de l&#8217;interior que disposen de condicions extraordin\u00e0ries per a l&#8217;albirament d&#8217;ocells\u201d.<\/p>\n<p><strong>Turistes i Birdwatching <\/strong><\/p>\n<p>El Patronat de Turisme disposa de programes de recolzament al <em>birdwatching<\/em>, entre les quals destaca la seua participaci\u00f3 amb la proposta \u201cVal\u00e8ncia Birding\u201d en trobades i fires internacionals com la British Bird Fair, la fira de turisme ornitol\u00f2gic m\u00e9s gran i antiga del m\u00f3n celebrada en la &#8220;Rutland Water\u00a0 Nature Reserve&#8221; del Regne Unit.<\/p>\n<p>Precisament, el Regne Unit \u00e9s el pa\u00eds amb m\u00e9s quantitat &#8220;birdwatchers&#8221; (observadors d&#8217;ocells) i emissor d&#8217;un gran nombre de turistes que busquen com a destinaci\u00f3 altres llocs del m\u00f3n on poder gaudir la seua afici\u00f3 a l&#8217;observaci\u00f3 d&#8217;ocells i satisfer la seua passi\u00f3 de con\u00e9ixer noves esp\u00e8cies que poder afegir esp\u00e8cies a les seues llistes o a les seues col\u00b7leccions de fotografies.<\/p>\n<p><strong>M\u00e9s de 350 esp\u00e8cies d&#8217;ocells en el territori valenci\u00e0<\/strong><\/p>\n<p>Les comarques valencianes compten amb huit parcs naturals i nombrosos espais protegits en els quals han sigut localitzades destacables zones de cria i d&#8217;hivernada d&#8217;un valor incalculable tant en quantitat com en diversitat d&#8217;esp\u00e8cies.<\/p>\n<p>A m\u00e9s, el territori valenci\u00e0 \u00e9s un punt estrat\u00e8gic en les rutes migrat\u00f2ries pre i post nupcials entre el nord d&#8217;Europa i \u00c0frica que propicia l&#8217;albirament i observaci\u00f3 de m\u00e9s de 350 esp\u00e8cies d&#8217;ocells al llarg d&#8217;un any.<\/p>\n","protected":false},"excerpt":{"rendered":"<div class=\"mh-excerpt\">Els turistes ornitol\u00f2gics o \u201cbirdwatchers\u201d es mouen per un territori que excedeix el l\u00edmit municipal i fins i tot el comarcal i auton\u00f2mic. \u201cAix\u00f2 significa que hem de conscienciar els gestors tur\u00edstics, p\u00fablics i privats, <a class=\"mh-excerpt-more\" href=\"https:\/\/tucomarca.whitekongsoftware.com\/ca\/valencia-turisme-proposa-el-turisme-ornitologic-per-a-combatre-lestacionalitat\/\" title=\"Val\u00e8ncia Turisme proposa el turisme ornitol\u00f2gic per a combatre l&#8217;estacionalitat\">[+] <\/a><\/div>\n","protected":false},"author":1,"featured_media":88906,"comment_status":"open","ping_status":"open","sticky":false,"template":"","format":"standard","meta":{"footnotes":""},"categories":[10898,10948,10894,10904,10903,10947,10896],"tags":[11194,11404],"class_list":["post-88909","post","type-post","status-publish","format-standard","has-post-thumbnail","category-ventana-ca","category-infraestructuras-ca","category-la-comarca-ca","category-sin-categorizar-ca","category-medio-ambiente-la-comarca-ca","category-politica","category-seccion-ca","tag-turisme-ca","tag-valencia-turisme-ca"],"_links":{"self":[{"href":"https:\/\/tucomarca.whitekongsoftware.com\/ca\/wp-json\/wp\/v2\/posts\/88909","targetHints":{"allow":["GET"]}}],"collection":[{"href":"https:\/\/tucomarca.whitekongsoftware.com\/ca\/wp-json\/wp\/v2\/posts"}],"about":[{"href":"https:\/\/tucomarca.whitekongsoftware.com\/ca\/wp-json\/wp\/v2\/types\/post"}],"author":[{"embeddable":true,"href":"https:\/\/tucomarca.whitekongsoftware.com\/ca\/wp-json\/wp\/v2\/users\/1"}],"replies":[{"embeddable":true,"href":"https:\/\/tucomarca.whitekongsoftware.com\/ca\/wp-json\/wp\/v2\/comments?post=88909"}],"version-history":[{"count":0,"href":"https:\/\/tucomarca.whitekongsoftware.com\/ca\/wp-json\/wp\/v2\/posts\/88909\/revisions"}],"wp:featuredmedia":[{"embeddable":true,"href":"https:\/\/tucomarca.whitekongsoftware.com\/ca\/wp-json\/wp\/v2\/media\/88906"}],"wp:attachment":[{"href":"https:\/\/tucomarca.whitekongsoftware.com\/ca\/wp-json\/wp\/v2\/media?parent=88909"}],"wp:term":[{"taxonomy":"category","embeddable":true,"href":"https:\/\/tucomarca.whitekongsoftware.com\/ca\/wp-json\/wp\/v2\/categories?post=88909"},{"taxonomy":"post_tag","embeddable":true,"href":"https:\/\/tucomarca.whitekongsoftware.com\/ca\/wp-json\/wp\/v2\/tags?post=88909"}],"curies":[{"name":"wp","href":"https:\/\/api.w.org\/{rel}","templated":true}]}}