{"id":88901,"date":"2019-07-15T19:47:01","date_gmt":"2019-07-15T17:47:01","guid":{"rendered":"http:\/\/www.tucomarca.com\/wordpress\/segunda\/?p=88901"},"modified":"2019-07-15T19:47:01","modified_gmt":"2019-07-15T17:47:01","slug":"beatriz-gasco-diputada-dpodem-visita-les-pedanies-de-requena-on-sinstal%c2%b7laran-les-noves-depuradores","status":"publish","type":"post","link":"https:\/\/tucomarca.whitekongsoftware.com\/ca\/beatriz-gasco-diputada-dpodem-visita-les-pedanies-de-requena-on-sinstal%c2%b7laran-les-noves-depuradores\/","title":{"rendered":"Beatriz Gasc\u00f3, diputada d&#8217;Podem, visita les pedanies de Requena on s&#8217;instal\u00b7laran les noves depuradores"},"content":{"rendered":"<figure id=\"attachment_88898\" aria-describedby=\"caption-attachment-88898\" style=\"width: 463px\" class=\"wp-caption alignleft\"><img loading=\"lazy\" decoding=\"async\" class=\" wp-image-88898\" src=\"http:\/\/www.tucomarca.com\/wordpress\/segunda\/wp-content\/uploads\/2019\/07\/PodemosRequena.jpg\" alt=\"La diputada en Cortes Valenciana aporta informaci\u00f3n sobre el desarrollo de las obras.\" width=\"463\" height=\"348\" srcset=\"https:\/\/tucomarca.whitekongsoftware.com\/wp-content\/uploads\/2019\/07\/PodemosRequena.jpg 2993w, https:\/\/tucomarca.whitekongsoftware.com\/wp-content\/uploads\/2019\/07\/PodemosRequena-300x225.jpg 300w, https:\/\/tucomarca.whitekongsoftware.com\/wp-content\/uploads\/2019\/07\/PodemosRequena-768x576.jpg 768w, https:\/\/tucomarca.whitekongsoftware.com\/wp-content\/uploads\/2019\/07\/PodemosRequena-1024x768.jpg 1024w\" sizes=\"auto, (max-width: 463px) 100vw, 463px\" \/><figcaption id=\"caption-attachment-88898\" class=\"wp-caption-text\">La diputada en Corts Valenciana aporta informaci\u00f3 sobre el desenvolupament de les obres.<\/figcaption><\/figure>\n<p>Divendres passat, Beatriz Gasc\u00f3 Verdier, diputada d&#8217;Podem a les Corts Valencianes i responsable de l&#8217;\u00e0rea de Medi Ambient, Agricultura i M\u00f3n Rural, va visitar algunes de les aldees de Requena en qu\u00e8 estan projectades les noves depuradores d&#8217;aig\u00fces residuals.<\/p>\n<p>La visita es va efectuar a inst\u00e0ncia de Podem Rqueba ja que aquesta formaci\u00f3 ha estat responsable de la reactivaci\u00f3 del proc\u00e9s de la instal\u00b7laci\u00f3 de les depuradores, quan en el 2017 va aconseguir que s&#8217;inclogu\u00e9s en els Pressupostos de la Generalitat Valenciana.<\/p>\n<p>Acompanyada de la t\u00e8cnica municipal i dos regidors, la diputada va poder examinar alguns dels punts d&#8217;abocaments d&#8217;aig\u00fces residuals sense tractar, que s&#8217;aboquen directament al terreny o al riu, constatant la infracci\u00f3 i greu dany mediambiental que s&#8217;est\u00e0 ocasionant.<\/p>\n<p>&#8220;Agra\u00efm la visita d&#8217;Gasc\u00f3, que a m\u00e9s ens ha aportat informaci\u00f3 sobre l&#8217;estat actual del projecte. Esperem aix\u00ed tamb\u00e9 poder &#8216;tranquil\u00b7litzar&#8217; a alguns grups pol\u00edtics que havien manifestat la seva incredulitat sobre l&#8217;execuci\u00f3 de les depuradores &#8220;al\u00b7lega Juan Garc\u00eda Escriv\u00e1, regidor de Podem a Requena.<\/p>\n<p>La EPSAR (Entitat de Sanejament d&#8217;Aigua de la Generalitat Valenciana) \u00e9s l&#8217;encarregada de la construcci\u00f3 de les depuradores. Actualment s&#8217;estan redactant els projectes de construcci\u00f3 per a 20 pedanies, amb les que totes les nostres aldees disposarien de depuraci\u00f3 d&#8217;aig\u00fces residuals i que, segons els estudis previs efectuats, es podrien agrupar en 17 instal\u00b7lacions, en les que es preveu, en la majoria elles, sistemes extensius de tractament, mitjan\u00e7ant la combinaci\u00f3 d&#8217;aiguamolls artificials.<\/p>\n<p>Es preveu que es disposi d&#8217;un esborrany dels projectes constructius al mes de desembre. Un cop validats per l&#8217;Ajuntament, l&#8217;EPSAR redactar\u00e0 el projecte definitiu. A partir de llavors, la finalitzaci\u00f3 de les obres, podran trigar uns dos anys.<\/p>\n<p>&#8220;Desitjar\u00edem que aquest proc\u00e9s fos m\u00e9s curt, per\u00f2 s\u00f3n els temps que marca l&#8217;Administraci\u00f3 i res m\u00e9s es pot fer. Estarem vigilants que es compleixin els terminis, perqu\u00e8 aix\u00ed Requena pugui complir la llei mediambiental europea com m\u00e9s aviat millor, evitar sancions i per descomptat, el dany mediambiental que s&#8217;est\u00e0 produint des de fa massa temps &#8220;al\u00b7lega Juan Garc\u00eda Escriv\u00e1.<\/p>\n","protected":false},"excerpt":{"rendered":"<div class=\"mh-excerpt\">Divendres passat, Beatriz Gasc\u00f3 Verdier, diputada d&#8217;Podem a les Corts Valencianes i responsable de l&#8217;\u00e0rea de Medi Ambient, Agricultura i M\u00f3n Rural, va visitar algunes de les aldees de Requena en qu\u00e8 estan projectades les <a class=\"mh-excerpt-more\" href=\"https:\/\/tucomarca.whitekongsoftware.com\/ca\/beatriz-gasco-diputada-dpodem-visita-les-pedanies-de-requena-on-sinstal%c2%b7laran-les-noves-depuradores\/\" title=\"Beatriz Gasc\u00f3, diputada d&#8217;Podem, visita les pedanies de Requena on s&#8217;instal\u00b7laran les noves depuradores\">[+] <\/a><\/div>\n","protected":false},"author":1,"featured_media":88899,"comment_status":"open","ping_status":"open","sticky":false,"template":"","format":"standard","meta":{"footnotes":""},"categories":[10898,10948,10894,10903,10947,10908,10909,10896],"tags":[11473,10910],"class_list":["post-88901","post","type-post","status-publish","format-standard","has-post-thumbnail","category-ventana-ca","category-infraestructuras-ca","category-la-comarca-ca","category-medio-ambiente-la-comarca-ca","category-politica","category-requena-ca","category-requena-utiel-ca","category-seccion-ca","tag-podem-ca","tag-requena-utiel-ca"],"_links":{"self":[{"href":"https:\/\/tucomarca.whitekongsoftware.com\/ca\/wp-json\/wp\/v2\/posts\/88901","targetHints":{"allow":["GET"]}}],"collection":[{"href":"https:\/\/tucomarca.whitekongsoftware.com\/ca\/wp-json\/wp\/v2\/posts"}],"about":[{"href":"https:\/\/tucomarca.whitekongsoftware.com\/ca\/wp-json\/wp\/v2\/types\/post"}],"author":[{"embeddable":true,"href":"https:\/\/tucomarca.whitekongsoftware.com\/ca\/wp-json\/wp\/v2\/users\/1"}],"replies":[{"embeddable":true,"href":"https:\/\/tucomarca.whitekongsoftware.com\/ca\/wp-json\/wp\/v2\/comments?post=88901"}],"version-history":[{"count":0,"href":"https:\/\/tucomarca.whitekongsoftware.com\/ca\/wp-json\/wp\/v2\/posts\/88901\/revisions"}],"wp:featuredmedia":[{"embeddable":true,"href":"https:\/\/tucomarca.whitekongsoftware.com\/ca\/wp-json\/wp\/v2\/media\/88899"}],"wp:attachment":[{"href":"https:\/\/tucomarca.whitekongsoftware.com\/ca\/wp-json\/wp\/v2\/media?parent=88901"}],"wp:term":[{"taxonomy":"category","embeddable":true,"href":"https:\/\/tucomarca.whitekongsoftware.com\/ca\/wp-json\/wp\/v2\/categories?post=88901"},{"taxonomy":"post_tag","embeddable":true,"href":"https:\/\/tucomarca.whitekongsoftware.com\/ca\/wp-json\/wp\/v2\/tags?post=88901"}],"curies":[{"name":"wp","href":"https:\/\/api.w.org\/{rel}","templated":true}]}}