{"id":88895,"date":"2019-07-15T20:37:19","date_gmt":"2019-07-15T18:37:19","guid":{"rendered":"http:\/\/www.tucomarca.com\/wordpress\/segunda\/?p=88895"},"modified":"2019-07-15T20:37:19","modified_gmt":"2019-07-15T18:37:19","slug":"fotogaleria-exit-de-participacio-en-la-primera-edicio-del-gp-de-ciclisme-de-xest","status":"publish","type":"post","link":"https:\/\/tucomarca.whitekongsoftware.com\/ca\/fotogaleria-exit-de-participacio-en-la-primera-edicio-del-gp-de-ciclisme-de-xest\/","title":{"rendered":"Fotogaleria: \u00c8xit de participaci\u00f3 en la primera edici\u00f3 del GP de Ciclisme de Xest"},"content":{"rendered":"<div class=\"\">\n<figure id=\"attachment_88866\" aria-describedby=\"caption-attachment-88866\" style=\"width: 446px\" class=\"wp-caption alignleft\"><img loading=\"lazy\" decoding=\"async\" class=\" wp-image-88866\" src=\"http:\/\/www.tucomarca.com\/wordpress\/segunda\/wp-content\/uploads\/2019\/07\/GPCiclismo_Carrera34.jpg\" alt=\"Primera edici\u00f3n del GP de Ciclismo de Cheste.\" width=\"446\" height=\"297\" srcset=\"https:\/\/tucomarca.whitekongsoftware.com\/wp-content\/uploads\/2019\/07\/GPCiclismo_Carrera34.jpg 5472w, https:\/\/tucomarca.whitekongsoftware.com\/wp-content\/uploads\/2019\/07\/GPCiclismo_Carrera34-300x200.jpg 300w, https:\/\/tucomarca.whitekongsoftware.com\/wp-content\/uploads\/2019\/07\/GPCiclismo_Carrera34-768x512.jpg 768w, https:\/\/tucomarca.whitekongsoftware.com\/wp-content\/uploads\/2019\/07\/GPCiclismo_Carrera34-1024x683.jpg 1024w\" sizes=\"auto, (max-width: 446px) 100vw, 446px\" \/><figcaption id=\"caption-attachment-88866\" class=\"wp-caption-text\">Primera edici\u00f3n del GP de Ciclismo de Cheste.<\/figcaption><\/figure>\n<p>Divendres passat, 12 de juliol, es va estrenar a Xest la primera edici\u00f3 del Gran Premi de Ciclisme. Organitzat per Javier Montaner i el Club Ciclista de Xest, en col\u00b7laboraci\u00f3 amb les regidories d&#8217;Esport i Festes de l&#8217;Ajuntament de Xest; amb el suport del Comit\u00e8 Territorial d&#8217;\u00c0rbitres i Cronometradors de Ciclisme de la Comunitat Valenciana, la Federaci\u00f3 de Ciclisme de la Comunitat Valenciana (FCCV) i la Reial Federaci\u00f3 Espanyola de Ciclisme.<\/p>\n<p>En aquest primer Gran Premi de Ciclisme de Xest van participar 136 corredors i corredores de les categories Junior, Elit-sub23 i M\u00e0ster. El recorregut, que va sumar un total 12 quil\u00f2metres, es va dividir en sis voltes d&#8217;aproximadament 18 minuts cadascuna. La Policia Local de Xest va advertir a l&#8217;inici de la cursa dels punts de dificultat del recorregut, especialment en zones de graveta i terreny de terra, properes a la zona del barranc, despr\u00e9s d&#8217;abandonar la carretera cv2-83 en direcci\u00f3 a la carretera del circuit . A continuaci\u00f3, Javier Montaner, en representaci\u00f3 del Club Ciclista de Xest, va lliurar una placa commemorativa al ciclista m\u00e9s veter\u00e0 de la localitat per la seva implicaci\u00f3, dedicaci\u00f3 i comprom\u00eds amb el Club Ciclista. Rafael Morell Rodrigo, va rebre aquest reconeixement entre aplaudiments.<\/p>\n<p>Malgrat les altes temperatures que van acompanyar la jornada, van ser molts els ve\u00efns i ve\u00efnes que van acudir a animar i a oferir aigua als i les ciclistes participants. &#8220;La gent de la localitat ha mostrat molt inter\u00e8s en aquesta primera edici\u00f3 del Gran Premi de Ciclisme de Xest. Els ciclistes que han participat s\u00f3n semi-professionals i aix\u00ed ho han demostrat durant el recorregut, mostrant un alt nivell. La gent s&#8217;ha concentrat al carrer Vicente Prats per animar els i les participants i oferir-los ampolles d&#8217;aigua. Des de l&#8217;equip de govern ens alegrem molt de la gran acollida que ha tingut aquesta primera edici\u00f3 del Gran Premi&#8221;, subratllava el regidor d&#8217;Esports, Francisco Llorens.<\/p>\n<p>&#8220;Porto 13 anys corrent en bici i diversos anys lluny de casa competint en equips de Portugal i Pamplona&#8221;, declarava Javier Montaner. &#8220;Aquest any formo part d&#8217;un equip de Catalunya i, aprofitant que estic m\u00e9s a prop de casa, hem organitzat amb molta il\u00b7lusi\u00f3 aquesta cursa al meu poble. Espero que aquest premi es continu\u00ef fent molts anys m\u00e9s&#8221;. El ciclista tamb\u00e9 va agrair el treball de les regidories d&#8217;Esport i Festes de l&#8217;Ajuntament de Xest i el suport de les empreses locals.<\/p>\n<p>En finalitzar la cursa, l&#8217;alcalde, Jos\u00e9 Morell i el regidor d&#8217;Esports, Francisco Llorens, van ser els encarregats de lliurar els trofeus als guanyadors.<\/p>\n<p><strong>Podis i trofeus<\/strong><br \/>\nclassificaci\u00f3 General<br \/>\nFelix Casa\u00f1 (Categoria M\u00e0ster 30)<\/p>\n<p>classificaci\u00f3 Elit<br \/>\nJose Mas<\/p>\n<p>classificaci\u00f3 Sub23<br \/>\nGeorge Nikol Caicedo<\/p>\n<p>Classificaci\u00f3 M\u00e0ster 30<br \/>\nF\u00e9lix Casa\u00f1<\/p>\n<p>Classificaci\u00f3 M\u00e0ster 40<br \/>\nFernando Gimeno<\/p>\n<p>Classificaci\u00f3 M\u00e0ster 50<br \/>\nFrancisco Antonio Quesada<\/p>\n<p>classificaci\u00f3 Junior<br \/>\nGeorge Nikol Caicedo<\/p>\n<p>Classificaci\u00f3 per equips<br \/>\nGsport \u00c0nima Wagen<\/p>\n<p>classificaci\u00f3 Muntanya<br \/>\nMehari Tesfaction Tekie<\/p>\n<p>Classificaci\u00f3 Metes Volants<br \/>\nEduardo Mart\u00ednez<\/p>\n<p>classificaci\u00f3 Local<br \/>\nJavier Montaner<\/p>\n<\/div>\n<div class=\"\"><\/div>\n<div class=\"\">\n<div id='gallery-1' class='gallery galleryid-88895 gallery-columns-3 gallery-size-large'><figure class='gallery-item'>\n\t\t\t<div class='gallery-icon landscape'>\n\t\t\t\t<a href='https:\/\/tucomarca.whitekongsoftware.com\/ca\/fotogaleria-exit-de-participacio-en-la-primera-edicio-del-gp-de-ciclisme-de-xest\/gpciclismo_salida_vuelta-reconocimiento-2\/'><img loading=\"lazy\" decoding=\"async\" width=\"1024\" height=\"683\" src=\"https:\/\/tucomarca.whitekongsoftware.com\/wp-content\/uploads\/2019\/07\/GPCiclismo_Salida_Vuelta-reconocimiento-1024x683.jpg\" class=\"attachment-large size-large\" alt=\"\" srcset=\"https:\/\/tucomarca.whitekongsoftware.com\/wp-content\/uploads\/2019\/07\/GPCiclismo_Salida_Vuelta-reconocimiento-1024x683.jpg 1024w, https:\/\/tucomarca.whitekongsoftware.com\/wp-content\/uploads\/2019\/07\/GPCiclismo_Salida_Vuelta-reconocimiento-300x200.jpg 300w, https:\/\/tucomarca.whitekongsoftware.com\/wp-content\/uploads\/2019\/07\/GPCiclismo_Salida_Vuelta-reconocimiento-768x512.jpg 768w\" sizes=\"auto, (max-width: 1024px) 100vw, 1024px\" \/><\/a>\n\t\t\t<\/div><\/figure><figure class='gallery-item'>\n\t\t\t<div class='gallery-icon landscape'>\n\t\t\t\t<a href='https:\/\/tucomarca.whitekongsoftware.com\/ca\/fotogaleria-exit-de-participacio-en-la-primera-edicio-del-gp-de-ciclisme-de-xest\/gpciclismo_salida_policia-2\/'><img loading=\"lazy\" decoding=\"async\" width=\"1024\" height=\"683\" src=\"https:\/\/tucomarca.whitekongsoftware.com\/wp-content\/uploads\/2019\/07\/GPCiclismo_Salida_Polic\u00eda-1024x683.jpg\" class=\"attachment-large size-large\" alt=\"\" srcset=\"https:\/\/tucomarca.whitekongsoftware.com\/wp-content\/uploads\/2019\/07\/GPCiclismo_Salida_Polic\u00eda-1024x683.jpg 1024w, https:\/\/tucomarca.whitekongsoftware.com\/wp-content\/uploads\/2019\/07\/GPCiclismo_Salida_Polic\u00eda-300x200.jpg 300w, https:\/\/tucomarca.whitekongsoftware.com\/wp-content\/uploads\/2019\/07\/GPCiclismo_Salida_Polic\u00eda-768x512.jpg 768w\" sizes=\"auto, (max-width: 1024px) 100vw, 1024px\" \/><\/a>\n\t\t\t<\/div><\/figure><figure class='gallery-item'>\n\t\t\t<div class='gallery-icon landscape'>\n\t\t\t\t<a href='https:\/\/tucomarca.whitekongsoftware.com\/ca\/fotogaleria-exit-de-participacio-en-la-primera-edicio-del-gp-de-ciclisme-de-xest\/gpciclismo_carrera_agua2-2\/'><img loading=\"lazy\" decoding=\"async\" width=\"1024\" height=\"683\" src=\"https:\/\/tucomarca.whitekongsoftware.com\/wp-content\/uploads\/2019\/07\/GPCiclismo_Carrera_agua2-1024x683.jpg\" class=\"attachment-large size-large\" alt=\"\" srcset=\"https:\/\/tucomarca.whitekongsoftware.com\/wp-content\/uploads\/2019\/07\/GPCiclismo_Carrera_agua2-1024x683.jpg 1024w, https:\/\/tucomarca.whitekongsoftware.com\/wp-content\/uploads\/2019\/07\/GPCiclismo_Carrera_agua2-300x200.jpg 300w, https:\/\/tucomarca.whitekongsoftware.com\/wp-content\/uploads\/2019\/07\/GPCiclismo_Carrera_agua2-768x512.jpg 768w\" sizes=\"auto, (max-width: 1024px) 100vw, 1024px\" \/><\/a>\n\t\t\t<\/div><\/figure><figure class='gallery-item'>\n\t\t\t<div class='gallery-icon landscape'>\n\t\t\t\t<a href='https:\/\/tucomarca.whitekongsoftware.com\/ca\/fotogaleria-exit-de-participacio-en-la-primera-edicio-del-gp-de-ciclisme-de-xest\/gpciclismo_carrera4-2\/'><img loading=\"lazy\" decoding=\"async\" width=\"1024\" height=\"683\" src=\"https:\/\/tucomarca.whitekongsoftware.com\/wp-content\/uploads\/2019\/07\/GPCiclismo_Carrera4-1024x683.jpg\" class=\"attachment-large size-large\" alt=\"\" srcset=\"https:\/\/tucomarca.whitekongsoftware.com\/wp-content\/uploads\/2019\/07\/GPCiclismo_Carrera4-1024x683.jpg 1024w, https:\/\/tucomarca.whitekongsoftware.com\/wp-content\/uploads\/2019\/07\/GPCiclismo_Carrera4-300x200.jpg 300w, https:\/\/tucomarca.whitekongsoftware.com\/wp-content\/uploads\/2019\/07\/GPCiclismo_Carrera4-768x512.jpg 768w\" sizes=\"auto, (max-width: 1024px) 100vw, 1024px\" \/><\/a>\n\t\t\t<\/div><\/figure><figure class='gallery-item'>\n\t\t\t<div class='gallery-icon landscape'>\n\t\t\t\t<a href='https:\/\/tucomarca.whitekongsoftware.com\/ca\/fotogaleria-exit-de-participacio-en-la-primera-edicio-del-gp-de-ciclisme-de-xest\/gpciclismo_carrera12-2\/'><img loading=\"lazy\" decoding=\"async\" width=\"1024\" height=\"683\" src=\"https:\/\/tucomarca.whitekongsoftware.com\/wp-content\/uploads\/2019\/07\/GPCiclismo_Carrera12-1024x683.jpg\" class=\"attachment-large size-large\" alt=\"\" srcset=\"https:\/\/tucomarca.whitekongsoftware.com\/wp-content\/uploads\/2019\/07\/GPCiclismo_Carrera12-1024x683.jpg 1024w, https:\/\/tucomarca.whitekongsoftware.com\/wp-content\/uploads\/2019\/07\/GPCiclismo_Carrera12-300x200.jpg 300w, https:\/\/tucomarca.whitekongsoftware.com\/wp-content\/uploads\/2019\/07\/GPCiclismo_Carrera12-768x512.jpg 768w\" sizes=\"auto, (max-width: 1024px) 100vw, 1024px\" \/><\/a>\n\t\t\t<\/div><\/figure><figure class='gallery-item'>\n\t\t\t<div class='gallery-icon landscape'>\n\t\t\t\t<a href='https:\/\/tucomarca.whitekongsoftware.com\/ca\/fotogaleria-exit-de-participacio-en-la-primera-edicio-del-gp-de-ciclisme-de-xest\/gpciclismo_carrera14-2\/'><img loading=\"lazy\" decoding=\"async\" width=\"1024\" height=\"683\" src=\"https:\/\/tucomarca.whitekongsoftware.com\/wp-content\/uploads\/2019\/07\/GPCiclismo_Carrera14-1024x683.jpg\" class=\"attachment-large size-large\" alt=\"\" srcset=\"https:\/\/tucomarca.whitekongsoftware.com\/wp-content\/uploads\/2019\/07\/GPCiclismo_Carrera14-1024x683.jpg 1024w, https:\/\/tucomarca.whitekongsoftware.com\/wp-content\/uploads\/2019\/07\/GPCiclismo_Carrera14-300x200.jpg 300w, https:\/\/tucomarca.whitekongsoftware.com\/wp-content\/uploads\/2019\/07\/GPCiclismo_Carrera14-768x512.jpg 768w\" sizes=\"auto, (max-width: 1024px) 100vw, 1024px\" \/><\/a>\n\t\t\t<\/div><\/figure><figure class='gallery-item'>\n\t\t\t<div class='gallery-icon landscape'>\n\t\t\t\t<a href='https:\/\/tucomarca.whitekongsoftware.com\/ca\/fotogaleria-exit-de-participacio-en-la-primera-edicio-del-gp-de-ciclisme-de-xest\/gpciclismo_carrera26-2\/'><img loading=\"lazy\" decoding=\"async\" width=\"1024\" height=\"683\" src=\"https:\/\/tucomarca.whitekongsoftware.com\/wp-content\/uploads\/2019\/07\/GPCiclismo_Carrera26-1024x683.jpg\" class=\"attachment-large size-large\" alt=\"\" srcset=\"https:\/\/tucomarca.whitekongsoftware.com\/wp-content\/uploads\/2019\/07\/GPCiclismo_Carrera26-1024x683.jpg 1024w, https:\/\/tucomarca.whitekongsoftware.com\/wp-content\/uploads\/2019\/07\/GPCiclismo_Carrera26-300x200.jpg 300w, https:\/\/tucomarca.whitekongsoftware.com\/wp-content\/uploads\/2019\/07\/GPCiclismo_Carrera26-768x512.jpg 768w\" sizes=\"auto, (max-width: 1024px) 100vw, 1024px\" \/><\/a>\n\t\t\t<\/div><\/figure><figure class='gallery-item'>\n\t\t\t<div class='gallery-icon landscape'>\n\t\t\t\t<a href='https:\/\/tucomarca.whitekongsoftware.com\/ca\/fotogaleria-exit-de-participacio-en-la-primera-edicio-del-gp-de-ciclisme-de-xest\/gpciclismo_carrera34-2-2\/'><img loading=\"lazy\" decoding=\"async\" width=\"1024\" height=\"683\" src=\"https:\/\/tucomarca.whitekongsoftware.com\/wp-content\/uploads\/2019\/07\/GPCiclismo_Carrera34-1-1024x683.jpg\" class=\"attachment-large size-large\" alt=\"\" srcset=\"https:\/\/tucomarca.whitekongsoftware.com\/wp-content\/uploads\/2019\/07\/GPCiclismo_Carrera34-1-1024x683.jpg 1024w, https:\/\/tucomarca.whitekongsoftware.com\/wp-content\/uploads\/2019\/07\/GPCiclismo_Carrera34-1-300x200.jpg 300w, https:\/\/tucomarca.whitekongsoftware.com\/wp-content\/uploads\/2019\/07\/GPCiclismo_Carrera34-1-768x512.jpg 768w\" sizes=\"auto, (max-width: 1024px) 100vw, 1024px\" \/><\/a>\n\t\t\t<\/div><\/figure><figure class='gallery-item'>\n\t\t\t<div class='gallery-icon landscape'>\n\t\t\t\t<a href='https:\/\/tucomarca.whitekongsoftware.com\/ca\/fotogaleria-exit-de-participacio-en-la-primera-edicio-del-gp-de-ciclisme-de-xest\/gpciclismo_meta10-2\/'><img loading=\"lazy\" decoding=\"async\" width=\"1024\" height=\"683\" src=\"https:\/\/tucomarca.whitekongsoftware.com\/wp-content\/uploads\/2019\/07\/GPCiclismo_Meta10-1024x683.jpg\" class=\"attachment-large size-large\" alt=\"\" srcset=\"https:\/\/tucomarca.whitekongsoftware.com\/wp-content\/uploads\/2019\/07\/GPCiclismo_Meta10-1024x683.jpg 1024w, https:\/\/tucomarca.whitekongsoftware.com\/wp-content\/uploads\/2019\/07\/GPCiclismo_Meta10-300x200.jpg 300w, https:\/\/tucomarca.whitekongsoftware.com\/wp-content\/uploads\/2019\/07\/GPCiclismo_Meta10-768x512.jpg 768w\" sizes=\"auto, (max-width: 1024px) 100vw, 1024px\" \/><\/a>\n\t\t\t<\/div><\/figure><figure class='gallery-item'>\n\t\t\t<div class='gallery-icon landscape'>\n\t\t\t\t<a href='https:\/\/tucomarca.whitekongsoftware.com\/ca\/fotogaleria-exit-de-participacio-en-la-primera-edicio-del-gp-de-ciclisme-de-xest\/gpciclismo_premios17-2\/'><img loading=\"lazy\" decoding=\"async\" width=\"1024\" height=\"683\" src=\"https:\/\/tucomarca.whitekongsoftware.com\/wp-content\/uploads\/2019\/07\/GPCiclismo_Premios17-1024x683.jpg\" class=\"attachment-large size-large\" alt=\"\" srcset=\"https:\/\/tucomarca.whitekongsoftware.com\/wp-content\/uploads\/2019\/07\/GPCiclismo_Premios17-1024x683.jpg 1024w, https:\/\/tucomarca.whitekongsoftware.com\/wp-content\/uploads\/2019\/07\/GPCiclismo_Premios17-300x200.jpg 300w, https:\/\/tucomarca.whitekongsoftware.com\/wp-content\/uploads\/2019\/07\/GPCiclismo_Premios17-768x512.jpg 768w\" sizes=\"auto, (max-width: 1024px) 100vw, 1024px\" \/><\/a>\n\t\t\t<\/div><\/figure><figure class='gallery-item'>\n\t\t\t<div class='gallery-icon landscape'>\n\t\t\t\t<a href='https:\/\/tucomarca.whitekongsoftware.com\/ca\/fotogaleria-exit-de-participacio-en-la-primera-edicio-del-gp-de-ciclisme-de-xest\/gpciclismo_premios23-2\/'><img loading=\"lazy\" decoding=\"async\" width=\"1024\" height=\"683\" src=\"https:\/\/tucomarca.whitekongsoftware.com\/wp-content\/uploads\/2019\/07\/GPCiclismo_Premios23-1024x683.jpg\" class=\"attachment-large size-large\" alt=\"\" srcset=\"https:\/\/tucomarca.whitekongsoftware.com\/wp-content\/uploads\/2019\/07\/GPCiclismo_Premios23-1024x683.jpg 1024w, https:\/\/tucomarca.whitekongsoftware.com\/wp-content\/uploads\/2019\/07\/GPCiclismo_Premios23-300x200.jpg 300w, https:\/\/tucomarca.whitekongsoftware.com\/wp-content\/uploads\/2019\/07\/GPCiclismo_Premios23-768x512.jpg 768w\" sizes=\"auto, (max-width: 1024px) 100vw, 1024px\" \/><\/a>\n\t\t\t<\/div><\/figure><figure class='gallery-item'>\n\t\t\t<div class='gallery-icon landscape'>\n\t\t\t\t<a href='https:\/\/tucomarca.whitekongsoftware.com\/ca\/fotogaleria-exit-de-participacio-en-la-primera-edicio-del-gp-de-ciclisme-de-xest\/gpciclismo_salida_placa2-2\/'><img loading=\"lazy\" decoding=\"async\" width=\"1024\" height=\"683\" src=\"https:\/\/tucomarca.whitekongsoftware.com\/wp-content\/uploads\/2019\/07\/GPCiclismo_Salida_Placa2-1024x683.jpg\" class=\"attachment-large size-large\" alt=\"\" srcset=\"https:\/\/tucomarca.whitekongsoftware.com\/wp-content\/uploads\/2019\/07\/GPCiclismo_Salida_Placa2-1024x683.jpg 1024w, https:\/\/tucomarca.whitekongsoftware.com\/wp-content\/uploads\/2019\/07\/GPCiclismo_Salida_Placa2-300x200.jpg 300w, https:\/\/tucomarca.whitekongsoftware.com\/wp-content\/uploads\/2019\/07\/GPCiclismo_Salida_Placa2-768x512.jpg 768w\" sizes=\"auto, (max-width: 1024px) 100vw, 1024px\" \/><\/a>\n\t\t\t<\/div><\/figure>\n\t\t<\/div>\n\n<\/div>\n","protected":false},"excerpt":{"rendered":"<div class=\"mh-excerpt\">Divendres passat, 12 de juliol, es va estrenar a Xest la primera edici\u00f3 del Gran Premi de Ciclisme. Organitzat per Javier Montaner i el Club Ciclista de Xest, en col\u00b7laboraci\u00f3 amb les regidories d&#8217;Esport i <a class=\"mh-excerpt-more\" href=\"https:\/\/tucomarca.whitekongsoftware.com\/ca\/fotogaleria-exit-de-participacio-en-la-primera-edicio-del-gp-de-ciclisme-de-xest\/\" title=\"Fotogaleria: \u00c8xit de participaci\u00f3 en la primera edici\u00f3 del GP de Ciclisme de Xest\">[+] <\/a><\/div>\n","protected":false},"author":2,"featured_media":88867,"comment_status":"open","ping_status":"open","sticky":false,"template":"","format":"standard","meta":{"footnotes":""},"categories":[11013,11003,10912,10896,10974],"tags":[11071,11109],"class_list":["post-88895","post","type-post","status-publish","format-standard","has-post-thumbnail","category-ciclismo-ca","category-sports","category-la-hoya-ca","category-seccion-ca","category-cheste-ca","tag-cheste","tag-xest"],"_links":{"self":[{"href":"https:\/\/tucomarca.whitekongsoftware.com\/ca\/wp-json\/wp\/v2\/posts\/88895","targetHints":{"allow":["GET"]}}],"collection":[{"href":"https:\/\/tucomarca.whitekongsoftware.com\/ca\/wp-json\/wp\/v2\/posts"}],"about":[{"href":"https:\/\/tucomarca.whitekongsoftware.com\/ca\/wp-json\/wp\/v2\/types\/post"}],"author":[{"embeddable":true,"href":"https:\/\/tucomarca.whitekongsoftware.com\/ca\/wp-json\/wp\/v2\/users\/2"}],"replies":[{"embeddable":true,"href":"https:\/\/tucomarca.whitekongsoftware.com\/ca\/wp-json\/wp\/v2\/comments?post=88895"}],"version-history":[{"count":0,"href":"https:\/\/tucomarca.whitekongsoftware.com\/ca\/wp-json\/wp\/v2\/posts\/88895\/revisions"}],"wp:featuredmedia":[{"embeddable":true,"href":"https:\/\/tucomarca.whitekongsoftware.com\/ca\/wp-json\/wp\/v2\/media\/88867"}],"wp:attachment":[{"href":"https:\/\/tucomarca.whitekongsoftware.com\/ca\/wp-json\/wp\/v2\/media?parent=88895"}],"wp:term":[{"taxonomy":"category","embeddable":true,"href":"https:\/\/tucomarca.whitekongsoftware.com\/ca\/wp-json\/wp\/v2\/categories?post=88895"},{"taxonomy":"post_tag","embeddable":true,"href":"https:\/\/tucomarca.whitekongsoftware.com\/ca\/wp-json\/wp\/v2\/tags?post=88895"}],"curies":[{"name":"wp","href":"https:\/\/api.w.org\/{rel}","templated":true}]}}