{"id":88846,"date":"2019-07-17T15:14:51","date_gmt":"2019-07-17T13:14:51","guid":{"rendered":"http:\/\/www.tucomarca.com\/wordpress\/segunda\/?p=88846"},"modified":"2019-07-17T15:14:51","modified_gmt":"2019-07-17T13:14:51","slug":"la-unio-musical-de-villar-prepara-la-seua-participacio-al-certamen-internacional-de-valencia-despres-del-seu-exit-a-la-wasbe","status":"publish","type":"post","link":"https:\/\/tucomarca.whitekongsoftware.com\/ca\/la-unio-musical-de-villar-prepara-la-seua-participacio-al-certamen-internacional-de-valencia-despres-del-seu-exit-a-la-wasbe\/","title":{"rendered":"La Uni\u00f3 Musical de Villar prepara la seua participaci\u00f3 al Certamen Internacional de Val\u00e8ncia despr\u00e9s del seu \u00e8xit a la WASBE"},"content":{"rendered":"<figure id=\"attachment_88843\" aria-describedby=\"caption-attachment-88843\" style=\"width: 485px\" class=\"wp-caption alignleft\"><img loading=\"lazy\" decoding=\"async\" class=\" wp-image-88843\" src=\"http:\/\/www.tucomarca.com\/wordpress\/segunda\/wp-content\/uploads\/2019\/07\/VillarWASBE.jpg\" alt=\"El director Luis Serrano Alarc\u00f3n se muestra muy satisfecho con el concierto ofrecido en Bu\u00f1ol en el marco de la WASBE en el que participaron Tim Reynish, Yasuhide Ito y Barcelona Clarinet Players.\" width=\"485\" height=\"323\" srcset=\"https:\/\/tucomarca.whitekongsoftware.com\/wp-content\/uploads\/2019\/07\/VillarWASBE.jpg 5184w, https:\/\/tucomarca.whitekongsoftware.com\/wp-content\/uploads\/2019\/07\/VillarWASBE-300x200.jpg 300w, https:\/\/tucomarca.whitekongsoftware.com\/wp-content\/uploads\/2019\/07\/VillarWASBE-768x512.jpg 768w, https:\/\/tucomarca.whitekongsoftware.com\/wp-content\/uploads\/2019\/07\/VillarWASBE-1024x683.jpg 1024w\" sizes=\"auto, (max-width: 485px) 100vw, 485px\" \/><figcaption id=\"caption-attachment-88843\" class=\"wp-caption-text\">El director Luis Serrano Alarc\u00f3n es mostra molt satisfet amb el concert ofert a Bunyol en el marc de la WASBE en qu\u00e8 van participar Tim Reynish, Yasuhide Ito i Barcelona Clarinet Players..<\/figcaption><\/figure>\n<p>La banda simf\u00f2nica Uni\u00f3 Musical Santa Cec\u00edlia de Villar (Els Serrans), afronta l&#8217;\u00faltima setmana de treball de cara a la seva participaci\u00f3 en el Certamen internacional de Bandes de M\u00fasica Ciutat de Val\u00e8ncia despr\u00e9s de l&#8217;\u00e8xit del concert ofert el passat dissabte a Bunyol en Congr\u00e9s Internacional de M\u00fasica de Vent WASBE.<\/p>\n<p>Un concert que va incloure diverses estrenes a Europa i que va comptar amb la participaci\u00f3 com a convidats del director brit\u00e0nic Tim Reynish, el director i compositor japon\u00e8s Ito Yasuhide i el quartet Barcelona Clarinet Players.<\/p>\n<p>El programa escollit per Luis Serrano per a aquest esdeveniment internacional va ser molt valorat pel p\u00fablic, entre el qual es trobaven nombrosos directors i compositors de tot el m\u00f3n, que van elogiar la interpretaci\u00f3 de la banda de Villar al Palau de la M\u00fasica de Bunyol.<\/p>\n<p>Luis Serrano Alarc\u00f3n es mostrava molt satisfet amb el resultat i amb les cr\u00edtiques rebudes: &#8220;han estat molts els compositors i directors que m&#8217;han felicitat pel programa del concert, que ha estat un dels millors de la WASBE segons molts dels comentaris que he rebut. En aquest sentit, vull agrair la participaci\u00f3 dels directors Tim Reynish i Ito Yasuhide i els membres de Barcelona Clarinet Players, que sens dubte han contribu\u00eft al fet que aquest concert fos excepcional. L&#8217;experi\u00e8ncia ha estat molt gratificant tant per a mi com a director com per als m\u00fasics i estem molt motivats per oferir tamb\u00e9 una gran actuaci\u00f3 al Certamen Internacional de Val\u00e8ncia &#8220;.<\/p>\n<p>El proper dissabte 20 de juliol a les 17 hores la banda prendr\u00e0 part en la secci\u00f3 primera del Certamen Internacional de Bandes Ciutat de Val\u00e8ncia que enguany se celebra a Les Arts. Despr\u00e9s del pas-doble de presentaci\u00f3 Goya de Juli\u00e1n Palanca, la banda interpretar\u00e0 l&#8217;obra obligada La rosa del desert, del compositor valenci\u00e0 Mart\u00ednez Gallego, i la Simfonia n\u00famero 2 Voices, del nord-americ\u00e0 James M. Stephenson.<\/p>\n<p>Al costat dels m\u00fasics de Villar participaran en aquesta categoria la Harmonieorkest Vooruit de Harelbeke (B\u00e8lgica) i la Societat Musical La Pau de Sant Joan d&#8217;Alacant.<\/p>\n","protected":false},"excerpt":{"rendered":"<div class=\"mh-excerpt\">La banda simf\u00f2nica Uni\u00f3 Musical Santa Cec\u00edlia de Villar (Els Serrans), afronta l&#8217;\u00faltima setmana de treball de cara a la seva participaci\u00f3 en el Certamen internacional de Bandes de M\u00fasica Ciutat de Val\u00e8ncia despr\u00e9s de <a class=\"mh-excerpt-more\" href=\"https:\/\/tucomarca.whitekongsoftware.com\/ca\/la-unio-musical-de-villar-prepara-la-seua-participacio-al-certamen-internacional-de-valencia-despres-del-seu-exit-a-la-wasbe\/\" title=\"La Uni\u00f3 Musical de Villar prepara la seua participaci\u00f3 al Certamen Internacional de Val\u00e8ncia despr\u00e9s del seu \u00e8xit a la WASBE\">[+] <\/a><\/div>\n","protected":false},"author":1,"featured_media":88844,"comment_status":"open","ping_status":"open","sticky":false,"template":"","format":"standard","meta":{"footnotes":""},"categories":[11005,11046,11007,10896,11029],"tags":[11280],"class_list":["post-88846","post","type-post","status-publish","format-standard","has-post-thumbnail","category-canal-musica","category-los-serranos-ca","category-ocio-y-cultura-ca","category-seccion-ca","category-villar-del-arzobispo-ca","tag-wasbe-ca"],"_links":{"self":[{"href":"https:\/\/tucomarca.whitekongsoftware.com\/ca\/wp-json\/wp\/v2\/posts\/88846","targetHints":{"allow":["GET"]}}],"collection":[{"href":"https:\/\/tucomarca.whitekongsoftware.com\/ca\/wp-json\/wp\/v2\/posts"}],"about":[{"href":"https:\/\/tucomarca.whitekongsoftware.com\/ca\/wp-json\/wp\/v2\/types\/post"}],"author":[{"embeddable":true,"href":"https:\/\/tucomarca.whitekongsoftware.com\/ca\/wp-json\/wp\/v2\/users\/1"}],"replies":[{"embeddable":true,"href":"https:\/\/tucomarca.whitekongsoftware.com\/ca\/wp-json\/wp\/v2\/comments?post=88846"}],"version-history":[{"count":0,"href":"https:\/\/tucomarca.whitekongsoftware.com\/ca\/wp-json\/wp\/v2\/posts\/88846\/revisions"}],"wp:featuredmedia":[{"embeddable":true,"href":"https:\/\/tucomarca.whitekongsoftware.com\/ca\/wp-json\/wp\/v2\/media\/88844"}],"wp:attachment":[{"href":"https:\/\/tucomarca.whitekongsoftware.com\/ca\/wp-json\/wp\/v2\/media?parent=88846"}],"wp:term":[{"taxonomy":"category","embeddable":true,"href":"https:\/\/tucomarca.whitekongsoftware.com\/ca\/wp-json\/wp\/v2\/categories?post=88846"},{"taxonomy":"post_tag","embeddable":true,"href":"https:\/\/tucomarca.whitekongsoftware.com\/ca\/wp-json\/wp\/v2\/tags?post=88846"}],"curies":[{"name":"wp","href":"https:\/\/api.w.org\/{rel}","templated":true}]}}