{"id":88838,"date":"2019-07-15T19:23:23","date_gmt":"2019-07-15T17:23:23","guid":{"rendered":"http:\/\/www.tucomarca.com\/wordpress\/segunda\/?p=88838"},"modified":"2019-07-15T19:23:23","modified_gmt":"2019-07-15T17:23:23","slug":"fotogaleria-la-banda-turisense-i-la-lira-de-xest-clausuren-el-cicle-de-serenates-2019-a-xest","status":"publish","type":"post","link":"https:\/\/tucomarca.whitekongsoftware.com\/ca\/fotogaleria-la-banda-turisense-i-la-lira-de-xest-clausuren-el-cicle-de-serenates-2019-a-xest\/","title":{"rendered":"Fotogaleria: La banda &#8220;Turisense&#8221; i &#8220;La Lira&#8221; de Xest clausuren el cicle de serenates 2019 a Xest"},"content":{"rendered":"<div class=\"\">\n<figure id=\"attachment_88812\" aria-describedby=\"caption-attachment-88812\" style=\"width: 371px\" class=\"wp-caption alignleft\"><img loading=\"lazy\" decoding=\"async\" class=\" wp-image-88812\" src=\"http:\/\/www.tucomarca.com\/wordpress\/segunda\/wp-content\/uploads\/2019\/07\/5_Entregadeplaca.jpg\" alt=\"Entrega de una placa a la banda invitada de manos de la concejala de Cultura, M\u00aa \u00c1ngeles Llorente.\" width=\"371\" height=\"278\" srcset=\"https:\/\/tucomarca.whitekongsoftware.com\/wp-content\/uploads\/2019\/07\/5_Entregadeplaca.jpg 4608w, https:\/\/tucomarca.whitekongsoftware.com\/wp-content\/uploads\/2019\/07\/5_Entregadeplaca-300x225.jpg 300w, https:\/\/tucomarca.whitekongsoftware.com\/wp-content\/uploads\/2019\/07\/5_Entregadeplaca-768x576.jpg 768w, https:\/\/tucomarca.whitekongsoftware.com\/wp-content\/uploads\/2019\/07\/5_Entregadeplaca-1024x768.jpg 1024w\" sizes=\"auto, (max-width: 371px) 100vw, 371px\" \/><figcaption id=\"caption-attachment-88812\" class=\"wp-caption-text\">Lliurament d&#8217;una placa a la banda convidada de mans de la regidora de Cultura, M\u00aa \u00c1ngeles Llorente.<\/figcaption><\/figure>\n<p>El cicle de serenates 2019 arribava ahir a la seva fi amb la celebraci\u00f3 del Festival de Bandes, que va comptar amb la participaci\u00f3 de les bandes simf\u00f2niques de la Societat Musical Turisense de Tur\u00eds i de l&#8217;Associaci\u00f3 Musical La Lira de Xest.<\/p>\n<p>Com en cada edici\u00f3, el Festival va arrencar amb una desfilada des del carrer Chiva fins a la pla\u00e7a Doctor Cajal, on cada agrupaci\u00f3 va interpretar un pasdoble, abans de pujar a l&#8217;escenari. La banda Turisense va executar el pasdoble Miquel el Truc, del compositor, m\u00fasic i director valenci\u00e0 Esteban Esteve, natural de Sot de Xera. Per la seva banda, La Lira va interpretar Ter\u00e7 de Quites, de Rafael Talens, compositor i pedagog musical nascut a Cullera.<\/p>\n<p>&#8220;Des de l&#8217;Ajuntament volem agrair a la Societat Musical Turisense i a l&#8217;Associaci\u00f3 Musical La Lira la seva gran contribuci\u00f3 al desenvolupament de l&#8217;educaci\u00f3 i la cultura. A vegades no valorem prou all\u00f2 que tenim m\u00e9s a prop: tenir una associaci\u00f3 musical en una poblaci\u00f3 \u00e9s un luxe de valor incalculable del qual moltes vegades no som conscients &#8220;, declarava la regidora de Cultura, M\u00aa \u00c1ngeles Llorente, durant la presentaci\u00f3 de l&#8217;acte. &#8220;La m\u00fasica estimula el pensament l\u00f2gic, matem\u00e0tic, accelera l&#8217;adquisici\u00f3 del llenguatge, afavoreix les relacions interpersonals i la intel\u00b7lig\u00e8ncia emocional, per\u00f2 res d&#8217;aix\u00f2 s&#8217;aconsegueix sense esfor\u00e7 i amor. &#8216;Per amor a l&#8217;art&#8217; els i les m\u00fasiques assagen, estudien i toquen; compaginen aquesta activitat amb els seus estudis i el seu treball, llevant hores a la fam\u00edlia i al somni. &#8216;Per amor a l&#8217;art&#8217; estan avui aqu\u00ed passant calor a les tardes i les nits d&#8217;estiu per delectar-nos amb la seva m\u00fasica. Aix\u00ed que, moltes gr\u00e0cies a m\u00fasics, m\u00fasiques, professorat, directors, juntes directives de les dues societats musicals presents avui en aquest festival i en concret a les seves bandes simf\u00f2niques, a les quals desitgem una llarga llista de premis i \u00e8xit i molts anys de vida &#8220;.<\/p>\n<p>La Banda Simf\u00f2nica de la Societat Musical Turisense va ser l&#8217;encarregada d&#8217;obrir el concert amb la interpretaci\u00f3 del pasdoble Llarga Cordovesa, de Francisco Jos\u00e9 Mart\u00ednez Gallego; Nostradamus, d&#8217;Otto M. Schwarz; i la Simfonia n\u00ba 1 El senyor dels Rings, de Johan de Meij. Tot aix\u00f2 sota la batuta de Pere Sanz Alcover. En finalitzar la primera part, la regidora i la junta directiva de l&#8217;Associaci\u00f3 Musical La Lira van fer entrega d&#8217;una placa commemorativa a la Banda Turisense per la seva participaci\u00f3 en el Cicle de Serenates 2019.<\/p>\n<p>Despr\u00e9s d&#8217;un breu descans, la Banda Simf\u00f2nica de l&#8217;Associaci\u00f3 Musical La Lira, dirigida per Javier Engu\u00eddanos Morat\u00f3, va interpretar Strike up the band, de George Gershwin i Mare Nostrum, de Miquel Asins Arb\u00f3.<\/p>\n<\/div>\n<div class=\"\">\n<div id='gallery-1' class='gallery galleryid-88838 gallery-columns-3 gallery-size-large'><figure class='gallery-item'>\n\t\t\t<div class='gallery-icon landscape'>\n\t\t\t\t<a href='https:\/\/tucomarca.whitekongsoftware.com\/ca\/fotogaleria-la-banda-turisense-i-la-lira-de-xest-clausuren-el-cicle-de-serenates-2019-a-xest\/1_festival-de-bandas_turisense-2\/'><img loading=\"lazy\" decoding=\"async\" width=\"1024\" height=\"768\" src=\"https:\/\/tucomarca.whitekongsoftware.com\/wp-content\/uploads\/2019\/07\/1_Festival-de-Bandas_Turisense-1024x768.jpg\" class=\"attachment-large size-large\" alt=\"\" srcset=\"https:\/\/tucomarca.whitekongsoftware.com\/wp-content\/uploads\/2019\/07\/1_Festival-de-Bandas_Turisense-1024x768.jpg 1024w, https:\/\/tucomarca.whitekongsoftware.com\/wp-content\/uploads\/2019\/07\/1_Festival-de-Bandas_Turisense-300x225.jpg 300w, https:\/\/tucomarca.whitekongsoftware.com\/wp-content\/uploads\/2019\/07\/1_Festival-de-Bandas_Turisense-768x576.jpg 768w\" sizes=\"auto, (max-width: 1024px) 100vw, 1024px\" \/><\/a>\n\t\t\t<\/div><\/figure><figure class='gallery-item'>\n\t\t\t<div class='gallery-icon landscape'>\n\t\t\t\t<a href='https:\/\/tucomarca.whitekongsoftware.com\/ca\/fotogaleria-la-banda-turisense-i-la-lira-de-xest-clausuren-el-cicle-de-serenates-2019-a-xest\/2_festivaldebandas_lalira-2\/'><img loading=\"lazy\" decoding=\"async\" width=\"1024\" height=\"768\" src=\"https:\/\/tucomarca.whitekongsoftware.com\/wp-content\/uploads\/2019\/07\/2_FestivaldeBandas_LaLira-1024x768.jpg\" class=\"attachment-large size-large\" alt=\"\" srcset=\"https:\/\/tucomarca.whitekongsoftware.com\/wp-content\/uploads\/2019\/07\/2_FestivaldeBandas_LaLira-1024x768.jpg 1024w, https:\/\/tucomarca.whitekongsoftware.com\/wp-content\/uploads\/2019\/07\/2_FestivaldeBandas_LaLira-300x225.jpg 300w, https:\/\/tucomarca.whitekongsoftware.com\/wp-content\/uploads\/2019\/07\/2_FestivaldeBandas_LaLira-768x576.jpg 768w\" sizes=\"auto, (max-width: 1024px) 100vw, 1024px\" \/><\/a>\n\t\t\t<\/div><\/figure><figure class='gallery-item'>\n\t\t\t<div class='gallery-icon landscape'>\n\t\t\t\t<a href='https:\/\/tucomarca.whitekongsoftware.com\/ca\/fotogaleria-la-banda-turisense-i-la-lira-de-xest-clausuren-el-cicle-de-serenates-2019-a-xest\/3_festivaldebandas_lalira-2\/'><img loading=\"lazy\" decoding=\"async\" width=\"1024\" height=\"768\" src=\"https:\/\/tucomarca.whitekongsoftware.com\/wp-content\/uploads\/2019\/07\/3_FestivaldeBandas_LaLira-1024x768.jpg\" class=\"attachment-large size-large\" alt=\"\" srcset=\"https:\/\/tucomarca.whitekongsoftware.com\/wp-content\/uploads\/2019\/07\/3_FestivaldeBandas_LaLira-1024x768.jpg 1024w, https:\/\/tucomarca.whitekongsoftware.com\/wp-content\/uploads\/2019\/07\/3_FestivaldeBandas_LaLira-300x225.jpg 300w, https:\/\/tucomarca.whitekongsoftware.com\/wp-content\/uploads\/2019\/07\/3_FestivaldeBandas_LaLira-768x576.jpg 768w\" sizes=\"auto, (max-width: 1024px) 100vw, 1024px\" \/><\/a>\n\t\t\t<\/div><\/figure><figure class='gallery-item'>\n\t\t\t<div class='gallery-icon landscape'>\n\t\t\t\t<a href='https:\/\/tucomarca.whitekongsoftware.com\/ca\/fotogaleria-la-banda-turisense-i-la-lira-de-xest-clausuren-el-cicle-de-serenates-2019-a-xest\/6_mangelesllorente_reina-de-la-vendimiaacompanante-2\/'><img loading=\"lazy\" decoding=\"async\" width=\"1024\" height=\"768\" src=\"https:\/\/tucomarca.whitekongsoftware.com\/wp-content\/uploads\/2019\/07\/6_MAngelesLlorente_Reina-de-la-Vendimiaacompa\u00f1ante-1024x768.jpg\" class=\"attachment-large size-large\" alt=\"\" srcset=\"https:\/\/tucomarca.whitekongsoftware.com\/wp-content\/uploads\/2019\/07\/6_MAngelesLlorente_Reina-de-la-Vendimiaacompa\u00f1ante-1024x768.jpg 1024w, https:\/\/tucomarca.whitekongsoftware.com\/wp-content\/uploads\/2019\/07\/6_MAngelesLlorente_Reina-de-la-Vendimiaacompa\u00f1ante-300x225.jpg 300w, https:\/\/tucomarca.whitekongsoftware.com\/wp-content\/uploads\/2019\/07\/6_MAngelesLlorente_Reina-de-la-Vendimiaacompa\u00f1ante-768x576.jpg 768w\" sizes=\"auto, (max-width: 1024px) 100vw, 1024px\" \/><\/a>\n\t\t\t<\/div><\/figure><figure class='gallery-item'>\n\t\t\t<div class='gallery-icon landscape'>\n\t\t\t\t<a href='https:\/\/tucomarca.whitekongsoftware.com\/ca\/fotogaleria-la-banda-turisense-i-la-lira-de-xest-clausuren-el-cicle-de-serenates-2019-a-xest\/11_festivaldebandas_turisense-2\/'><img loading=\"lazy\" decoding=\"async\" width=\"1024\" height=\"683\" src=\"https:\/\/tucomarca.whitekongsoftware.com\/wp-content\/uploads\/2019\/07\/11_FestivaldeBandas_Turisense-1024x683.jpg\" class=\"attachment-large size-large\" alt=\"\" srcset=\"https:\/\/tucomarca.whitekongsoftware.com\/wp-content\/uploads\/2019\/07\/11_FestivaldeBandas_Turisense-1024x683.jpg 1024w, https:\/\/tucomarca.whitekongsoftware.com\/wp-content\/uploads\/2019\/07\/11_FestivaldeBandas_Turisense-300x200.jpg 300w, https:\/\/tucomarca.whitekongsoftware.com\/wp-content\/uploads\/2019\/07\/11_FestivaldeBandas_Turisense-768x512.jpg 768w\" sizes=\"auto, (max-width: 1024px) 100vw, 1024px\" \/><\/a>\n\t\t\t<\/div><\/figure><figure class='gallery-item'>\n\t\t\t<div class='gallery-icon landscape'>\n\t\t\t\t<a href='https:\/\/tucomarca.whitekongsoftware.com\/ca\/fotogaleria-la-banda-turisense-i-la-lira-de-xest-clausuren-el-cicle-de-serenates-2019-a-xest\/4_festivaldebandas_turisense-2\/'><img loading=\"lazy\" decoding=\"async\" width=\"1024\" height=\"768\" src=\"https:\/\/tucomarca.whitekongsoftware.com\/wp-content\/uploads\/2019\/07\/4_FestivaldeBandas_Turisense-1024x768.jpg\" class=\"attachment-large size-large\" alt=\"\" srcset=\"https:\/\/tucomarca.whitekongsoftware.com\/wp-content\/uploads\/2019\/07\/4_FestivaldeBandas_Turisense-1024x768.jpg 1024w, https:\/\/tucomarca.whitekongsoftware.com\/wp-content\/uploads\/2019\/07\/4_FestivaldeBandas_Turisense-300x225.jpg 300w, https:\/\/tucomarca.whitekongsoftware.com\/wp-content\/uploads\/2019\/07\/4_FestivaldeBandas_Turisense-768x576.jpg 768w\" sizes=\"auto, (max-width: 1024px) 100vw, 1024px\" \/><\/a>\n\t\t\t<\/div><\/figure><figure class='gallery-item'>\n\t\t\t<div class='gallery-icon landscape'>\n\t\t\t\t<a href='https:\/\/tucomarca.whitekongsoftware.com\/ca\/fotogaleria-la-banda-turisense-i-la-lira-de-xest-clausuren-el-cicle-de-serenates-2019-a-xest\/7_festivaldebandas_lalira-2\/'><img loading=\"lazy\" decoding=\"async\" width=\"1024\" height=\"768\" src=\"https:\/\/tucomarca.whitekongsoftware.com\/wp-content\/uploads\/2019\/07\/7_FestivaldeBandas_LaLira-1024x768.jpg\" class=\"attachment-large size-large\" alt=\"\" srcset=\"https:\/\/tucomarca.whitekongsoftware.com\/wp-content\/uploads\/2019\/07\/7_FestivaldeBandas_LaLira-1024x768.jpg 1024w, https:\/\/tucomarca.whitekongsoftware.com\/wp-content\/uploads\/2019\/07\/7_FestivaldeBandas_LaLira-300x225.jpg 300w, https:\/\/tucomarca.whitekongsoftware.com\/wp-content\/uploads\/2019\/07\/7_FestivaldeBandas_LaLira-768x576.jpg 768w\" sizes=\"auto, (max-width: 1024px) 100vw, 1024px\" \/><\/a>\n\t\t\t<\/div><\/figure><figure class='gallery-item'>\n\t\t\t<div class='gallery-icon landscape'>\n\t\t\t\t<a href='https:\/\/tucomarca.whitekongsoftware.com\/ca\/fotogaleria-la-banda-turisense-i-la-lira-de-xest-clausuren-el-cicle-de-serenates-2019-a-xest\/8_festivaldebandas_lalira-2\/'><img loading=\"lazy\" decoding=\"async\" width=\"1024\" height=\"768\" src=\"https:\/\/tucomarca.whitekongsoftware.com\/wp-content\/uploads\/2019\/07\/8_FestivaldeBandas_LaLira-1024x768.jpg\" class=\"attachment-large size-large\" alt=\"\" srcset=\"https:\/\/tucomarca.whitekongsoftware.com\/wp-content\/uploads\/2019\/07\/8_FestivaldeBandas_LaLira-1024x768.jpg 1024w, https:\/\/tucomarca.whitekongsoftware.com\/wp-content\/uploads\/2019\/07\/8_FestivaldeBandas_LaLira-300x225.jpg 300w, https:\/\/tucomarca.whitekongsoftware.com\/wp-content\/uploads\/2019\/07\/8_FestivaldeBandas_LaLira-768x576.jpg 768w\" sizes=\"auto, (max-width: 1024px) 100vw, 1024px\" \/><\/a>\n\t\t\t<\/div><\/figure><figure class='gallery-item'>\n\t\t\t<div class='gallery-icon landscape'>\n\t\t\t\t<a href='https:\/\/tucomarca.whitekongsoftware.com\/ca\/fotogaleria-la-banda-turisense-i-la-lira-de-xest-clausuren-el-cicle-de-serenates-2019-a-xest\/9_festivaldebandas__lalira-2\/'><img loading=\"lazy\" decoding=\"async\" width=\"1024\" height=\"768\" src=\"https:\/\/tucomarca.whitekongsoftware.com\/wp-content\/uploads\/2019\/07\/9_FestivaldeBandas__LaLira-1024x768.jpg\" class=\"attachment-large size-large\" alt=\"\" srcset=\"https:\/\/tucomarca.whitekongsoftware.com\/wp-content\/uploads\/2019\/07\/9_FestivaldeBandas__LaLira-1024x768.jpg 1024w, https:\/\/tucomarca.whitekongsoftware.com\/wp-content\/uploads\/2019\/07\/9_FestivaldeBandas__LaLira-300x225.jpg 300w, https:\/\/tucomarca.whitekongsoftware.com\/wp-content\/uploads\/2019\/07\/9_FestivaldeBandas__LaLira-768x576.jpg 768w\" sizes=\"auto, (max-width: 1024px) 100vw, 1024px\" \/><\/a>\n\t\t\t<\/div><\/figure><figure class='gallery-item'>\n\t\t\t<div class='gallery-icon landscape'>\n\t\t\t\t<a href='https:\/\/tucomarca.whitekongsoftware.com\/ca\/fotogaleria-la-banda-turisense-i-la-lira-de-xest-clausuren-el-cicle-de-serenates-2019-a-xest\/10_festivaldebandas_turisense-2\/'><img loading=\"lazy\" decoding=\"async\" width=\"1024\" height=\"683\" src=\"https:\/\/tucomarca.whitekongsoftware.com\/wp-content\/uploads\/2019\/07\/10_FestivaldeBandas_Turisense-1024x683.jpg\" class=\"attachment-large size-large\" alt=\"\" srcset=\"https:\/\/tucomarca.whitekongsoftware.com\/wp-content\/uploads\/2019\/07\/10_FestivaldeBandas_Turisense-1024x683.jpg 1024w, https:\/\/tucomarca.whitekongsoftware.com\/wp-content\/uploads\/2019\/07\/10_FestivaldeBandas_Turisense-300x200.jpg 300w, https:\/\/tucomarca.whitekongsoftware.com\/wp-content\/uploads\/2019\/07\/10_FestivaldeBandas_Turisense-768x512.jpg 768w\" sizes=\"auto, (max-width: 1024px) 100vw, 1024px\" \/><\/a>\n\t\t\t<\/div><\/figure><figure class='gallery-item'>\n\t\t\t<div class='gallery-icon landscape'>\n\t\t\t\t<a href='https:\/\/tucomarca.whitekongsoftware.com\/ca\/fotogaleria-la-banda-turisense-i-la-lira-de-xest-clausuren-el-cicle-de-serenates-2019-a-xest\/5_entregadeplaca-3\/'><img loading=\"lazy\" decoding=\"async\" width=\"1024\" height=\"768\" src=\"https:\/\/tucomarca.whitekongsoftware.com\/wp-content\/uploads\/2019\/07\/5_Entregadeplaca-1-1024x768.jpg\" class=\"attachment-large size-large\" alt=\"\" srcset=\"https:\/\/tucomarca.whitekongsoftware.com\/wp-content\/uploads\/2019\/07\/5_Entregadeplaca-1-1024x768.jpg 1024w, https:\/\/tucomarca.whitekongsoftware.com\/wp-content\/uploads\/2019\/07\/5_Entregadeplaca-1-300x225.jpg 300w, https:\/\/tucomarca.whitekongsoftware.com\/wp-content\/uploads\/2019\/07\/5_Entregadeplaca-1-768x576.jpg 768w\" sizes=\"auto, (max-width: 1024px) 100vw, 1024px\" \/><\/a>\n\t\t\t<\/div><\/figure>\n\t\t<\/div>\n\n<\/div>\n","protected":false},"excerpt":{"rendered":"<div class=\"mh-excerpt\">El cicle de serenates 2019 arribava ahir a la seva fi amb la celebraci\u00f3 del Festival de Bandes, que va comptar amb la participaci\u00f3 de les bandes simf\u00f2niques de la Societat Musical Turisense de Tur\u00eds <a class=\"mh-excerpt-more\" href=\"https:\/\/tucomarca.whitekongsoftware.com\/ca\/fotogaleria-la-banda-turisense-i-la-lira-de-xest-clausuren-el-cicle-de-serenates-2019-a-xest\/\" title=\"Fotogaleria: La banda &#8220;Turisense&#8221; i &#8220;La Lira&#8221; de Xest clausuren el cicle de serenates 2019 a Xest\">[+] <\/a><\/div>\n","protected":false},"author":2,"featured_media":88811,"comment_status":"open","ping_status":"open","sticky":false,"template":"","format":"standard","meta":{"footnotes":""},"categories":[11005,10898,10912,11004,11007,11008,10896,10974],"tags":[11109],"class_list":["post-88838","post","type-post","status-publish","format-standard","has-post-thumbnail","category-canal-musica","category-ventana-ca","category-la-hoya-ca","category-la-semana-en-imagenes-ca","category-ocio-y-cultura-ca","category-pueblos-en-fiestas-ca","category-seccion-ca","category-cheste-ca","tag-xest"],"_links":{"self":[{"href":"https:\/\/tucomarca.whitekongsoftware.com\/ca\/wp-json\/wp\/v2\/posts\/88838","targetHints":{"allow":["GET"]}}],"collection":[{"href":"https:\/\/tucomarca.whitekongsoftware.com\/ca\/wp-json\/wp\/v2\/posts"}],"about":[{"href":"https:\/\/tucomarca.whitekongsoftware.com\/ca\/wp-json\/wp\/v2\/types\/post"}],"author":[{"embeddable":true,"href":"https:\/\/tucomarca.whitekongsoftware.com\/ca\/wp-json\/wp\/v2\/users\/2"}],"replies":[{"embeddable":true,"href":"https:\/\/tucomarca.whitekongsoftware.com\/ca\/wp-json\/wp\/v2\/comments?post=88838"}],"version-history":[{"count":0,"href":"https:\/\/tucomarca.whitekongsoftware.com\/ca\/wp-json\/wp\/v2\/posts\/88838\/revisions"}],"wp:featuredmedia":[{"embeddable":true,"href":"https:\/\/tucomarca.whitekongsoftware.com\/ca\/wp-json\/wp\/v2\/media\/88811"}],"wp:attachment":[{"href":"https:\/\/tucomarca.whitekongsoftware.com\/ca\/wp-json\/wp\/v2\/media?parent=88838"}],"wp:term":[{"taxonomy":"category","embeddable":true,"href":"https:\/\/tucomarca.whitekongsoftware.com\/ca\/wp-json\/wp\/v2\/categories?post=88838"},{"taxonomy":"post_tag","embeddable":true,"href":"https:\/\/tucomarca.whitekongsoftware.com\/ca\/wp-json\/wp\/v2\/tags?post=88838"}],"curies":[{"name":"wp","href":"https:\/\/api.w.org\/{rel}","templated":true}]}}