{"id":88718,"date":"2019-07-15T14:08:52","date_gmt":"2019-07-15T12:08:52","guid":{"rendered":"http:\/\/www.tucomarca.com\/wordpress\/segunda\/?p=88718"},"modified":"2019-07-15T14:08:52","modified_gmt":"2019-07-15T12:08:52","slug":"el-concert-mano-a-mano-2019-de-bunyol-ja-compta-amb-el-seu-cartell-promocional","status":"publish","type":"post","link":"https:\/\/tucomarca.whitekongsoftware.com\/ca\/el-concert-mano-a-mano-2019-de-bunyol-ja-compta-amb-el-seu-cartell-promocional\/","title":{"rendered":"El concert &#8220;Mano a mano&#8221; 2019 de Bunyol ja compta amb el seu cartell promocional"},"content":{"rendered":"<figure id=\"attachment_88714\" aria-describedby=\"caption-attachment-88714\" style=\"width: 355px\" class=\"wp-caption alignleft\"><img loading=\"lazy\" decoding=\"async\" class=\" wp-image-88714\" src=\"http:\/\/www.tucomarca.com\/wordpress\/segunda\/wp-content\/uploads\/2019\/07\/manoamano2019.jpg\" alt=\"El cartel es una alegor\u00eda de \u201cLa Creaci\u00f3n\u201d, el fresco que Miguel \u00c1ngel pint\u00f3 en la Capilla Sixtina.\" width=\"355\" height=\"493\" srcset=\"https:\/\/tucomarca.whitekongsoftware.com\/wp-content\/uploads\/2019\/07\/manoamano2019.jpg 567w, https:\/\/tucomarca.whitekongsoftware.com\/wp-content\/uploads\/2019\/07\/manoamano2019-216x300.jpg 216w\" sizes=\"auto, (max-width: 355px) 100vw, 355px\" \/><figcaption id=\"caption-attachment-88714\" class=\"wp-caption-text\">El cartell \u00e9s una al\u00b7legoria de &#8220;La Creaci\u00f3&#8221;, el fresc que Miguel \u00c1ngel va pintar a la Capella Sixtina.<\/figcaption><\/figure>\n<p><strong>Per segon any s&#8217;ha realitzat un concurs per triar el que millor representa l&#8217;ess\u00e8ncia del concert<\/strong><\/p>\n<p>La 46a edici\u00f3 del concert &#8220;Mano a Mano&#8221; de Bunyol ja t\u00e9 cartell. Per segon any, la Regidoria de Cultura de l&#8217;Ajuntament de la localitat, ha dut a terme un concurs i el guanyador ha estat Rub\u00e9n Lucas Garc\u00eda, natural de Torreag\u00fcera (M\u00farcia).<\/p>\n<p>El cartell \u00e9s una al\u00b7legoria de &#8220;La Creaci\u00f3&#8221;, el fresc que Miguel \u00c1ngel va pintar a la Capella Sixtina. En aquesta ocasi\u00f3 nom\u00e9s es veuen les mans, que pertanyen a m\u00fasics d&#8217;ambdues bandes. Es distingeixen perqu\u00e8 a la m\u00e0niga de les seues respectives jaquetes apareix l&#8217;escut de cadascuna de les societats musicals &#8211; &#8220;La\u00a0Art\u00edstica&#8221; i &#8220;La Arm\u00f3nica&#8221; -. Sens dubte aquest &#8220;Mano a Mano&#8221; queda molt patent. Darrere d&#8217;elles, hi ha el impressionant Auditori Municipal a l&#8217;aire lliure de Sant Llu\u00eds. I a sobre, el cel estrellat, que \u00e9s testimoni d&#8217;aquest magn\u00edfic concert.<\/p>\n<p>El regidor de Cultura del consistori bu\u00f1olense, Juan Luis Pall\u00e1s ha destacat que &#8220;la participaci\u00f3 ha estat notable, per\u00f2 finalment hem optat pel de Rub\u00e9n perqu\u00e8 el jurat ha cregut que representava a la perfecci\u00f3 l&#8217;ess\u00e8ncia del concert&#8221;.<\/p>\n<p>Finalment, cal recordar que el concert &#8220;Mano a Mano&#8221; de Bunyol se celebrar\u00e0 el proper 17 d&#8217;agost, entre les bandes simf\u00f2niques de &#8220;La\u00a0Art\u00edstica&#8221; i &#8220;La Arm\u00f3nica&#8221;, a les 22: 30h a l&#8217;Auditori de Sant Llu\u00eds.<\/p>\n","protected":false},"excerpt":{"rendered":"<div class=\"mh-excerpt\">Per segon any s&#8217;ha realitzat un concurs per triar el que millor representa l&#8217;ess\u00e8ncia del concert La 46a edici\u00f3 del concert &#8220;Mano a Mano&#8221; de Bunyol ja t\u00e9 cartell. Per segon any, la Regidoria de <a class=\"mh-excerpt-more\" href=\"https:\/\/tucomarca.whitekongsoftware.com\/ca\/el-concert-mano-a-mano-2019-de-bunyol-ja-compta-amb-el-seu-cartell-promocional\/\" title=\"El concert &#8220;Mano a mano&#8221; 2019 de Bunyol ja compta amb el seu cartell promocional\">[+] <\/a><\/div>\n","protected":false},"author":2,"featured_media":88715,"comment_status":"open","ping_status":"open","sticky":false,"template":"","format":"standard","meta":{"footnotes":""},"categories":[10911,11005,10894,10912,11007,10896],"tags":[11314,11735],"class_list":["post-88718","post","type-post","status-publish","format-standard","has-post-thumbnail","category-bunol-ca","category-canal-musica","category-la-comarca-ca","category-la-hoya-ca","category-ocio-y-cultura-ca","category-seccion-ca","tag-bunyol-ca","tag-mano-a-mano-2019-ca"],"_links":{"self":[{"href":"https:\/\/tucomarca.whitekongsoftware.com\/ca\/wp-json\/wp\/v2\/posts\/88718","targetHints":{"allow":["GET"]}}],"collection":[{"href":"https:\/\/tucomarca.whitekongsoftware.com\/ca\/wp-json\/wp\/v2\/posts"}],"about":[{"href":"https:\/\/tucomarca.whitekongsoftware.com\/ca\/wp-json\/wp\/v2\/types\/post"}],"author":[{"embeddable":true,"href":"https:\/\/tucomarca.whitekongsoftware.com\/ca\/wp-json\/wp\/v2\/users\/2"}],"replies":[{"embeddable":true,"href":"https:\/\/tucomarca.whitekongsoftware.com\/ca\/wp-json\/wp\/v2\/comments?post=88718"}],"version-history":[{"count":0,"href":"https:\/\/tucomarca.whitekongsoftware.com\/ca\/wp-json\/wp\/v2\/posts\/88718\/revisions"}],"wp:featuredmedia":[{"embeddable":true,"href":"https:\/\/tucomarca.whitekongsoftware.com\/ca\/wp-json\/wp\/v2\/media\/88715"}],"wp:attachment":[{"href":"https:\/\/tucomarca.whitekongsoftware.com\/ca\/wp-json\/wp\/v2\/media?parent=88718"}],"wp:term":[{"taxonomy":"category","embeddable":true,"href":"https:\/\/tucomarca.whitekongsoftware.com\/ca\/wp-json\/wp\/v2\/categories?post=88718"},{"taxonomy":"post_tag","embeddable":true,"href":"https:\/\/tucomarca.whitekongsoftware.com\/ca\/wp-json\/wp\/v2\/tags?post=88718"}],"curies":[{"name":"wp","href":"https:\/\/api.w.org\/{rel}","templated":true}]}}