{"id":88712,"date":"2019-07-15T14:04:50","date_gmt":"2019-07-15T12:04:50","guid":{"rendered":"http:\/\/www.tucomarca.com\/wordpress\/segunda\/?p=88712"},"modified":"2019-07-15T14:04:50","modified_gmt":"2019-07-15T12:04:50","slug":"la-guardia-civil-de-valencia-rescata-una-persona-dedat-avancada-de-lliria-desapareguda-a-la-muntanya","status":"publish","type":"post","link":"https:\/\/tucomarca.whitekongsoftware.com\/ca\/la-guardia-civil-de-valencia-rescata-una-persona-dedat-avancada-de-lliria-desapareguda-a-la-muntanya\/","title":{"rendered":"La Gu\u00e0rdia Civil de Val\u00e8ncia rescata una persona d&#8217;edat avan\u00e7ada de Ll\u00edria desapareguda a la muntanya"},"content":{"rendered":"<figure id=\"attachment_88708\" aria-describedby=\"caption-attachment-88708\" style=\"width: 454px\" class=\"wp-caption alignleft\"><img loading=\"lazy\" decoding=\"async\" class=\" wp-image-88708\" src=\"http:\/\/www.tucomarca.com\/wordpress\/segunda\/wp-content\/uploads\/2019\/07\/helicoptero.jpg\" alt=\"El desaparecido fue rescatado de la arboleda, una vez inmovilizado y asegurado.\" width=\"454\" height=\"341\" srcset=\"https:\/\/tucomarca.whitekongsoftware.com\/wp-content\/uploads\/2019\/07\/helicoptero.jpg 1599w, https:\/\/tucomarca.whitekongsoftware.com\/wp-content\/uploads\/2019\/07\/helicoptero-300x225.jpg 300w, https:\/\/tucomarca.whitekongsoftware.com\/wp-content\/uploads\/2019\/07\/helicoptero-768x576.jpg 768w, https:\/\/tucomarca.whitekongsoftware.com\/wp-content\/uploads\/2019\/07\/helicoptero-1024x768.jpg 1024w\" sizes=\"auto, (max-width: 454px) 100vw, 454px\" \/><figcaption id=\"caption-attachment-88708\" class=\"wp-caption-text\">El desaparegut va ser rescatat de l&#8217;arbreda, un cop immobilitzat i assegurat.<\/figcaption><\/figure>\n<p>Sobre les 17; 00 hores de divendres, dia 12 de juliol actual, un ve\u00ed de la urbanitzaci\u00f3 Edeta de la localitat de Ll\u00edria, de 85 anys i amb malaltia de parkinson, va sortir del seu domicili, per fer una passejada i dirigir-se cap uns vivers que disten uns 4 km del seu domicili.<\/p>\n<p>Sobre les 18:00 hores del citat dia, en no tenir not\u00edcies seves, el seu fill va comunicar telef\u00f2nicament la seva desaparici\u00f3, iniciant-se en aquest moment una recerca amb patrulles de la Gu\u00e0rdia Civil de Ll\u00edria i Policia Local de Ll\u00edria, que es van mantenir durant tota la resta de la tarda i nit, buscant per la zona en la qual se suposava que podia trobar-se.<\/p>\n<p>En el mat\u00ed del dissabte, dia 13 de juliol, es va refor\u00e7ar el dispositiu de recerca amb helic\u00f2pter de la Gu\u00e0rdia Civil, Patrulla del GREIM d&#8217;Ontinyent i Guia amb can de recerca de persones, juntament amb les patrulles de Gu\u00e0rdia Civil de Ll\u00edria i Policia Local de Ll\u00edria.<\/p>\n<p>Sobre les 08:20 hores del dissabte, dia 13 de juliol, per part d&#8217;una parella de senderistes quese trobaven passejant per la zona coneguda com la Selvaneta, un home i una dona, ell component de la unitat adscrita de Policia Nacional a la Comunitat Valenciana, van escoltar uns laments que provenien d&#8217;un camp amb matoll baix i concretament, d&#8217;una petita arbreda situada al costat d&#8217;una s\u00e8quia, localitzant al desaparegut el qual es trobava tombat, sense forces per poder aixecar-se, per\u00f2 conscient.<\/p>\n<p>Comunicat el lloc, es va traslladar l&#8217;helicopter que arribo de manera immediata, aix\u00ed com patrulles de la Gu\u00e0rdia Civil de Ll\u00edria, Policia Local de Ll\u00edria i Patrulla del GREIM d&#8217;Ontinyent, sent assistit aquesta persona. Una altra patrulla de la Gu\u00e0rdia Civil de Ll\u00edria quedo tot esperant l&#8217;ambul\u00e0ncia per dirigir-la al lloc.<\/p>\n<p>El desaparegut va ser rescatat de l&#8217;arbreda, un cop immobilitzat i assegurat per personal GREIM, i despr\u00e9s d&#8217;una primera revisi\u00f3 per personal m\u00e8dic de l&#8217;ambul\u00e0ncia, traslladat en helic\u00f2pter per tripulaci\u00f3 i una infermera, a l&#8217;hospital La Fe de Val\u00e8ncia, sortint dit helic\u00f2pter sobre les 09:15 hores aproximadament.<\/p>\n<p>Entrevistat amb el metge de l&#8217;ambul\u00e0ncia, manifesta que el desaparegut presentava bon estat general, amb les cauteles degudes per la seva edat i condicions de la desaparici\u00f3.<\/p>\n<p>For\u00e7a intervinent: 3 patrulles de Gu\u00e0rdia Civil de Ll\u00edria (amb Capit\u00e0 i sergent Comte accidental Ja), 2 patrulla de Policia Local de Ll\u00edria, Patrulla GREIM, Tripulaci\u00f3 Helic\u00f2pter Gu\u00e0rdia Civil, Guia i can de cerca de persones. Altres: 2 senderistes (un Policia Nacional de la Unitat adscrita), Suport Vital B\u00e0sic.<\/p>\n","protected":false},"excerpt":{"rendered":"<div class=\"mh-excerpt\">Sobre les 17; 00 hores de divendres, dia 12 de juliol actual, un ve\u00ed de la urbanitzaci\u00f3 Edeta de la localitat de Ll\u00edria, de 85 anys i amb malaltia de parkinson, va sortir del seu <a class=\"mh-excerpt-more\" href=\"https:\/\/tucomarca.whitekongsoftware.com\/ca\/la-guardia-civil-de-valencia-rescata-una-persona-dedat-avancada-de-lliria-desapareguda-a-la-muntanya\/\" title=\"La Gu\u00e0rdia Civil de Val\u00e8ncia rescata una persona d&#8217;edat avan\u00e7ada de Ll\u00edria desapareguda a la muntanya\">[+] <\/a><\/div>\n","protected":false},"author":1,"featured_media":88709,"comment_status":"open","ping_status":"open","sticky":false,"template":"","format":"standard","meta":{"footnotes":""},"categories":[10892,10898,10894,10928,10896,10897],"tags":[11070],"class_list":["post-88712","post","type-post","status-publish","format-standard","has-post-thumbnail","category-camp-de-turia-ca","category-ventana-ca","category-la-comarca-ca","category-lliria-ca","category-seccion-ca","category-sucesos-la-comarca-ca","tag-lliria-ca"],"_links":{"self":[{"href":"https:\/\/tucomarca.whitekongsoftware.com\/ca\/wp-json\/wp\/v2\/posts\/88712","targetHints":{"allow":["GET"]}}],"collection":[{"href":"https:\/\/tucomarca.whitekongsoftware.com\/ca\/wp-json\/wp\/v2\/posts"}],"about":[{"href":"https:\/\/tucomarca.whitekongsoftware.com\/ca\/wp-json\/wp\/v2\/types\/post"}],"author":[{"embeddable":true,"href":"https:\/\/tucomarca.whitekongsoftware.com\/ca\/wp-json\/wp\/v2\/users\/1"}],"replies":[{"embeddable":true,"href":"https:\/\/tucomarca.whitekongsoftware.com\/ca\/wp-json\/wp\/v2\/comments?post=88712"}],"version-history":[{"count":0,"href":"https:\/\/tucomarca.whitekongsoftware.com\/ca\/wp-json\/wp\/v2\/posts\/88712\/revisions"}],"wp:featuredmedia":[{"embeddable":true,"href":"https:\/\/tucomarca.whitekongsoftware.com\/ca\/wp-json\/wp\/v2\/media\/88709"}],"wp:attachment":[{"href":"https:\/\/tucomarca.whitekongsoftware.com\/ca\/wp-json\/wp\/v2\/media?parent=88712"}],"wp:term":[{"taxonomy":"category","embeddable":true,"href":"https:\/\/tucomarca.whitekongsoftware.com\/ca\/wp-json\/wp\/v2\/categories?post=88712"},{"taxonomy":"post_tag","embeddable":true,"href":"https:\/\/tucomarca.whitekongsoftware.com\/ca\/wp-json\/wp\/v2\/tags?post=88712"}],"curies":[{"name":"wp","href":"https:\/\/api.w.org\/{rel}","templated":true}]}}