{"id":88680,"date":"2019-07-12T13:37:37","date_gmt":"2019-07-12T11:37:37","guid":{"rendered":"http:\/\/www.tucomarca.com\/wordpress\/segunda\/?p=88680"},"modified":"2019-07-12T13:37:37","modified_gmt":"2019-07-12T11:37:37","slug":"ava-sestima-en-191-milions-deuros-les-perdues-per-la-a-gran-tempesta-de-pedra-en-18-300-hectarees-de-vinya-ametller-i-olivera-de-linterior","status":"publish","type":"post","link":"https:\/\/tucomarca.whitekongsoftware.com\/ca\/ava-sestima-en-191-milions-deuros-les-perdues-per-la-a-gran-tempesta-de-pedra-en-18-300-hectarees-de-vinya-ametller-i-olivera-de-linterior\/","title":{"rendered":"AVA s&#8217;estima en 19,1 milions d&#8217;euros les p\u00e8rdues per la a gran tempesta de pedra en 18.300 hect\u00e0rees de vinya, ametller i olivera de l&#8217;interior"},"content":{"rendered":"<figure id=\"attachment_88677\" aria-describedby=\"caption-attachment-88677\" style=\"width: 426px\" class=\"wp-caption alignleft\"><img loading=\"lazy\" decoding=\"async\" class=\" wp-image-88677\" src=\"http:\/\/www.tucomarca.com\/wordpress\/segunda\/wp-content\/uploads\/2019\/07\/AVAPedriscoUtiel-Requena19.jpg\" alt=\"Las pedan\u00edas de Los Cojos y Los Isidros (Requena) han sufrido da\u00f1os que pueden alcanzar niveles de hasta el 90% de afecci\u00f3n, especialmente en el cultivo de la vi\u00f1a.\" width=\"426\" height=\"319\" srcset=\"https:\/\/tucomarca.whitekongsoftware.com\/wp-content\/uploads\/2019\/07\/AVAPedriscoUtiel-Requena19.jpg 1600w, https:\/\/tucomarca.whitekongsoftware.com\/wp-content\/uploads\/2019\/07\/AVAPedriscoUtiel-Requena19-300x225.jpg 300w, https:\/\/tucomarca.whitekongsoftware.com\/wp-content\/uploads\/2019\/07\/AVAPedriscoUtiel-Requena19-768x576.jpg 768w, https:\/\/tucomarca.whitekongsoftware.com\/wp-content\/uploads\/2019\/07\/AVAPedriscoUtiel-Requena19-1024x768.jpg 1024w\" sizes=\"auto, (max-width: 426px) 100vw, 426px\" \/><figcaption id=\"caption-attachment-88677\" class=\"wp-caption-text\">Les pedanies de Els Cojos i Els Isidros (Requena) han patit danys que poden arribar a nivells de fins al 90% d&#8217;afecci\u00f3, especialment en el cultiu de la vinya.<\/figcaption><\/figure>\n<p>La tempesta de pedra que va descarregar amb gran viol\u00e8ncia dies enrere en algunes zones de la Comunitat Valenciana ha provocat danys molt greus en els cultius de la comarca d&#8217;Utiel-Requena i voltants, fins al punt d&#8217;arrasar gaireb\u00e9 la totalitat de la collita en algunes explotacions de vinya. Segons una primera estimaci\u00f3 efectuada per l&#8217;Associaci\u00f3 Valenciana d&#8217;Agricultors (AVA-ASAJA), la superf\u00edcie agr\u00edcola afectada pel temporal arriba a un total de 18.300 hect\u00e0rees, mentre que les p\u00e8rdues econ\u00f2miques ascendeixen a 19,1 milions d&#8217;euros.<\/p>\n<p>La tempesta ha abastat a les zones d&#8217;Utiel, Requena, Sant Antoni de Requena i en menor mesura a Venda del Moro i Caudete de les Fonts. Altres zones que tamb\u00e9 han estat colpejades per la pedra, per\u00f2 sense registrar danys tan acusats, s\u00f3n Torrent, Ll\u00edria, Manises, Meliana, Montroi i Monserrat. Per cultius, la vinya ha estat la que s&#8217;ha portat la pitjor part amb aproximadament 13.500 hect\u00e0rees afectades, mentre que en ametlla se situen en 3.100 i en oliverar 1.700 hect\u00e0rees.<\/p>\n<p>Pel que fa a les p\u00e8rdues econ\u00f2miques per cultius, en vinya ascendeixen a 13,5 milions, en olivar a 4 milions i en ametller a 1,6 milions, d&#8217;acord amb aquesta primera estimaci\u00f3 d&#8217;AVA-ASAJA. Els Cojos i Els Isidros s\u00f3n les zones que m\u00e9s han patit aquest episodi de pedra amb parcel\u00b7les amb un grau d&#8217;afecci\u00f3 de fins a un 90%, mentre que des de Requena a Sant Antoni danys oscil\u00b7len entre el 40 i el 50%, principalment en el cultiu de la vinya. Lamentablement, els danys a les vinyes s&#8217;han produ\u00eft en un moment fenol\u00f2gic molt complicat per al cultiu i en els propers dies podrien agreujar-se.<\/p>\n<p>La mida de la pedra ha estat de tal magnitud en algunes zones que fins i tot ha causat danys en la fusta dels arbres, i per aix\u00f2 des d&#8217;aquesta organitzaci\u00f3 agr\u00e0ria es demana a la Conselleria d&#8217;Agricultura que faciliti, al m\u00e9s aviat possible, tractaments fungicides que permetin cicatritzar les ferides a la fusta i evitar aix\u00ed la introducci\u00f3 de fongs a l&#8217;interior de l&#8217;arbrat.<\/p>\n","protected":false},"excerpt":{"rendered":"<div class=\"mh-excerpt\">La tempesta de pedra que va descarregar amb gran viol\u00e8ncia dies enrere en algunes zones de la Comunitat Valenciana ha provocat danys molt greus en els cultius de la comarca d&#8217;Utiel-Requena i voltants, fins al <a class=\"mh-excerpt-more\" href=\"https:\/\/tucomarca.whitekongsoftware.com\/ca\/ava-sestima-en-191-milions-deuros-les-perdues-per-la-a-gran-tempesta-de-pedra-en-18-300-hectarees-de-vinya-ametller-i-olivera-de-linterior\/\" title=\"AVA s&#8217;estima en 19,1 milions d&#8217;euros les p\u00e8rdues per la a gran tempesta de pedra en 18.300 hect\u00e0rees de vinya, ametller i olivera de l&#8217;interior\">[+] <\/a><\/div>\n","protected":false},"author":1,"featured_media":88678,"comment_status":"open","ping_status":"open","sticky":false,"template":"","format":"standard","meta":{"footnotes":""},"categories":[10905,10892,11032,10898,10894,10902,10928,10903,11000,11001,10908,10909,11057,10896,10897,11059,11060],"tags":[11731],"class_list":["post-88680","post","type-post","status-publish","format-standard","has-post-thumbnail","category-agricultura-la-comarca-ca","category-camp-de-turia-ca","category-caudete-ca","category-ventana-ca","category-la-comarca-ca","category-la-ribera-ca","category-lliria-ca","category-medio-ambiente-la-comarca-ca","category-monserrat-ca","category-montroi-ca","category-requena-ca","category-requena-utiel-ca","category-san-antonio-ca","category-seccion-ca","category-sucesos-la-comarca-ca","category-utiel-ca","category-venta-del-moro-ca","tag-ava-ca"],"_links":{"self":[{"href":"https:\/\/tucomarca.whitekongsoftware.com\/ca\/wp-json\/wp\/v2\/posts\/88680","targetHints":{"allow":["GET"]}}],"collection":[{"href":"https:\/\/tucomarca.whitekongsoftware.com\/ca\/wp-json\/wp\/v2\/posts"}],"about":[{"href":"https:\/\/tucomarca.whitekongsoftware.com\/ca\/wp-json\/wp\/v2\/types\/post"}],"author":[{"embeddable":true,"href":"https:\/\/tucomarca.whitekongsoftware.com\/ca\/wp-json\/wp\/v2\/users\/1"}],"replies":[{"embeddable":true,"href":"https:\/\/tucomarca.whitekongsoftware.com\/ca\/wp-json\/wp\/v2\/comments?post=88680"}],"version-history":[{"count":0,"href":"https:\/\/tucomarca.whitekongsoftware.com\/ca\/wp-json\/wp\/v2\/posts\/88680\/revisions"}],"wp:featuredmedia":[{"embeddable":true,"href":"https:\/\/tucomarca.whitekongsoftware.com\/ca\/wp-json\/wp\/v2\/media\/88678"}],"wp:attachment":[{"href":"https:\/\/tucomarca.whitekongsoftware.com\/ca\/wp-json\/wp\/v2\/media?parent=88680"}],"wp:term":[{"taxonomy":"category","embeddable":true,"href":"https:\/\/tucomarca.whitekongsoftware.com\/ca\/wp-json\/wp\/v2\/categories?post=88680"},{"taxonomy":"post_tag","embeddable":true,"href":"https:\/\/tucomarca.whitekongsoftware.com\/ca\/wp-json\/wp\/v2\/tags?post=88680"}],"curies":[{"name":"wp","href":"https:\/\/api.w.org\/{rel}","templated":true}]}}