{"id":88593,"date":"2019-07-04T08:40:41","date_gmt":"2019-07-04T06:40:41","guid":{"rendered":"http:\/\/www.tucomarca.com\/wordpress\/segunda\/?p=88593"},"modified":"2019-07-04T08:40:41","modified_gmt":"2019-07-04T06:40:41","slug":"el-circuit-ricardo-tormo-celebra-els-campionats-despanya-escolars-de-ciclisme","status":"publish","type":"post","link":"https:\/\/tucomarca.whitekongsoftware.com\/ca\/el-circuit-ricardo-tormo-celebra-els-campionats-despanya-escolars-de-ciclisme\/","title":{"rendered":"El Circuit Ricardo Tormo celebra els campionats d&#8217;Espanya escolars de ciclisme"},"content":{"rendered":"<figure id=\"attachment_88590\" aria-describedby=\"caption-attachment-88590\" style=\"width: 489px\" class=\"wp-caption alignnone\"><img loading=\"lazy\" decoding=\"async\" class=\" wp-image-88590\" src=\"http:\/\/www.tucomarca.com\/wordpress\/segunda\/wp-content\/uploads\/2019\/07\/CiclismoCircuit.jpg\" alt=\"Los campeonatos se celebrar\u00e1n del 5 al 7 de julio, con j\u00f3venes ciclistas de entre 13 y 16 a\u00f1os en las modalidades de carreta y BTT.\" width=\"489\" height=\"326\" srcset=\"https:\/\/tucomarca.whitekongsoftware.com\/wp-content\/uploads\/2019\/07\/CiclismoCircuit.jpg 1400w, https:\/\/tucomarca.whitekongsoftware.com\/wp-content\/uploads\/2019\/07\/CiclismoCircuit-300x200.jpg 300w, https:\/\/tucomarca.whitekongsoftware.com\/wp-content\/uploads\/2019\/07\/CiclismoCircuit-768x512.jpg 768w, https:\/\/tucomarca.whitekongsoftware.com\/wp-content\/uploads\/2019\/07\/CiclismoCircuit-1024x683.jpg 1024w\" sizes=\"auto, (max-width: 489px) 100vw, 489px\" \/><figcaption id=\"caption-attachment-88590\" class=\"wp-caption-text\"><b>Els campionats se celebraran del 5 al 7 de juliol, amb joves ciclistes d&#8217;entre 13 i 16 anys en les modalitats de carreta i BTT<\/b>.<\/figcaption><\/figure>\n<p>El Circuit Ricardo Tormo celebra del 5 al 7 de juliol el Campionat d&#8217;Espanya Escolar de Ciclisme per a xics i xiques de categoria infantil de 13 i 14 anys i cadets de 15 i 16.<\/p>\n<p>Les proves de carretera dels joves ciclistes se celebraran a la pista de Gran Premi del Circuit Ricardo Tormo amb totes les mesures de seguretat a l&#8217;abast dels corredors i acc\u00e9s gratu\u00eft als seus familiars i la resta d&#8217;aficionats a la tribuna de boxs, des d&#8217;on podran seguir la competici\u00f3. Les proves fora de pista, les de BTT, tindran lloc a Riba-roja de T\u00faria, a tan sols 20 quil\u00f2metres de Cheste.<\/p>\n<p>La competici\u00f3 comen\u00e7ar\u00e0 el divendres, 5 de juliol, a les 17.00 hores amb la contrarellotge per equips per a xiques cadets, que anir\u00e0 seguida de la de xics cadets, que arrancar\u00e0 a les 17.45 hores. Una vegada finalitzades aquestes, se celebraran les proves contra el cron\u00f2metre individuals per a xiques cadets, a les 18.30 hores, i les de xics cadets, a les 19.15 hores.<\/p>\n<p>El dissabte 6 de juliol tindr\u00e0 lloc a Cheste una llarga jornada que comen\u00e7ar\u00e0 al Circuit amb les proves en l\u00ednia infantils (les xiques a les 10.00 hores; els xics a les 11.00 hores).<\/p>\n<p>L&#8217;acci\u00f3 es traslladar\u00e0 a la vesprada a la localitat de Riba-roja de T\u00faria, perqu\u00e8 a les 16.00 hores hi tindr\u00e0 lloc la prova BTT per a xiques cadets, i a les 17.00 hores, la de xics d&#8217;aquesta mateixa categoria. Les gimcanes infantils per a xiques (18.30 h) i xics (19.30 h) seran les encarregades de tancar la jornada.<\/p>\n<p>L&#8217;\u00faltima jornada ser\u00e0 diumenge, quan se celebrar\u00e0 des de les 9.00 hores la prova en l\u00ednia per a xiques cadets, sobre una dist\u00e0ncia de 42,1 km, mentre que a les 11.00 hores tindr\u00e0 lloc la corresponent als xics cadets, que hauran de completar 54,6 quil\u00f2metres.<\/p>\n<p>L&#8217;activitat ciclista continuar\u00e0 aquest mes al Circuit amb la celebraci\u00f3 de les cl\u00e0ssiques 24 hores Cicle Circuit l&#8217;\u00faltim cap de setmana de juliol.<\/p>\n","protected":false},"excerpt":{"rendered":"<div class=\"mh-excerpt\">El Circuit Ricardo Tormo celebra del 5 al 7 de juliol el Campionat d&#8217;Espanya Escolar de Ciclisme per a xics i xiques de categoria infantil de 13 i 14 anys i cadets de 15 i <a class=\"mh-excerpt-more\" href=\"https:\/\/tucomarca.whitekongsoftware.com\/ca\/el-circuit-ricardo-tormo-celebra-els-campionats-despanya-escolars-de-ciclisme\/\" title=\"El Circuit Ricardo Tormo celebra els campionats d&#8217;Espanya escolars de ciclisme\">[+] <\/a><\/div>\n","protected":false},"author":1,"featured_media":88591,"comment_status":"open","ping_status":"open","sticky":false,"template":"","format":"standard","meta":{"footnotes":""},"categories":[11013,11003,10898,10904,10912,10896,10974],"tags":[11334],"class_list":["post-88593","post","type-post","status-publish","format-standard","has-post-thumbnail","category-ciclismo-ca","category-sports","category-ventana-ca","category-sin-categorizar-ca","category-la-hoya-ca","category-seccion-ca","category-cheste-ca","tag-circuit-ca"],"_links":{"self":[{"href":"https:\/\/tucomarca.whitekongsoftware.com\/ca\/wp-json\/wp\/v2\/posts\/88593","targetHints":{"allow":["GET"]}}],"collection":[{"href":"https:\/\/tucomarca.whitekongsoftware.com\/ca\/wp-json\/wp\/v2\/posts"}],"about":[{"href":"https:\/\/tucomarca.whitekongsoftware.com\/ca\/wp-json\/wp\/v2\/types\/post"}],"author":[{"embeddable":true,"href":"https:\/\/tucomarca.whitekongsoftware.com\/ca\/wp-json\/wp\/v2\/users\/1"}],"replies":[{"embeddable":true,"href":"https:\/\/tucomarca.whitekongsoftware.com\/ca\/wp-json\/wp\/v2\/comments?post=88593"}],"version-history":[{"count":0,"href":"https:\/\/tucomarca.whitekongsoftware.com\/ca\/wp-json\/wp\/v2\/posts\/88593\/revisions"}],"wp:featuredmedia":[{"embeddable":true,"href":"https:\/\/tucomarca.whitekongsoftware.com\/ca\/wp-json\/wp\/v2\/media\/88591"}],"wp:attachment":[{"href":"https:\/\/tucomarca.whitekongsoftware.com\/ca\/wp-json\/wp\/v2\/media?parent=88593"}],"wp:term":[{"taxonomy":"category","embeddable":true,"href":"https:\/\/tucomarca.whitekongsoftware.com\/ca\/wp-json\/wp\/v2\/categories?post=88593"},{"taxonomy":"post_tag","embeddable":true,"href":"https:\/\/tucomarca.whitekongsoftware.com\/ca\/wp-json\/wp\/v2\/tags?post=88593"}],"curies":[{"name":"wp","href":"https:\/\/api.w.org\/{rel}","templated":true}]}}