{"id":88516,"date":"2019-07-02T14:25:53","date_gmt":"2019-07-02T12:25:53","guid":{"rendered":"http:\/\/www.tucomarca.com\/wordpress\/segunda\/?p=88516"},"modified":"2019-07-02T14:25:53","modified_gmt":"2019-07-02T12:25:53","slug":"fotogaleria-la-banda-juvenil-la-lira-de-xest-i-la-banda-juvenil-la-familiar-de-benissano-comparteixen-escenari-en-les-serenates-2019","status":"publish","type":"post","link":"https:\/\/tucomarca.whitekongsoftware.com\/ca\/fotogaleria-la-banda-juvenil-la-lira-de-xest-i-la-banda-juvenil-la-familiar-de-benissano-comparteixen-escenari-en-les-serenates-2019\/","title":{"rendered":"Fotogaleria: la Banda juvenil &#8220;La Lira&#8221; de Xest i la Banda juvenil &#8220;La Familiar&#8221; de Benissan\u00f3 comparteixen escenari en les Serenates 2019"},"content":{"rendered":"<div class=\"\">\n<figure id=\"attachment_88513\" aria-describedby=\"caption-attachment-88513\" style=\"width: 422px\" class=\"wp-caption alignleft\"><img loading=\"lazy\" decoding=\"async\" class=\" wp-image-88513\" src=\"http:\/\/www.tucomarca.com\/wordpress\/segunda\/wp-content\/uploads\/2019\/07\/Serenatas2_17.jpeg\" alt=\"Banda juvenil \u201cLa Lira\u201d de Cheste.\" width=\"422\" height=\"281\" srcset=\"https:\/\/tucomarca.whitekongsoftware.com\/wp-content\/uploads\/2019\/07\/Serenatas2_17.jpeg 5472w, https:\/\/tucomarca.whitekongsoftware.com\/wp-content\/uploads\/2019\/07\/Serenatas2_17-300x200.jpeg 300w, https:\/\/tucomarca.whitekongsoftware.com\/wp-content\/uploads\/2019\/07\/Serenatas2_17-768x512.jpeg 768w, https:\/\/tucomarca.whitekongsoftware.com\/wp-content\/uploads\/2019\/07\/Serenatas2_17-1024x683.jpeg 1024w\" sizes=\"auto, (max-width: 422px) 100vw, 422px\" \/><figcaption id=\"caption-attachment-88513\" class=\"wp-caption-text\">Banda juvenil &#8220;La Lira&#8221; de Xest.<\/figcaption><\/figure>\n<p>Mart\u00ednez Ruiz i la Societat Musical &#8220;La Familiar&#8221; de Benissan\u00f3, a c\u00e0rrec d&#8217;Iv\u00e1n Serra Castell\u00e0, van oferir un concert a l&#8217;aire lliure integrat a la XVI campanya de Concerts d&#8217;Intercanvis musicals promoguda per la Federaci\u00f3 de Societats Musicals de la Comunitat Valenciana.<\/p>\n<p>La reina de la Verema, Paola Casanova Salazar, va ser l&#8217;encarregada de presentar el concert: &#8220;Aquesta nit tenim el plaer de comptar amb la banda Juvenil de la Societat Musical&#8221; La Familiar &#8220;de Benissan\u00f3. Fundada el 1861, \u00e9s una de les m\u00e9s antigues entitats del panorama musical valenci\u00e0, referent per a la cultura de Benissan\u00f3. Aquesta segona serenata estar\u00e0 dividida en dos actes: a la primera part gaudirem d&#8217;una selecci\u00f3 de peces a c\u00e0rrec de la Societat Musical &#8220;La Familiar&#8221; de Benissan\u00f3 i, despr\u00e9s d&#8217;un breu descans, la Banda Juvenil de l&#8217;Associaci\u00f3 Musical La Lira de Xest interpretar\u00e0 altres peces. Per finalitzar s&#8217;oferir\u00e0 una \u00faltima pe\u00e7a conjunta amb l&#8217;agrupaci\u00f3 de Benissan\u00f3 &#8220;, anunciava la reina de les festes.<\/p>\n<p>&#8220;Un concert \u00e9s una cosa que ens ve de gust sempre, perqu\u00e8 \u00e9s una oportunitat perqu\u00e8 tota la feina que fem a casa, a classe i durant els assajos surti a la llum. Acabem d&#8217;assajar ara la pe\u00e7a conjunta costat de l&#8217;altra banda per primera vegada i pensem que ha sortit prou b\u00e9. Tenim alguns nervis per\u00f2 moltes ganes de tocar &#8220;, manifestaven diversos m\u00fasics i m\u00fasiques de la Banda Juvenil La Lira, abans de pujar a l&#8217;escenari.<\/p>\n<p>&#8220;Ha estat una experi\u00e8ncia molt bonica, ens ha agradat molt participar en un concert aix\u00ed perqu\u00e8 \u00e9s una cosa nova; aquesta \u00e9s la primera vegada que vam tocar a Xest &#8220;, afegien els i les integrants de la Banda Juvenil&#8221; La Familiar &#8220;despr\u00e9s de la seva actuaci\u00f3. &#8220;Pujar a l&#8217;autob\u00fas amb els altres m\u00fasics i m\u00fasiques ha estat divertit, era com si ens an\u00e9ssim de viatge a algun lloc. Sobretot el que m\u00e9s ens ha agradat \u00e9s estar a l&#8217;escenari tocant amb tants m\u00fasics i m\u00fasiques, quan ens hem unit les dues bandes. Ha estat impressionant &#8220;.<\/p>\n<p>A la primera part del concert, la Banda Juvenil de la Societat Musical &#8220;La Familiar&#8221; de Benissan\u00f3 va interpretar quatre peces: la primera d&#8217;elles va ser La Familiar, del compositor Gregorio Castellano; seguida d&#8217;Encant, de Robert W. Smith i H\u00e8rcules, d&#8217;Alan Menken. Finalment, van interpretar Free World Fantasy, de Jacob de Haan. Per la seva banda, la Banda Juvenil de l&#8217;Associaci\u00f3 Musical La Lira de Xest, va interpretar a la segona part del concert tres peces. En primer lloc, L&#8217;oncle Caniyitas, de Ricardo Dorado; seguida d&#8217;Els anells de Saturn, de Salvador Luj\u00e1n i finalment, Queen in Concert, de la banda Queen, amb arranjaments de Jay Bocook. Per finalitzar, les dues bandes van pujar a l&#8217;escenari per interpretar Anniversary Marxa-Cha, del compositor Jef Penders.<\/p>\n<p>La regidora M\u00aa \u00c1ngeles Llorente, va ser l&#8217;encarregada de lliurar una placa d&#8217;agra\u00efment al director de la Banda Juvenil de la Societat Musical &#8220;La Familiar&#8221; de Benissan\u00f3, Iv\u00e1n Serra Castell\u00e0. A continuaci\u00f3, el president de l&#8217;Associaci\u00f3 Musical La Lira de Xest, Gerardo P\u00e9rez, va lliurar un obsequi al president de la Societat Musical &#8220;La Familiar&#8221; de Benissan\u00f3, \u00c0ngel Alonso. Dissabte que ve, 6 de juliol, tindr\u00e0 lloc el seg\u00fcent concert del cicle de Serenates 2019, en el qual participar\u00e0 la Banda de Cambra &#8220;La Lira&#8221;, a la pla\u00e7a Doctor Cajal a les 23 hores.<\/p>\n<\/div>\n<div class=\"\">\n<div id='gallery-1' class='gallery galleryid-88516 gallery-columns-3 gallery-size-large'><figure class='gallery-item'>\n\t\t\t<div class='gallery-icon landscape'>\n\t\t\t\t<a href='https:\/\/tucomarca.whitekongsoftware.com\/ca\/fotogaleria-la-banda-juvenil-la-lira-de-xest-i-la-banda-juvenil-la-familiar-de-benissano-comparteixen-escenari-en-les-serenates-2019\/serenatas2_21-2\/'><img loading=\"lazy\" decoding=\"async\" width=\"1024\" height=\"683\" src=\"https:\/\/tucomarca.whitekongsoftware.com\/wp-content\/uploads\/2019\/07\/Serenatas2_21-1024x683.jpeg\" class=\"attachment-large size-large\" alt=\"\" srcset=\"https:\/\/tucomarca.whitekongsoftware.com\/wp-content\/uploads\/2019\/07\/Serenatas2_21-1024x683.jpeg 1024w, https:\/\/tucomarca.whitekongsoftware.com\/wp-content\/uploads\/2019\/07\/Serenatas2_21-300x200.jpeg 300w, https:\/\/tucomarca.whitekongsoftware.com\/wp-content\/uploads\/2019\/07\/Serenatas2_21-768x512.jpeg 768w\" sizes=\"auto, (max-width: 1024px) 100vw, 1024px\" \/><\/a>\n\t\t\t<\/div><\/figure><figure class='gallery-item'>\n\t\t\t<div class='gallery-icon landscape'>\n\t\t\t\t<a href='https:\/\/tucomarca.whitekongsoftware.com\/ca\/fotogaleria-la-banda-juvenil-la-lira-de-xest-i-la-banda-juvenil-la-familiar-de-benissano-comparteixen-escenari-en-les-serenates-2019\/serenatas2_19-2\/'><img loading=\"lazy\" decoding=\"async\" width=\"1024\" height=\"683\" src=\"https:\/\/tucomarca.whitekongsoftware.com\/wp-content\/uploads\/2019\/07\/Serenatas2_19-1024x683.jpeg\" class=\"attachment-large size-large\" alt=\"\" srcset=\"https:\/\/tucomarca.whitekongsoftware.com\/wp-content\/uploads\/2019\/07\/Serenatas2_19-1024x683.jpeg 1024w, https:\/\/tucomarca.whitekongsoftware.com\/wp-content\/uploads\/2019\/07\/Serenatas2_19-300x200.jpeg 300w, https:\/\/tucomarca.whitekongsoftware.com\/wp-content\/uploads\/2019\/07\/Serenatas2_19-768x512.jpeg 768w\" sizes=\"auto, (max-width: 1024px) 100vw, 1024px\" \/><\/a>\n\t\t\t<\/div><\/figure><figure class='gallery-item'>\n\t\t\t<div class='gallery-icon landscape'>\n\t\t\t\t<a href='https:\/\/tucomarca.whitekongsoftware.com\/ca\/fotogaleria-la-banda-juvenil-la-lira-de-xest-i-la-banda-juvenil-la-familiar-de-benissano-comparteixen-escenari-en-les-serenates-2019\/serenatas2_18-2\/'><img loading=\"lazy\" decoding=\"async\" width=\"1024\" height=\"683\" src=\"https:\/\/tucomarca.whitekongsoftware.com\/wp-content\/uploads\/2019\/07\/Serenatas2_18-1024x683.jpeg\" class=\"attachment-large size-large\" alt=\"\" srcset=\"https:\/\/tucomarca.whitekongsoftware.com\/wp-content\/uploads\/2019\/07\/Serenatas2_18-1024x683.jpeg 1024w, https:\/\/tucomarca.whitekongsoftware.com\/wp-content\/uploads\/2019\/07\/Serenatas2_18-300x200.jpeg 300w, https:\/\/tucomarca.whitekongsoftware.com\/wp-content\/uploads\/2019\/07\/Serenatas2_18-768x512.jpeg 768w\" sizes=\"auto, (max-width: 1024px) 100vw, 1024px\" \/><\/a>\n\t\t\t<\/div><\/figure><figure class='gallery-item'>\n\t\t\t<div class='gallery-icon landscape'>\n\t\t\t\t<a href='https:\/\/tucomarca.whitekongsoftware.com\/ca\/fotogaleria-la-banda-juvenil-la-lira-de-xest-i-la-banda-juvenil-la-familiar-de-benissano-comparteixen-escenari-en-les-serenates-2019\/serenatas2_17-2-2\/'><img loading=\"lazy\" decoding=\"async\" width=\"1024\" height=\"683\" src=\"https:\/\/tucomarca.whitekongsoftware.com\/wp-content\/uploads\/2019\/07\/Serenatas2_17-1-1024x683.jpeg\" class=\"attachment-large size-large\" alt=\"\" srcset=\"https:\/\/tucomarca.whitekongsoftware.com\/wp-content\/uploads\/2019\/07\/Serenatas2_17-1-1024x683.jpeg 1024w, https:\/\/tucomarca.whitekongsoftware.com\/wp-content\/uploads\/2019\/07\/Serenatas2_17-1-300x200.jpeg 300w, https:\/\/tucomarca.whitekongsoftware.com\/wp-content\/uploads\/2019\/07\/Serenatas2_17-1-768x512.jpeg 768w\" sizes=\"auto, (max-width: 1024px) 100vw, 1024px\" \/><\/a>\n\t\t\t<\/div><\/figure><figure class='gallery-item'>\n\t\t\t<div class='gallery-icon landscape'>\n\t\t\t\t<a href='https:\/\/tucomarca.whitekongsoftware.com\/ca\/fotogaleria-la-banda-juvenil-la-lira-de-xest-i-la-banda-juvenil-la-familiar-de-benissano-comparteixen-escenari-en-les-serenates-2019\/serenatas2_15-2\/'><img loading=\"lazy\" decoding=\"async\" width=\"1024\" height=\"683\" src=\"https:\/\/tucomarca.whitekongsoftware.com\/wp-content\/uploads\/2019\/07\/Serenatas2_15-1024x683.jpeg\" class=\"attachment-large size-large\" alt=\"\" srcset=\"https:\/\/tucomarca.whitekongsoftware.com\/wp-content\/uploads\/2019\/07\/Serenatas2_15-1024x683.jpeg 1024w, https:\/\/tucomarca.whitekongsoftware.com\/wp-content\/uploads\/2019\/07\/Serenatas2_15-300x200.jpeg 300w, https:\/\/tucomarca.whitekongsoftware.com\/wp-content\/uploads\/2019\/07\/Serenatas2_15-768x512.jpeg 768w\" sizes=\"auto, (max-width: 1024px) 100vw, 1024px\" \/><\/a>\n\t\t\t<\/div><\/figure><figure class='gallery-item'>\n\t\t\t<div class='gallery-icon landscape'>\n\t\t\t\t<a href='https:\/\/tucomarca.whitekongsoftware.com\/ca\/fotogaleria-la-banda-juvenil-la-lira-de-xest-i-la-banda-juvenil-la-familiar-de-benissano-comparteixen-escenari-en-les-serenates-2019\/serenatas2_14-2\/'><img loading=\"lazy\" decoding=\"async\" width=\"1024\" height=\"683\" src=\"https:\/\/tucomarca.whitekongsoftware.com\/wp-content\/uploads\/2019\/07\/Serenatas2_14-1024x683.jpeg\" class=\"attachment-large size-large\" alt=\"\" srcset=\"https:\/\/tucomarca.whitekongsoftware.com\/wp-content\/uploads\/2019\/07\/Serenatas2_14-1024x683.jpeg 1024w, https:\/\/tucomarca.whitekongsoftware.com\/wp-content\/uploads\/2019\/07\/Serenatas2_14-300x200.jpeg 300w, https:\/\/tucomarca.whitekongsoftware.com\/wp-content\/uploads\/2019\/07\/Serenatas2_14-768x512.jpeg 768w\" sizes=\"auto, (max-width: 1024px) 100vw, 1024px\" \/><\/a>\n\t\t\t<\/div><\/figure><figure class='gallery-item'>\n\t\t\t<div class='gallery-icon landscape'>\n\t\t\t\t<a href='https:\/\/tucomarca.whitekongsoftware.com\/ca\/fotogaleria-la-banda-juvenil-la-lira-de-xest-i-la-banda-juvenil-la-familiar-de-benissano-comparteixen-escenari-en-les-serenates-2019\/serenatas2_8-2\/'><img loading=\"lazy\" decoding=\"async\" width=\"1024\" height=\"683\" src=\"https:\/\/tucomarca.whitekongsoftware.com\/wp-content\/uploads\/2019\/07\/Serenatas2_8-1024x683.jpeg\" class=\"attachment-large size-large\" alt=\"\" srcset=\"https:\/\/tucomarca.whitekongsoftware.com\/wp-content\/uploads\/2019\/07\/Serenatas2_8-1024x683.jpeg 1024w, https:\/\/tucomarca.whitekongsoftware.com\/wp-content\/uploads\/2019\/07\/Serenatas2_8-300x200.jpeg 300w, https:\/\/tucomarca.whitekongsoftware.com\/wp-content\/uploads\/2019\/07\/Serenatas2_8-768x512.jpeg 768w\" sizes=\"auto, (max-width: 1024px) 100vw, 1024px\" \/><\/a>\n\t\t\t<\/div><\/figure><figure class='gallery-item'>\n\t\t\t<div class='gallery-icon landscape'>\n\t\t\t\t<a href='https:\/\/tucomarca.whitekongsoftware.com\/ca\/fotogaleria-la-banda-juvenil-la-lira-de-xest-i-la-banda-juvenil-la-familiar-de-benissano-comparteixen-escenari-en-les-serenates-2019\/serenatas2_7-2\/'><img loading=\"lazy\" decoding=\"async\" width=\"1024\" height=\"683\" src=\"https:\/\/tucomarca.whitekongsoftware.com\/wp-content\/uploads\/2019\/07\/Serenatas2_7-1024x683.jpeg\" class=\"attachment-large size-large\" alt=\"\" srcset=\"https:\/\/tucomarca.whitekongsoftware.com\/wp-content\/uploads\/2019\/07\/Serenatas2_7-1024x683.jpeg 1024w, https:\/\/tucomarca.whitekongsoftware.com\/wp-content\/uploads\/2019\/07\/Serenatas2_7-300x200.jpeg 300w, https:\/\/tucomarca.whitekongsoftware.com\/wp-content\/uploads\/2019\/07\/Serenatas2_7-768x512.jpeg 768w\" sizes=\"auto, (max-width: 1024px) 100vw, 1024px\" \/><\/a>\n\t\t\t<\/div><\/figure><figure class='gallery-item'>\n\t\t\t<div class='gallery-icon landscape'>\n\t\t\t\t<a href='https:\/\/tucomarca.whitekongsoftware.com\/ca\/fotogaleria-la-banda-juvenil-la-lira-de-xest-i-la-banda-juvenil-la-familiar-de-benissano-comparteixen-escenari-en-les-serenates-2019\/serenatas2_6-2\/'><img loading=\"lazy\" decoding=\"async\" width=\"1024\" height=\"683\" src=\"https:\/\/tucomarca.whitekongsoftware.com\/wp-content\/uploads\/2019\/07\/Serenatas2_6-1024x683.jpeg\" class=\"attachment-large size-large\" alt=\"\" srcset=\"https:\/\/tucomarca.whitekongsoftware.com\/wp-content\/uploads\/2019\/07\/Serenatas2_6-1024x683.jpeg 1024w, https:\/\/tucomarca.whitekongsoftware.com\/wp-content\/uploads\/2019\/07\/Serenatas2_6-300x200.jpeg 300w, https:\/\/tucomarca.whitekongsoftware.com\/wp-content\/uploads\/2019\/07\/Serenatas2_6-768x512.jpeg 768w\" sizes=\"auto, (max-width: 1024px) 100vw, 1024px\" \/><\/a>\n\t\t\t<\/div><\/figure><figure class='gallery-item'>\n\t\t\t<div class='gallery-icon landscape'>\n\t\t\t\t<a href='https:\/\/tucomarca.whitekongsoftware.com\/ca\/fotogaleria-la-banda-juvenil-la-lira-de-xest-i-la-banda-juvenil-la-familiar-de-benissano-comparteixen-escenari-en-les-serenates-2019\/serenatas2_4-2\/'><img loading=\"lazy\" decoding=\"async\" width=\"1024\" height=\"683\" src=\"https:\/\/tucomarca.whitekongsoftware.com\/wp-content\/uploads\/2019\/07\/Serenatas2_4-1024x683.jpeg\" class=\"attachment-large size-large\" alt=\"\" srcset=\"https:\/\/tucomarca.whitekongsoftware.com\/wp-content\/uploads\/2019\/07\/Serenatas2_4-1024x683.jpeg 1024w, https:\/\/tucomarca.whitekongsoftware.com\/wp-content\/uploads\/2019\/07\/Serenatas2_4-300x200.jpeg 300w, https:\/\/tucomarca.whitekongsoftware.com\/wp-content\/uploads\/2019\/07\/Serenatas2_4-768x512.jpeg 768w\" sizes=\"auto, (max-width: 1024px) 100vw, 1024px\" \/><\/a>\n\t\t\t<\/div><\/figure><figure class='gallery-item'>\n\t\t\t<div class='gallery-icon landscape'>\n\t\t\t\t<a href='https:\/\/tucomarca.whitekongsoftware.com\/ca\/fotogaleria-la-banda-juvenil-la-lira-de-xest-i-la-banda-juvenil-la-familiar-de-benissano-comparteixen-escenari-en-les-serenates-2019\/serenatas2_1-2\/'><img loading=\"lazy\" decoding=\"async\" width=\"1024\" height=\"683\" src=\"https:\/\/tucomarca.whitekongsoftware.com\/wp-content\/uploads\/2019\/07\/Serenatas2_1-1024x683.jpeg\" class=\"attachment-large size-large\" alt=\"\" srcset=\"https:\/\/tucomarca.whitekongsoftware.com\/wp-content\/uploads\/2019\/07\/Serenatas2_1-1024x683.jpeg 1024w, https:\/\/tucomarca.whitekongsoftware.com\/wp-content\/uploads\/2019\/07\/Serenatas2_1-300x200.jpeg 300w, https:\/\/tucomarca.whitekongsoftware.com\/wp-content\/uploads\/2019\/07\/Serenatas2_1-768x512.jpeg 768w\" sizes=\"auto, (max-width: 1024px) 100vw, 1024px\" \/><\/a>\n\t\t\t<\/div><\/figure>\n\t\t<\/div>\n\n<\/div>\n","protected":false},"excerpt":{"rendered":"<div class=\"mh-excerpt\">Mart\u00ednez Ruiz i la Societat Musical &#8220;La Familiar&#8221; de Benissan\u00f3, a c\u00e0rrec d&#8217;Iv\u00e1n Serra Castell\u00e0, van oferir un concert a l&#8217;aire lliure integrat a la XVI campanya de Concerts d&#8217;Intercanvis musicals promoguda per la Federaci\u00f3 <a class=\"mh-excerpt-more\" href=\"https:\/\/tucomarca.whitekongsoftware.com\/ca\/fotogaleria-la-banda-juvenil-la-lira-de-xest-i-la-banda-juvenil-la-familiar-de-benissano-comparteixen-escenari-en-les-serenates-2019\/\" title=\"Fotogaleria: la Banda juvenil &#8220;La Lira&#8221; de Xest i la Banda juvenil &#8220;La Familiar&#8221; de Benissan\u00f3 comparteixen escenari en les Serenates 2019\">[+] <\/a><\/div>\n","protected":false},"author":1,"featured_media":88514,"comment_status":"open","ping_status":"open","sticky":false,"template":"","format":"standard","meta":{"footnotes":""},"categories":[11005,10912,11007,10896,10974],"tags":[11071,11109],"class_list":["post-88516","post","type-post","status-publish","format-standard","has-post-thumbnail","category-canal-musica","category-la-hoya-ca","category-ocio-y-cultura-ca","category-seccion-ca","category-cheste-ca","tag-cheste","tag-xest"],"_links":{"self":[{"href":"https:\/\/tucomarca.whitekongsoftware.com\/ca\/wp-json\/wp\/v2\/posts\/88516","targetHints":{"allow":["GET"]}}],"collection":[{"href":"https:\/\/tucomarca.whitekongsoftware.com\/ca\/wp-json\/wp\/v2\/posts"}],"about":[{"href":"https:\/\/tucomarca.whitekongsoftware.com\/ca\/wp-json\/wp\/v2\/types\/post"}],"author":[{"embeddable":true,"href":"https:\/\/tucomarca.whitekongsoftware.com\/ca\/wp-json\/wp\/v2\/users\/1"}],"replies":[{"embeddable":true,"href":"https:\/\/tucomarca.whitekongsoftware.com\/ca\/wp-json\/wp\/v2\/comments?post=88516"}],"version-history":[{"count":0,"href":"https:\/\/tucomarca.whitekongsoftware.com\/ca\/wp-json\/wp\/v2\/posts\/88516\/revisions"}],"wp:featuredmedia":[{"embeddable":true,"href":"https:\/\/tucomarca.whitekongsoftware.com\/ca\/wp-json\/wp\/v2\/media\/88514"}],"wp:attachment":[{"href":"https:\/\/tucomarca.whitekongsoftware.com\/ca\/wp-json\/wp\/v2\/media?parent=88516"}],"wp:term":[{"taxonomy":"category","embeddable":true,"href":"https:\/\/tucomarca.whitekongsoftware.com\/ca\/wp-json\/wp\/v2\/categories?post=88516"},{"taxonomy":"post_tag","embeddable":true,"href":"https:\/\/tucomarca.whitekongsoftware.com\/ca\/wp-json\/wp\/v2\/tags?post=88516"}],"curies":[{"name":"wp","href":"https:\/\/api.w.org\/{rel}","templated":true}]}}