{"id":88510,"date":"2019-07-02T13:55:57","date_gmt":"2019-07-02T11:55:57","guid":{"rendered":"http:\/\/www.tucomarca.com\/wordpress\/segunda\/?p=88510"},"modified":"2019-07-02T13:55:57","modified_gmt":"2019-07-02T11:55:57","slug":"lajuntament-de-requena-incorpora-16-joves-estudiants-per-treballar-i-formar-se-gracies-a-la-dipu-et-beca","status":"publish","type":"post","link":"https:\/\/tucomarca.whitekongsoftware.com\/ca\/lajuntament-de-requena-incorpora-16-joves-estudiants-per-treballar-i-formar-se-gracies-a-la-dipu-et-beca\/","title":{"rendered":"L&#8217;ajuntament de Requena incorpora 16 joves estudiants per treballar i formar-se gr\u00e0cies a &#8220;La Dipu Et Beca&#8221;"},"content":{"rendered":"<figure id=\"attachment_88503\" aria-describedby=\"caption-attachment-88503\" style=\"width: 539px\" class=\"wp-caption alignnone\"><img loading=\"lazy\" decoding=\"async\" class=\" wp-image-88503\" src=\"http:\/\/www.tucomarca.com\/wordpress\/segunda\/wp-content\/uploads\/2019\/07\/DiputebecaRequena.jpg\" alt=\"Las becas est\u00e1n dotadas con 500 euros mensuales .\" width=\"539\" height=\"405\" srcset=\"https:\/\/tucomarca.whitekongsoftware.com\/wp-content\/uploads\/2019\/07\/DiputebecaRequena.jpg 1599w, https:\/\/tucomarca.whitekongsoftware.com\/wp-content\/uploads\/2019\/07\/DiputebecaRequena-300x225.jpg 300w, https:\/\/tucomarca.whitekongsoftware.com\/wp-content\/uploads\/2019\/07\/DiputebecaRequena-768x576.jpg 768w, https:\/\/tucomarca.whitekongsoftware.com\/wp-content\/uploads\/2019\/07\/DiputebecaRequena-1024x768.jpg 1024w\" sizes=\"auto, (max-width: 539px) 100vw, 539px\" \/><figcaption id=\"caption-attachment-88503\" class=\"wp-caption-text\">Les beques estan dotades amb 500 euros mensuals.<\/figcaption><\/figure>\n<p>El consistori requenense ha rebut els 16 nous estudiants que se sumen aquest estiu al programa de formaci\u00f3 de &#8220;La Dipu Et Beca&#8221; que any rere any promou la Diputaci\u00f3 de Val\u00e8ncia en tots els municipis de la Comunitat Valenciana, incloent Requena.<\/p>\n<p>Cal destacar a m\u00e9s que les beques estan dotades amb una quantia econ\u00f2mica de 500 euros mensuals. La Beca est\u00e0 finan\u00e7ada en un 80% per la Diputaci\u00f3 Provincial de Val\u00e8ncia, i en un 20% pel consistori d&#8217;aquesta localitat. El per\u00edode de duraci\u00f3 de les beques ser\u00e0 de dos mesos, comen\u00e7ant avui 1 de juliol de 2019 i finalitzant el proper 31 d&#8217;agost d&#8217;aquest mateix any.<\/p>\n<p>L&#8217;objectiu del programa \u00e9s ajudar a joves estudiants perqu\u00e8 puguin fer pr\u00e0ctiques i completar la seva formaci\u00f3, amb una ajuda econ\u00f2mica que tamb\u00e9 puguin utilitzar durant el curs.<\/p>\n","protected":false},"excerpt":{"rendered":"<div class=\"mh-excerpt\">El consistori requenense ha rebut els 16 nous estudiants que se sumen aquest estiu al programa de formaci\u00f3 de &#8220;La Dipu Et Beca&#8221; que any rere any promou la Diputaci\u00f3 de Val\u00e8ncia en tots els <a class=\"mh-excerpt-more\" href=\"https:\/\/tucomarca.whitekongsoftware.com\/ca\/lajuntament-de-requena-incorpora-16-joves-estudiants-per-treballar-i-formar-se-gracies-a-la-dipu-et-beca\/\" title=\"L&#8217;ajuntament de Requena incorpora 16 joves estudiants per treballar i formar-se gr\u00e0cies a &#8220;La Dipu Et Beca&#8221;\">[+] <\/a><\/div>\n","protected":false},"author":1,"featured_media":88504,"comment_status":"open","ping_status":"open","sticky":false,"template":"","format":"standard","meta":{"footnotes":""},"categories":[10894,10908,10909,10896],"tags":[10910],"class_list":["post-88510","post","type-post","status-publish","format-standard","has-post-thumbnail","category-la-comarca-ca","category-requena-ca","category-requena-utiel-ca","category-seccion-ca","tag-requena-utiel-ca"],"_links":{"self":[{"href":"https:\/\/tucomarca.whitekongsoftware.com\/ca\/wp-json\/wp\/v2\/posts\/88510","targetHints":{"allow":["GET"]}}],"collection":[{"href":"https:\/\/tucomarca.whitekongsoftware.com\/ca\/wp-json\/wp\/v2\/posts"}],"about":[{"href":"https:\/\/tucomarca.whitekongsoftware.com\/ca\/wp-json\/wp\/v2\/types\/post"}],"author":[{"embeddable":true,"href":"https:\/\/tucomarca.whitekongsoftware.com\/ca\/wp-json\/wp\/v2\/users\/1"}],"replies":[{"embeddable":true,"href":"https:\/\/tucomarca.whitekongsoftware.com\/ca\/wp-json\/wp\/v2\/comments?post=88510"}],"version-history":[{"count":0,"href":"https:\/\/tucomarca.whitekongsoftware.com\/ca\/wp-json\/wp\/v2\/posts\/88510\/revisions"}],"wp:featuredmedia":[{"embeddable":true,"href":"https:\/\/tucomarca.whitekongsoftware.com\/ca\/wp-json\/wp\/v2\/media\/88504"}],"wp:attachment":[{"href":"https:\/\/tucomarca.whitekongsoftware.com\/ca\/wp-json\/wp\/v2\/media?parent=88510"}],"wp:term":[{"taxonomy":"category","embeddable":true,"href":"https:\/\/tucomarca.whitekongsoftware.com\/ca\/wp-json\/wp\/v2\/categories?post=88510"},{"taxonomy":"post_tag","embeddable":true,"href":"https:\/\/tucomarca.whitekongsoftware.com\/ca\/wp-json\/wp\/v2\/tags?post=88510"}],"curies":[{"name":"wp","href":"https:\/\/api.w.org\/{rel}","templated":true}]}}