{"id":88226,"date":"2019-06-30T12:00:21","date_gmt":"2019-06-30T10:00:21","guid":{"rendered":"http:\/\/www.tucomarca.com\/wordpress\/segunda\/?p=88226"},"modified":"2019-06-30T12:00:21","modified_gmt":"2019-06-30T10:00:21","slug":"sanitat-mante-per-a-aquest-dissabte-lalerta-per-calor-alt-en-zones-de-set-comarques-de-la-comunitat-valenciana","status":"publish","type":"post","link":"https:\/\/tucomarca.whitekongsoftware.com\/ca\/sanitat-mante-per-a-aquest-dissabte-lalerta-per-calor-alt-en-zones-de-set-comarques-de-la-comunitat-valenciana\/","title":{"rendered":"Sanitat mant\u00e9 per a aquest dissabte l&#8217;alerta per calor alt en zones de set comarques de la Comunitat Valenciana"},"content":{"rendered":"<div class=\"\">\n<figure id=\"attachment_57377\" aria-describedby=\"caption-attachment-57377\" style=\"width: 406px\" class=\"wp-caption alignleft\"><img loading=\"lazy\" decoding=\"async\" class=\" wp-image-57377\" src=\"http:\/\/www.tucomarca.com\/wordpress\/segunda\/wp-content\/uploads\/2017\/06\/termometro.jpg\" alt=\"Altas temperaturas.\" width=\"406\" height=\"228\" srcset=\"https:\/\/tucomarca.whitekongsoftware.com\/wp-content\/uploads\/2017\/06\/termometro.jpg 644w, https:\/\/tucomarca.whitekongsoftware.com\/wp-content\/uploads\/2017\/06\/termometro-300x169.jpg 300w\" sizes=\"auto, (max-width: 406px) 100vw, 406px\" \/><figcaption id=\"caption-attachment-57377\" class=\"wp-caption-text\">Altes temperatures.<\/figcaption><\/figure>\n<p>Es recomana evitar sortir al carrer en les hores m\u00e9s caloroses del dia, utilitzar roba ampla i lleugera i protegir el cap amb una gorra<\/p>\n<p>S&#8217;aconsella beure for\u00e7a aigua i amb freq\u00fc\u00e8ncia, evitar l&#8217;alcohol, les begudes amb molta cafe\u00efna i els menjars abundants i calentes<\/p>\n<p>La Conselleria de Sanitat Universal i Salut P\u00fablica, segons les prediccions del Centre d&#8217;Estudis Ambientals del Mediterrani (CEAM), mant\u00e9 per a aquest dissabte l&#8217;alerta sanit\u00e0ria per nivell taronja en zones de set comarques de la Comunitat Valenciana.<\/p>\n<p>Les zones climatol\u00f2giques en alerta per calor s\u00f3n les denominades 1 i 7, que corresponen a zones de les comarques de l&#8217;Alcalat\u00e9n, Els Ports, Alt Maestrat, Baix Maestrat, la Plana Baixa, l&#8217;Alt Millars i la Vall d&#8217;Aiora.<\/p>\n<p>Les poblacions que corresponen a la zona climatol\u00f2gica 1 s\u00f3n Vistabella del Maestrat, Morella, Castellfort, Vilafranca, Ares del Maestrat, Benafigos, Benassal, Castell de Cabres, Xodos, Cinctorres, Culla, Forcall, Herbes, La Mata de Morella, La Pobla de Benifass\u00e0, Olocau del Rei, Palanques, Portell de Morella, Todolella, Vallibona, Villores i Sorita.<\/p>\n<p>Aix\u00ed mateix, les poblacions que corresponen a la zona climatol\u00f2gica 7 s\u00f3n Eslida, Ain, Alcudia de Veo, Argelita, Artana, Ay\u00f3dar, Cirat, Espadella, Fanzara, Fonts d&#8217;Ay\u00f3dar, Llucena, Ludiente, Suera, Tales, Toga, Torralba de la pineda, Torrechiva, Vallat i Villamalur.<br \/>\nEls municipis compresos en cada zona es troben detallats a l&#8217;enlla\u00e7 seg\u00fcent: http:\/\/www.ceam.es\/ceamet\/val\/temperatura\/infozonas.html<\/p>\n<p><strong>Recomanacions davant la calor<\/strong><\/p>\n<p>En produir aquest augment de temperatures, s&#8217;han activat les mesures per a transmetre les recomanacions per prevenir els efectes de la calor en la salut, en els col\u00b7lectius m\u00e9s vulnerables, especialment persones grans, malalts cr\u00f2nics, persones socialment a\u00efllades, persones que treballen en ambients exposats al calor i nens.<\/p>\n<p>Es recomana evitar sortir al carrer en les hores m\u00e9s caloroses del dia; tamb\u00e9 es recomana utilitzar roba ampla, lleugera i de colors clars i protegir el cap amb una gorra o barret.<\/p>\n<p>A la llar s&#8217;aconsella tancar les persianes i baixar els tendals a les fa\u00e7anes exposades al sol, i situar-se en les zones m\u00e9s fresques de la casa.<\/p>\n<p>Finalment, s&#8217;insta la poblaci\u00f3 a beure for\u00e7a aigua i amb freq\u00fc\u00e8ncia, encara que no es tingui set; evitar l&#8217;exc\u00e9s d&#8217;alcohol, les begudes amb molta cafe\u00efna i els menjars abundants i calentes i decantar-se per plats freds, fruites i verdures fresques. La Conselleria de Sanitat i Salut P\u00fablica detalla a la p\u00e0gina web www.san.gva.es\/ola-de-calor informaci\u00f3 sobre recomanacions per protegir la salut en cas de temperatures extremes.<\/p>\n<p><strong>Alertes sobre els nivells de calor<\/strong><\/p>\n<p>Des del CEAM di\u00e0riament s&#8217;estableix un mapa de riscos durant tres dies consecutius en qu\u00e8 s&#8217;indica el nivell de temperatura a les 28 zones termoclim\u00e1ticas que hi ha establertes a la Comunitat Valenciana. En aquest mapa s&#8217;indica el nivell verd, groc, taronja o vermell (normal, moderat, alt i extrem) que marcar\u00e0 un seguit d&#8217;actuacions i intervencions en salut en funci\u00f3 del risc.<\/p>\n<p>Per establir un av\u00eds d&#8217;intervenci\u00f3 en salut p\u00fablica les prediccions han de mantenir-se durant els dos primers dies, \u00e9s a dir nivell alt o extrem aquest dissabte i aquest diumenge. En aquest cas, des de la Conselleria de Sanitat s&#8217;alerta sobre el risc de temperatures elevades i s&#8217;ofereix informaci\u00f3 sobre consells i mesures preventives que cal adoptar.<\/p>\n<\/div>\n<div class=\"\"><\/div>\n","protected":false},"excerpt":{"rendered":"<div class=\"mh-excerpt\">Es recomana evitar sortir al carrer en les hores m\u00e9s caloroses del dia, utilitzar roba ampla i lleugera i protegir el cap amb una gorra S&#8217;aconsella beure for\u00e7a aigua i amb freq\u00fc\u00e8ncia, evitar l&#8217;alcohol, les <a class=\"mh-excerpt-more\" href=\"https:\/\/tucomarca.whitekongsoftware.com\/ca\/sanitat-mante-per-a-aquest-dissabte-lalerta-per-calor-alt-en-zones-de-set-comarques-de-la-comunitat-valenciana\/\" title=\"Sanitat mant\u00e9 per a aquest dissabte l&#8217;alerta per calor alt en zones de set comarques de la Comunitat Valenciana\">[+] <\/a><\/div>\n","protected":false},"author":2,"featured_media":71049,"comment_status":"open","ping_status":"open","sticky":false,"template":"","format":"standard","meta":{"footnotes":""},"categories":[10898,10894,10904,10903,10896],"tags":[11497,11716],"class_list":["post-88226","post","type-post","status-publish","format-standard","has-post-thumbnail","category-ventana-ca","category-la-comarca-ca","category-sin-categorizar-ca","category-medio-ambiente-la-comarca-ca","category-seccion-ca","tag-comunitat-valenciana-ca","tag-ola-de-calor-ca"],"_links":{"self":[{"href":"https:\/\/tucomarca.whitekongsoftware.com\/ca\/wp-json\/wp\/v2\/posts\/88226","targetHints":{"allow":["GET"]}}],"collection":[{"href":"https:\/\/tucomarca.whitekongsoftware.com\/ca\/wp-json\/wp\/v2\/posts"}],"about":[{"href":"https:\/\/tucomarca.whitekongsoftware.com\/ca\/wp-json\/wp\/v2\/types\/post"}],"author":[{"embeddable":true,"href":"https:\/\/tucomarca.whitekongsoftware.com\/ca\/wp-json\/wp\/v2\/users\/2"}],"replies":[{"embeddable":true,"href":"https:\/\/tucomarca.whitekongsoftware.com\/ca\/wp-json\/wp\/v2\/comments?post=88226"}],"version-history":[{"count":0,"href":"https:\/\/tucomarca.whitekongsoftware.com\/ca\/wp-json\/wp\/v2\/posts\/88226\/revisions"}],"wp:featuredmedia":[{"embeddable":true,"href":"https:\/\/tucomarca.whitekongsoftware.com\/ca\/wp-json\/wp\/v2\/media\/71049"}],"wp:attachment":[{"href":"https:\/\/tucomarca.whitekongsoftware.com\/ca\/wp-json\/wp\/v2\/media?parent=88226"}],"wp:term":[{"taxonomy":"category","embeddable":true,"href":"https:\/\/tucomarca.whitekongsoftware.com\/ca\/wp-json\/wp\/v2\/categories?post=88226"},{"taxonomy":"post_tag","embeddable":true,"href":"https:\/\/tucomarca.whitekongsoftware.com\/ca\/wp-json\/wp\/v2\/tags?post=88226"}],"curies":[{"name":"wp","href":"https:\/\/api.w.org\/{rel}","templated":true}]}}