{"id":88035,"date":"2019-06-22T10:56:43","date_gmt":"2019-06-22T08:56:43","guid":{"rendered":"http:\/\/www.tucomarca.com\/wordpress\/segunda\/?p=88035"},"modified":"2019-06-22T10:56:43","modified_gmt":"2019-06-22T08:56:43","slug":"try-valencia-experiencies-turistiques-per-a-gaudir-el-territori-amb-tots-els-sentits","status":"publish","type":"post","link":"https:\/\/tucomarca.whitekongsoftware.com\/ca\/try-valencia-experiencies-turistiques-per-a-gaudir-el-territori-amb-tots-els-sentits\/","title":{"rendered":"\u00abTry Val\u00e8ncia\u00bb: Experi\u00e8ncies tur\u00edstiques per a gaudir el territori amb tots els sentits"},"content":{"rendered":"<figure id=\"attachment_88032\" aria-describedby=\"caption-attachment-88032\" style=\"width: 586px\" class=\"wp-caption alignnone\"><img loading=\"lazy\" decoding=\"async\" class=\" wp-image-88032\" src=\"http:\/\/www.tucomarca.com\/wordpress\/segunda\/wp-content\/uploads\/2019\/06\/ValenciaTurisme.jpg\" alt=\"Una oferta tur\u00edstica ordenada i sostenible que acosta a espais naturals \u00fanics.\" width=\"586\" height=\"438\" srcset=\"https:\/\/tucomarca.whitekongsoftware.com\/wp-content\/uploads\/2019\/06\/ValenciaTurisme.jpg 4032w, https:\/\/tucomarca.whitekongsoftware.com\/wp-content\/uploads\/2019\/06\/ValenciaTurisme-300x224.jpg 300w, https:\/\/tucomarca.whitekongsoftware.com\/wp-content\/uploads\/2019\/06\/ValenciaTurisme-768x574.jpg 768w, https:\/\/tucomarca.whitekongsoftware.com\/wp-content\/uploads\/2019\/06\/ValenciaTurisme-1024x766.jpg 1024w\" sizes=\"auto, (max-width: 586px) 100vw, 586px\" \/><figcaption id=\"caption-attachment-88032\" class=\"wp-caption-text\">Una oferta tur\u00edstica ordenada i sostenible que acosta a espais naturals \u00fanics.<\/figcaption><\/figure>\n<p>Val\u00e8ncia \u00e9s un territori singular, un lloc on gaudir d&#8217;experi\u00e8ncies i moments \u00fanics a tots els nivells.<\/p>\n<p>La seua capital i les seues comarques formen un espai geogr\u00e0fic i experiencial amb arrels pr\u00f2pies, peculiars, que han donat pas a una manera de viure i aprofitar eixos \u00abinstants\u00bb que busquem cada vegada m\u00e9s, d&#8217;una manera diferent, en la nostra cont\u00ednua cerca de la felicitat.<\/p>\n<p>\u00c9s el clima, el paisatge visual i l&#8217;entorn monumental (fruit d&#8217;uns productes alimentaris aut\u00f2ctons que han generat una forma de vida i una gastronomia especials), la llibertat de ser i estar\u2026 Un conjunt d&#8217;elements que actualment configuren Val\u00e8ncia com una destinaci\u00f3 a la qual arribar i quedar-se, una destinaci\u00f3 per a gaudir a trav\u00e9s de m\u00faltiples opcions per a no perdre&#8217;s res.<\/p>\n<p>Val\u00e8ncia Turisme ofereix eixes \u00abexperi\u00e8ncies\u00bb precises per a entendre un territori, un lloc, una elecci\u00f3 tur\u00edstica. Des de l&#8217;aprofitament dels recursos propis, locals, proposa al visitant gaudir de la singularitat valenciana mitjan\u00e7ant uns productes tur\u00edstics resultat d&#8217;una gesti\u00f3 de qualitat, professional i amb condicions de sostenibilitat, factors que en definitiva remeten a l&#8217;excel\u00b7l\u00e8ncia.<\/p>\n<p>Una oferta tur\u00edstica ordenada i sostenible que acosta a espais naturals \u00fanics, aliments de proximitat l&#8217;elaboraci\u00f3 actual de la qual permet tastar i gaudir d&#8217;una gastronomia reconeguda als m\u00e9s alts nivells i una labor callada que pret\u00e9n ampliar i posar en valor l&#8217;oferta existent i creada al voltant de Val\u00e8ncia, a les seues comarques, unint aix\u00ed la destinaci\u00f3 priorit\u00e0ria amb tot el seu entorn.<\/p>\n<p>Son centenars de possibles i variades propostes que un pot gaudir nom\u00e9s amb una pres\u00e8ncia pr\u00f2pia en el territori valenciano.<\/p>\n<p>Des d&#8217;un recorregut aeri fascinant que posa color, olor i sensaci\u00f3 al territori valenci\u00e0 en la buc\u00f2lica cistella d&#8217;un globus aerost\u00e0tic fins a experi\u00e8ncies gastron\u00f2miques singulars Del Tros al Plat o la visita de plat\u00f3s cinematogr\u00e0fics naturals de la m\u00e0 de Film Val\u00e8ncia. Tamb\u00e9, la pr\u00e0ctica del cicloturisme per infinits senderes i camins, del caiac fluvial i incl\u00fas una activitat com Birds &amp; Wine, que combina l&#8217;albirament i l&#8217;observaci\u00f3 d&#8217;ocells amb la degustaci\u00f3 de vins valencians, entre m\u00faltiples productes tur\u00edstics relacionats amb la gastronomia, les destinacions singulars, el patrimoni, les festes, la cultura i la naturalesa.<\/p>\n<p>Es tracta, doncs, d&#8217;un complet cat\u00e0leg de realitats possibles, sorgides de la col\u00b7laboraci\u00f3 institucional i tamb\u00e9 amb empreses locals. Propostes que donen arguments a l&#8217;esl\u00f2gan Try Val\u00e8ncia que Val\u00e8ncia Turisme promociona enguany per a captar l&#8217;atenci\u00f3 del turista o visitant cap a l&#8217;elecci\u00f3 d&#8217;una experi\u00e8ncia valenciana.<\/p>\n<p>En definitiva, Try Val\u00e8ncia \u00e9s una clara aposta per nous i originals productes tur\u00edstics, allunyats del convencional per a atraure i fidelitzar visitants, de tota mena, gents que venen al territori valenci\u00e0.<\/p>\n","protected":false},"excerpt":{"rendered":"<div class=\"mh-excerpt\">Val\u00e8ncia \u00e9s un territori singular, un lloc on gaudir d&#8217;experi\u00e8ncies i moments \u00fanics a tots els nivells. La seua capital i les seues comarques formen un espai geogr\u00e0fic i experiencial amb arrels pr\u00f2pies, peculiars, que <a class=\"mh-excerpt-more\" href=\"https:\/\/tucomarca.whitekongsoftware.com\/ca\/try-valencia-experiencies-turistiques-per-a-gaudir-el-territori-amb-tots-els-sentits\/\" title=\"\u00abTry Val\u00e8ncia\u00bb: Experi\u00e8ncies tur\u00edstiques per a gaudir el territori amb tots els sentits\">[+] <\/a><\/div>\n","protected":false},"author":1,"featured_media":88033,"comment_status":"open","ping_status":"open","sticky":false,"template":"","format":"standard","meta":{"footnotes":""},"categories":[10898,10894,10904,11007,10895,10896],"tags":[11404],"class_list":["post-88035","post","type-post","status-publish","format-standard","has-post-thumbnail","category-ventana-ca","category-la-comarca-ca","category-sin-categorizar-ca","category-ocio-y-cultura-ca","category-premsavalenciana-ca","category-seccion-ca","tag-valencia-turisme-ca"],"_links":{"self":[{"href":"https:\/\/tucomarca.whitekongsoftware.com\/ca\/wp-json\/wp\/v2\/posts\/88035","targetHints":{"allow":["GET"]}}],"collection":[{"href":"https:\/\/tucomarca.whitekongsoftware.com\/ca\/wp-json\/wp\/v2\/posts"}],"about":[{"href":"https:\/\/tucomarca.whitekongsoftware.com\/ca\/wp-json\/wp\/v2\/types\/post"}],"author":[{"embeddable":true,"href":"https:\/\/tucomarca.whitekongsoftware.com\/ca\/wp-json\/wp\/v2\/users\/1"}],"replies":[{"embeddable":true,"href":"https:\/\/tucomarca.whitekongsoftware.com\/ca\/wp-json\/wp\/v2\/comments?post=88035"}],"version-history":[{"count":0,"href":"https:\/\/tucomarca.whitekongsoftware.com\/ca\/wp-json\/wp\/v2\/posts\/88035\/revisions"}],"wp:featuredmedia":[{"embeddable":true,"href":"https:\/\/tucomarca.whitekongsoftware.com\/ca\/wp-json\/wp\/v2\/media\/88033"}],"wp:attachment":[{"href":"https:\/\/tucomarca.whitekongsoftware.com\/ca\/wp-json\/wp\/v2\/media?parent=88035"}],"wp:term":[{"taxonomy":"category","embeddable":true,"href":"https:\/\/tucomarca.whitekongsoftware.com\/ca\/wp-json\/wp\/v2\/categories?post=88035"},{"taxonomy":"post_tag","embeddable":true,"href":"https:\/\/tucomarca.whitekongsoftware.com\/ca\/wp-json\/wp\/v2\/tags?post=88035"}],"curies":[{"name":"wp","href":"https:\/\/api.w.org\/{rel}","templated":true}]}}