{"id":88023,"date":"2019-06-26T13:18:45","date_gmt":"2019-06-26T11:18:45","guid":{"rendered":"http:\/\/www.tucomarca.com\/wordpress\/segunda\/?p=88023"},"modified":"2019-06-26T13:18:45","modified_gmt":"2019-06-26T11:18:45","slug":"carmen-marzo-belda-ja-es-formalment-la-reina-de-les-festes-2019-2020-despres-de-signar-lacta-de-proclamacio","status":"publish","type":"post","link":"https:\/\/tucomarca.whitekongsoftware.com\/ca\/carmen-marzo-belda-ja-es-formalment-la-reina-de-les-festes-2019-2020-despres-de-signar-lacta-de-proclamacio\/","title":{"rendered":"Carmen Marzo Belda ja \u00e9s formalment la Reina de les Festes 2019-2020, despr\u00e9s de signar l&#8217;acta de proclamaci\u00f3"},"content":{"rendered":"<figure id=\"attachment_88016\" aria-describedby=\"caption-attachment-88016\" style=\"width: 471px\" class=\"wp-caption alignleft\"><img loading=\"lazy\" decoding=\"async\" class=\" wp-image-88016\" src=\"http:\/\/www.tucomarca.com\/wordpress\/segunda\/wp-content\/uploads\/2019\/06\/PHOTO-2019-06-21-15-20-43.jpg\" alt=\"Carmen junto a la alcaldesa y algunos miembros de la Comisi\u00f3n de Fiestas.\" width=\"471\" height=\"353\" srcset=\"https:\/\/tucomarca.whitekongsoftware.com\/wp-content\/uploads\/2019\/06\/PHOTO-2019-06-21-15-20-43.jpg 1600w, https:\/\/tucomarca.whitekongsoftware.com\/wp-content\/uploads\/2019\/06\/PHOTO-2019-06-21-15-20-43-300x225.jpg 300w, https:\/\/tucomarca.whitekongsoftware.com\/wp-content\/uploads\/2019\/06\/PHOTO-2019-06-21-15-20-43-768x576.jpg 768w, https:\/\/tucomarca.whitekongsoftware.com\/wp-content\/uploads\/2019\/06\/PHOTO-2019-06-21-15-20-43-1024x768.jpg 1024w\" sizes=\"auto, (max-width: 471px) 100vw, 471px\" \/><figcaption id=\"caption-attachment-88016\" class=\"wp-caption-text\">Carme al costat a l&#8217;alcaldessa i alguns membres de la Comissi\u00f3 de Festes.<\/figcaption><\/figure>\n<p>Aquest mat\u00ed el despatx de l&#8217;alcaldessa, Juncal Carrascosa, ha estat el lloc de la signatura de proclamaci\u00f3 com a Reina de la Fira i Festes 2019-2020, de la jove bu\u00f1olense de dinou anys, Carmen mar\u00e7 Belda.<\/p>\n<p>En aquest moment tan emotiu, Carmen ha estat acompanyada per alguns membres de la Comissi\u00f3 de Festes. Despr\u00e9s d&#8217;aquesta firma Carmen ja \u00e9s formalment la nova Reina, i ser\u00e0 proclamada al costat de la seva cort d&#8217;honor a la revetlla de Sant Joan, que se celebrar\u00e0 diumenge que ve a partir de la 22 hores al Passeig de Borrunes.<\/p>\n<p><img loading=\"lazy\" decoding=\"async\" class=\"alignleft wp-image-88020\" src=\"http:\/\/www.tucomarca.com\/wordpress\/segunda\/wp-content\/uploads\/2019\/06\/PHOTO-2019-06-21-15-20-44-2.jpg\" alt=\"\" width=\"444\" height=\"592\" srcset=\"https:\/\/tucomarca.whitekongsoftware.com\/wp-content\/uploads\/2019\/06\/PHOTO-2019-06-21-15-20-44-2.jpg 1200w, https:\/\/tucomarca.whitekongsoftware.com\/wp-content\/uploads\/2019\/06\/PHOTO-2019-06-21-15-20-44-2-225x300.jpg 225w, https:\/\/tucomarca.whitekongsoftware.com\/wp-content\/uploads\/2019\/06\/PHOTO-2019-06-21-15-20-44-2-768x1024.jpg 768w, https:\/\/tucomarca.whitekongsoftware.com\/wp-content\/uploads\/2019\/06\/PHOTO-2019-06-21-15-20-44-2-1024x1365.jpg 1024w\" sizes=\"auto, (max-width: 444px) 100vw, 444px\" \/><\/p>\n","protected":false},"excerpt":{"rendered":"<div class=\"mh-excerpt\">Aquest mat\u00ed el despatx de l&#8217;alcaldessa, Juncal Carrascosa, ha estat el lloc de la signatura de proclamaci\u00f3 com a Reina de la Fira i Festes 2019-2020, de la jove bu\u00f1olense de dinou anys, Carmen mar\u00e7 <a class=\"mh-excerpt-more\" href=\"https:\/\/tucomarca.whitekongsoftware.com\/ca\/carmen-marzo-belda-ja-es-formalment-la-reina-de-les-festes-2019-2020-despres-de-signar-lacta-de-proclamacio\/\" title=\"Carmen Marzo Belda ja \u00e9s formalment la Reina de les Festes 2019-2020, despr\u00e9s de signar l&#8217;acta de proclamaci\u00f3\">[+] <\/a><\/div>\n","protected":false},"author":2,"featured_media":88017,"comment_status":"open","ping_status":"open","sticky":false,"template":"","format":"standard","meta":{"footnotes":""},"categories":[10911,10912,11008,10896],"tags":[10913],"class_list":["post-88023","post","type-post","status-publish","format-standard","has-post-thumbnail","category-bunol-ca","category-la-hoya-ca","category-pueblos-en-fiestas-ca","category-seccion-ca","tag-bunol-ca"],"_links":{"self":[{"href":"https:\/\/tucomarca.whitekongsoftware.com\/ca\/wp-json\/wp\/v2\/posts\/88023","targetHints":{"allow":["GET"]}}],"collection":[{"href":"https:\/\/tucomarca.whitekongsoftware.com\/ca\/wp-json\/wp\/v2\/posts"}],"about":[{"href":"https:\/\/tucomarca.whitekongsoftware.com\/ca\/wp-json\/wp\/v2\/types\/post"}],"author":[{"embeddable":true,"href":"https:\/\/tucomarca.whitekongsoftware.com\/ca\/wp-json\/wp\/v2\/users\/2"}],"replies":[{"embeddable":true,"href":"https:\/\/tucomarca.whitekongsoftware.com\/ca\/wp-json\/wp\/v2\/comments?post=88023"}],"version-history":[{"count":0,"href":"https:\/\/tucomarca.whitekongsoftware.com\/ca\/wp-json\/wp\/v2\/posts\/88023\/revisions"}],"wp:featuredmedia":[{"embeddable":true,"href":"https:\/\/tucomarca.whitekongsoftware.com\/ca\/wp-json\/wp\/v2\/media\/88017"}],"wp:attachment":[{"href":"https:\/\/tucomarca.whitekongsoftware.com\/ca\/wp-json\/wp\/v2\/media?parent=88023"}],"wp:term":[{"taxonomy":"category","embeddable":true,"href":"https:\/\/tucomarca.whitekongsoftware.com\/ca\/wp-json\/wp\/v2\/categories?post=88023"},{"taxonomy":"post_tag","embeddable":true,"href":"https:\/\/tucomarca.whitekongsoftware.com\/ca\/wp-json\/wp\/v2\/tags?post=88023"}],"curies":[{"name":"wp","href":"https:\/\/api.w.org\/{rel}","templated":true}]}}